{"id":964,"date":"2025-01-03T12:11:06","date_gmt":"2025-01-03T11:11:06","guid":{"rendered":"https:\/\/msc-werlte.de\/?p=964"},"modified":"2025-01-03T12:11:44","modified_gmt":"2025-01-03T11:11:44","slug":"adventsnachmittag-fuer-jung-und-alt-ein-fest-der-generationen","status":"publish","type":"post","link":"https:\/\/msc-werlte.de\/index.php\/adventsnachmittag-fuer-jung-und-alt-ein-fest-der-generationen\/","title":{"rendered":"Adventsnachmittag f\u00fcr Jung und Alt \u2013 Ein Fest der Generationen"},"content":{"rendered":"<p>Am 10. Dezember fand beim MSC Werlte der traditionelle Adventsnachmittag statt, bei dem die Jugendgruppe zum feierlichen Abschluss der Saison 2024 eingeladen wurde. In einer stimmungsvollen Adventsatmosph\u00e4re kamen junge Nachwuchstalente und in diesem neu auch die Senioren des Vereins zusammen, um ein Jahr voller sportlicher Erfolge und Erlebnisse zu feiern.<\/p>\n<p>&nbsp;<\/p>\n<p>Der H\u00f6hepunkt des Nachmittags war der Besuch des Nikolaus, der nicht nur f\u00fcr leuchtende Augen bei den Kindern sorgte, sondern auch die Leistungen des Jahres w\u00fcrdigte. Mit einer pers\u00f6nlichen Note begr\u00fc\u00dfte er jedes Nachwuchstalent namentlich, \u00fcberreichte Geschenke und hob die beeindruckenden Erfolge der jungen Motorsportler hervor. Seine Worte spiegelten den Stolz und die Anerkennung wider, die die Jugendlichen f\u00fcr ihr Engagement und ihre Leistungen verdienen.<\/p>\n<p>&nbsp;<\/p>\n<p>Besonders erfreulich war die Begegnung zwischen den j\u00fcngeren und \u00e4lteren Generationen. Die Senioren des Vereins waren begeistert von der Energie, dem Ehrgeiz und den F\u00e4higkeiten der jungen Motorsportler. Gleichzeitig nutzten sie die Gelegenheit, ihre Erfahrungen und Geschichten zu teilen, wodurch ein lebendiger Austausch zwischen Alt und Jung entstand. Beide Seiten profitierten von diesem besonderen Miteinander, das den Vereinsgeist des MSC Werlte eindrucksvoll unter Beweis stellte.<\/p>\n<p>&nbsp;<\/p>\n<p>Der Nachmittag war gepr\u00e4gt von Freude, Spa\u00df und einem herzlichen Miteinander. Bei hei\u00dfen Getr\u00e4nken, Geb\u00e4ck und angeregten Gespr\u00e4chen wurde der Adventszeit ein ganz besonderer Startschuss gegeben. Der MSC Werlte bedankt sich bei allen Teilnehmern f\u00fcr diesen wunderbaren Nachmittag.<\/p>\n<p>&nbsp;<\/p>\n<p>Mit diesem Fest blickt der MSC Werlte stolz auf das vergangene Jahr zur\u00fcck und freut sich auf eine erfolgreiche Saison 2025, in der der Nachwuchs erneut zeigen wird, was in ihm steckt.<\/p>\n<p>&nbsp;<\/p>\n<p><strong>\u00a0<\/strong><\/p>\n<p><strong>\u00a0<\/strong>\n\t\t<style type=\"text\/css\">\n\t\t\t#gallery-1 {\n\t\t\t\tmargin: auto;\n\t\t\t}\n\t\t\t#gallery-1 .gallery-item {\n\t\t\t\tfloat: left;\n\t\t\t\tmargin-top: 10px;\n\t\t\t\ttext-align: center;\n\t\t\t\twidth: 33%;\n\t\t\t}\n\t\t\t#gallery-1 img {\n\t\t\t\tborder: 2px solid #cfcfcf;\n\t\t\t}\n\t\t\t#gallery-1 .gallery-caption {\n\t\t\t\tmargin-left: 0;\n\t\t\t}\n\t\t\t\/* see gallery_shortcode() in wp-includes\/media.php *\/\n\t\t<\/style>\n\t\t<div id='gallery-1' class='gallery galleryid-964 gallery-columns-3 gallery-size-medium'><dl class='gallery-item'>\n\t\t\t<dt class='gallery-icon landscape'>\n\t\t\t\t<a href='https:\/\/msc-werlte.de\/wp-content\/uploads\/2025\/01\/IMG_6211.jpg'><img loading=\"lazy\" decoding=\"async\" width=\"300\" height=\"225\" src=\"https:\/\/msc-werlte.de\/wp-content\/uploads\/2025\/01\/IMG_6211-300x225.jpg\" class=\"attachment-medium size-medium\" alt=\"\" srcset=\"https:\/\/msc-werlte.de\/wp-content\/uploads\/2025\/01\/IMG_6211-300x225.jpg 300w, https:\/\/msc-werlte.de\/wp-content\/uploads\/2025\/01\/IMG_6211.jpg 640w\" sizes=\"auto, (max-width: 300px) 100vw, 300px\" \/><\/a>\n\t\t\t<\/dt><\/dl><dl class='gallery-item'>\n\t\t\t<dt class='gallery-icon landscape'>\n\t\t\t\t<a href='https:\/\/msc-werlte.de\/wp-content\/uploads\/2025\/01\/IMG_6210.jpg'><img loading=\"lazy\" decoding=\"async\" width=\"300\" height=\"225\" src=\"https:\/\/msc-werlte.de\/wp-content\/uploads\/2025\/01\/IMG_6210-300x225.jpg\" class=\"attachment-medium size-medium\" alt=\"\" srcset=\"https:\/\/msc-werlte.de\/wp-content\/uploads\/2025\/01\/IMG_6210-300x225.jpg 300w, https:\/\/msc-werlte.de\/wp-content\/uploads\/2025\/01\/IMG_6210.jpg 640w\" sizes=\"auto, (max-width: 300px) 100vw, 300px\" \/><\/a>\n\t\t\t<\/dt><\/dl><dl class='gallery-item'>\n\t\t\t<dt class='gallery-icon portrait'>\n\t\t\t\t<a href='https:\/\/msc-werlte.de\/wp-content\/uploads\/2025\/01\/IMG_6207-rotated.jpg'><img loading=\"lazy\" decoding=\"async\" width=\"225\" height=\"300\" src=\"https:\/\/msc-werlte.de\/wp-content\/uploads\/2025\/01\/IMG_6207-225x300.jpg\" class=\"attachment-medium size-medium\" alt=\"\" srcset=\"https:\/\/msc-werlte.de\/wp-content\/uploads\/2025\/01\/IMG_6207-225x300.jpg 225w, https:\/\/msc-werlte.de\/wp-content\/uploads\/2025\/01\/IMG_6207-rotated.jpg 480w\" sizes=\"auto, (max-width: 225px) 100vw, 225px\" \/><\/a>\n\t\t\t<\/dt><\/dl><br style=\"clear: both\" \/><dl class='gallery-item'>\n\t\t\t<dt class='gallery-icon portrait'>\n\t\t\t\t<a href='https:\/\/msc-werlte.de\/wp-content\/uploads\/2025\/01\/IMG_6206-rotated.jpg'><img loading=\"lazy\" decoding=\"async\" width=\"225\" height=\"300\" src=\"https:\/\/msc-werlte.de\/wp-content\/uploads\/2025\/01\/IMG_6206-225x300.jpg\" class=\"attachment-medium size-medium\" alt=\"\" srcset=\"https:\/\/msc-werlte.de\/wp-content\/uploads\/2025\/01\/IMG_6206-225x300.jpg 225w, https:\/\/msc-werlte.de\/wp-content\/uploads\/2025\/01\/IMG_6206-rotated.jpg 480w\" sizes=\"auto, (max-width: 225px) 100vw, 225px\" \/><\/a>\n\t\t\t<\/dt><\/dl><dl class='gallery-item'>\n\t\t\t<dt class='gallery-icon portrait'>\n\t\t\t\t<a href='https:\/\/msc-werlte.de\/wp-content\/uploads\/2025\/01\/IMG_6205-rotated.jpg'><img loading=\"lazy\" decoding=\"async\" width=\"225\" height=\"300\" src=\"https:\/\/msc-werlte.de\/wp-content\/uploads\/2025\/01\/IMG_6205-225x300.jpg\" class=\"attachment-medium size-medium\" alt=\"\" srcset=\"https:\/\/msc-werlte.de\/wp-content\/uploads\/2025\/01\/IMG_6205-225x300.jpg 225w, https:\/\/msc-werlte.de\/wp-content\/uploads\/2025\/01\/IMG_6205-rotated.jpg 480w\" sizes=\"auto, (max-width: 225px) 100vw, 225px\" \/><\/a>\n\t\t\t<\/dt><\/dl><dl class='gallery-item'>\n\t\t\t<dt class='gallery-icon landscape'>\n\t\t\t\t<a href='https:\/\/msc-werlte.de\/wp-content\/uploads\/2025\/01\/IMG_6203.jpg'><img loading=\"lazy\" decoding=\"async\" width=\"300\" height=\"225\" src=\"https:\/\/msc-werlte.de\/wp-content\/uploads\/2025\/01\/IMG_6203-300x225.jpg\" class=\"attachment-medium size-medium\" alt=\"\" srcset=\"https:\/\/msc-werlte.de\/wp-content\/uploads\/2025\/01\/IMG_6203-300x225.jpg 300w, https:\/\/msc-werlte.de\/wp-content\/uploads\/2025\/01\/IMG_6203.jpg 640w\" sizes=\"auto, (max-width: 300px) 100vw, 300px\" \/><\/a>\n\t\t\t<\/dt><\/dl><br style=\"clear: both\" \/><dl class='gallery-item'>\n\t\t\t<dt class='gallery-icon portrait'>\n\t\t\t\t<a href='https:\/\/msc-werlte.de\/wp-content\/uploads\/2025\/01\/IMG_6201-rotated.jpg'><img loading=\"lazy\" decoding=\"async\" width=\"225\" height=\"300\" src=\"https:\/\/msc-werlte.de\/wp-content\/uploads\/2025\/01\/IMG_6201-225x300.jpg\" class=\"attachment-medium size-medium\" alt=\"\" srcset=\"https:\/\/msc-werlte.de\/wp-content\/uploads\/2025\/01\/IMG_6201-225x300.jpg 225w, https:\/\/msc-werlte.de\/wp-content\/uploads\/2025\/01\/IMG_6201-rotated.jpg 480w\" sizes=\"auto, (max-width: 225px) 100vw, 225px\" \/><\/a>\n\t\t\t<\/dt><\/dl><dl class='gallery-item'>\n\t\t\t<dt class='gallery-icon portrait'>\n\t\t\t\t<a href='https:\/\/msc-werlte.de\/wp-content\/uploads\/2025\/01\/IMG_6199-rotated.jpg'><img loading=\"lazy\" decoding=\"async\" width=\"225\" height=\"300\" src=\"https:\/\/msc-werlte.de\/wp-content\/uploads\/2025\/01\/IMG_6199-225x300.jpg\" class=\"attachment-medium size-medium\" alt=\"\" srcset=\"https:\/\/msc-werlte.de\/wp-content\/uploads\/2025\/01\/IMG_6199-225x300.jpg 225w, https:\/\/msc-werlte.de\/wp-content\/uploads\/2025\/01\/IMG_6199-rotated.jpg 480w\" sizes=\"auto, (max-width: 225px) 100vw, 225px\" \/><\/a>\n\t\t\t<\/dt><\/dl><dl class='gallery-item'>\n\t\t\t<dt class='gallery-icon portrait'>\n\t\t\t\t<a href='https:\/\/msc-werlte.de\/wp-content\/uploads\/2025\/01\/IMG_6198-rotated.jpg'><img loading=\"lazy\" decoding=\"async\" width=\"225\" height=\"300\" src=\"https:\/\/msc-werlte.de\/wp-content\/uploads\/2025\/01\/IMG_6198-225x300.jpg\" class=\"attachment-medium size-medium\" alt=\"\" srcset=\"https:\/\/msc-werlte.de\/wp-content\/uploads\/2025\/01\/IMG_6198-225x300.jpg 225w, https:\/\/msc-werlte.de\/wp-content\/uploads\/2025\/01\/IMG_6198-rotated.jpg 480w\" sizes=\"auto, (max-width: 225px) 100vw, 225px\" \/><\/a>\n\t\t\t<\/dt><\/dl><br style=\"clear: both\" \/><dl class='gallery-item'>\n\t\t\t<dt class='gallery-icon portrait'>\n\t\t\t\t<a href='https:\/\/msc-werlte.de\/wp-content\/uploads\/2025\/01\/IMG_6194-rotated.jpg'><img loading=\"lazy\" decoding=\"async\" width=\"225\" height=\"300\" src=\"https:\/\/msc-werlte.de\/wp-content\/uploads\/2025\/01\/IMG_6194-225x300.jpg\" class=\"attachment-medium size-medium\" alt=\"\" srcset=\"https:\/\/msc-werlte.de\/wp-content\/uploads\/2025\/01\/IMG_6194-225x300.jpg 225w, https:\/\/msc-werlte.de\/wp-content\/uploads\/2025\/01\/IMG_6194-rotated.jpg 480w\" sizes=\"auto, (max-width: 225px) 100vw, 225px\" \/><\/a>\n\t\t\t<\/dt><\/dl>\n\t\t\t<br style='clear: both' \/>\n\t\t<\/div>\n<\/p>\n<div class=\"shariff\" data-services=\"facebook\" data-url=\"https:\/\/msc-werlte.de\/index.php\/adventsnachmittag-fuer-jung-und-alt-ein-fest-der-generationen\/\" data-timestamp=\"1735906304\" data-backendurl=\"https:\/\/msc-werlte.de\/wp-json\/shariff\/v1\/share_counts?\"><ul class=\"shariff-buttons theme-default orientation-horizontal buttonsize-medium\"><li class=\"shariff-button facebook shariff-nocustomcolor\" style=\"background-color:#4273c8\"><a href=\"https:\/\/www.facebook.com\/sharer\/sharer.php?u=https%3A%2F%2Fmsc-werlte.de%2Findex.php%2Fadventsnachmittag-fuer-jung-und-alt-ein-fest-der-generationen%2F\" title=\"Bei Facebook teilen\" aria-label=\"Bei Facebook teilen\" role=\"button\" rel=\"nofollow\" class=\"shariff-link\" style=\"; background-color:#3b5998; color:#fff\" target=\"_blank\"><span class=\"shariff-icon\" style=\"\"><svg width=\"32px\" height=\"20px\" xmlns=\"http:\/\/www.w3.org\/2000\/svg\" viewBox=\"0 0 18 32\"><path fill=\"#3b5998\" d=\"M17.1 0.2v4.7h-2.8q-1.5 0-2.1 0.6t-0.5 1.9v3.4h5.2l-0.7 5.3h-4.5v13.6h-5.5v-13.6h-4.5v-5.3h4.5v-3.9q0-3.3 1.9-5.2t5-1.8q2.6 0 4.1 0.2z\"\/><\/svg><\/span><span class=\"shariff-text\">teilen<\/span>&nbsp;<span data-service=\"facebook\" style=\"color:#3b5998\" class=\"shariff-count shariff-hidezero\"><\/span>&nbsp;<\/a><\/li><\/ul><\/div>","protected":false},"excerpt":{"rendered":"<p>Am 10. Dezember fand beim MSC Werlte der traditionelle Adventsnachmittag statt, bei dem die Jugendgruppe zum feierlichen Abschluss der Saison 2024 eingeladen wurde. In einer stimmungsvollen Adventsatmosph\u00e4re kamen junge Nachwuchstalente und in diesem neu auch die Senioren des Vereins zusammen, um ein Jahr voller sportlicher Erfolge und Erlebnisse zu feiern. &nbsp; Der H\u00f6hepunkt des Nachmittags war der Besuch des Nikolaus, [&hellip;]<\/p>\n","protected":false},"author":2,"featured_media":966,"comment_status":"closed","ping_status":"open","sticky":false,"template":"","format":"standard","meta":{"footnotes":""},"categories":[1],"tags":[],"class_list":["post-964","post","type-post","status-publish","format-standard","has-post-thumbnail","hentry","category-allgemein"],"yoast_head":"<!-- This site is optimized with the Yoast SEO plugin v27.5 - https:\/\/yoast.com\/product\/yoast-seo-wordpress\/ -->\n<title>Adventsnachmittag f\u00fcr Jung und Alt \u2013 Ein Fest der Generationen - MSC H\u00fcmmling Werlte<\/title>\n<meta name=\"robots\" content=\"index, follow, max-snippet:-1, max-image-preview:large, max-video-preview:-1\" \/>\n<link rel=\"canonical\" href=\"https:\/\/msc-werlte.de\/index.php\/adventsnachmittag-fuer-jung-und-alt-ein-fest-der-generationen\/\" \/>\n<meta property=\"og:locale\" content=\"de_DE\" \/>\n<meta property=\"og:type\" content=\"article\" \/>\n<meta property=\"og:title\" content=\"Adventsnachmittag f\u00fcr Jung und Alt \u2013 Ein Fest der Generationen - MSC H\u00fcmmling Werlte\" \/>\n<meta property=\"og:description\" content=\"Am 10. Dezember fand beim MSC Werlte der traditionelle Adventsnachmittag statt, bei dem die Jugendgruppe zum feierlichen Abschluss der Saison 2024 eingeladen wurde. In einer stimmungsvollen Adventsatmosph\u00e4re kamen junge Nachwuchstalente und in diesem neu auch die Senioren des Vereins zusammen, um ein Jahr voller sportlicher Erfolge und Erlebnisse zu feiern. &nbsp; Der H\u00f6hepunkt des Nachmittags war der Besuch des Nikolaus, [&hellip;]\" \/>\n<meta property=\"og:url\" content=\"https:\/\/msc-werlte.de\/index.php\/adventsnachmittag-fuer-jung-und-alt-ein-fest-der-generationen\/\" \/>\n<meta property=\"og:site_name\" content=\"MSC H\u00fcmmling Werlte\" \/>\n<meta property=\"article:publisher\" content=\"https:\/\/www.facebook.com\/MscHummlingWerlteEvImAdac\" \/>\n<meta property=\"article:published_time\" content=\"2025-01-03T11:11:06+00:00\" \/>\n<meta property=\"article:modified_time\" content=\"2025-01-03T11:11:44+00:00\" \/>\n<meta property=\"og:image\" content=\"https:\/\/msc-werlte.de\/wp-content\/uploads\/2025\/01\/IMG_6198-rotated.jpg\" \/>\n\t<meta property=\"og:image:width\" content=\"480\" \/>\n\t<meta property=\"og:image:height\" content=\"640\" \/>\n\t<meta property=\"og:image:type\" content=\"image\/jpeg\" \/>\n<meta name=\"author\" content=\"Redaktion\" \/>\n<meta name=\"twitter:card\" content=\"summary_large_image\" \/>\n<meta name=\"twitter:label1\" content=\"Verfasst von\" \/>\n\t<meta name=\"twitter:data1\" content=\"Redaktion\" \/>\n\t<meta name=\"twitter:label2\" content=\"Gesch\u00e4tzte Lesezeit\" \/>\n\t<meta name=\"twitter:data2\" content=\"2\u00a0Minuten\" \/>\n<script type=\"application\/ld+json\" class=\"yoast-schema-graph\">{\"@context\":\"https:\\\/\\\/schema.org\",\"@graph\":[{\"@type\":\"Article\",\"@id\":\"https:\\\/\\\/msc-werlte.de\\\/index.php\\\/adventsnachmittag-fuer-jung-und-alt-ein-fest-der-generationen\\\/#article\",\"isPartOf\":{\"@id\":\"https:\\\/\\\/msc-werlte.de\\\/index.php\\\/adventsnachmittag-fuer-jung-und-alt-ein-fest-der-generationen\\\/\"},\"author\":{\"name\":\"Redaktion\",\"@id\":\"https:\\\/\\\/msc-werlte.de\\\/#\\\/schema\\\/person\\\/2ca3dce1bd60dd976921168be8f7fd27\"},\"headline\":\"Adventsnachmittag f\u00fcr Jung und Alt \u2013 Ein Fest der Generationen\",\"datePublished\":\"2025-01-03T11:11:06+00:00\",\"dateModified\":\"2025-01-03T11:11:44+00:00\",\"mainEntityOfPage\":{\"@id\":\"https:\\\/\\\/msc-werlte.de\\\/index.php\\\/adventsnachmittag-fuer-jung-und-alt-ein-fest-der-generationen\\\/\"},\"wordCount\":286,\"publisher\":{\"@id\":\"https:\\\/\\\/msc-werlte.de\\\/#organization\"},\"image\":{\"@id\":\"https:\\\/\\\/msc-werlte.de\\\/index.php\\\/adventsnachmittag-fuer-jung-und-alt-ein-fest-der-generationen\\\/#primaryimage\"},\"thumbnailUrl\":\"https:\\\/\\\/msc-werlte.de\\\/wp-content\\\/uploads\\\/2025\\\/01\\\/IMG_6198-rotated.jpg\",\"inLanguage\":\"de\"},{\"@type\":\"WebPage\",\"@id\":\"https:\\\/\\\/msc-werlte.de\\\/index.php\\\/adventsnachmittag-fuer-jung-und-alt-ein-fest-der-generationen\\\/\",\"url\":\"https:\\\/\\\/msc-werlte.de\\\/index.php\\\/adventsnachmittag-fuer-jung-und-alt-ein-fest-der-generationen\\\/\",\"name\":\"Adventsnachmittag f\u00fcr Jung und Alt \u2013 Ein Fest der Generationen - MSC H\u00fcmmling Werlte\",\"isPartOf\":{\"@id\":\"https:\\\/\\\/msc-werlte.de\\\/#website\"},\"primaryImageOfPage\":{\"@id\":\"https:\\\/\\\/msc-werlte.de\\\/index.php\\\/adventsnachmittag-fuer-jung-und-alt-ein-fest-der-generationen\\\/#primaryimage\"},\"image\":{\"@id\":\"https:\\\/\\\/msc-werlte.de\\\/index.php\\\/adventsnachmittag-fuer-jung-und-alt-ein-fest-der-generationen\\\/#primaryimage\"},\"thumbnailUrl\":\"https:\\\/\\\/msc-werlte.de\\\/wp-content\\\/uploads\\\/2025\\\/01\\\/IMG_6198-rotated.jpg\",\"datePublished\":\"2025-01-03T11:11:06+00:00\",\"dateModified\":\"2025-01-03T11:11:44+00:00\",\"breadcrumb\":{\"@id\":\"https:\\\/\\\/msc-werlte.de\\\/index.php\\\/adventsnachmittag-fuer-jung-und-alt-ein-fest-der-generationen\\\/#breadcrumb\"},\"inLanguage\":\"de\",\"potentialAction\":[{\"@type\":\"ReadAction\",\"target\":[\"https:\\\/\\\/msc-werlte.de\\\/index.php\\\/adventsnachmittag-fuer-jung-und-alt-ein-fest-der-generationen\\\/\"]}]},{\"@type\":\"ImageObject\",\"inLanguage\":\"de\",\"@id\":\"https:\\\/\\\/msc-werlte.de\\\/index.php\\\/adventsnachmittag-fuer-jung-und-alt-ein-fest-der-generationen\\\/#primaryimage\",\"url\":\"https:\\\/\\\/msc-werlte.de\\\/wp-content\\\/uploads\\\/2025\\\/01\\\/IMG_6198-rotated.jpg\",\"contentUrl\":\"https:\\\/\\\/msc-werlte.de\\\/wp-content\\\/uploads\\\/2025\\\/01\\\/IMG_6198-rotated.jpg\",\"width\":480,\"height\":640},{\"@type\":\"BreadcrumbList\",\"@id\":\"https:\\\/\\\/msc-werlte.de\\\/index.php\\\/adventsnachmittag-fuer-jung-und-alt-ein-fest-der-generationen\\\/#breadcrumb\",\"itemListElement\":[{\"@type\":\"ListItem\",\"position\":1,\"name\":\"Startseite\",\"item\":\"https:\\\/\\\/msc-werlte.de\\\/\"},{\"@type\":\"ListItem\",\"position\":2,\"name\":\"Adventsnachmittag f\u00fcr Jung und Alt \u2013 Ein Fest der Generationen\"}]},{\"@type\":\"WebSite\",\"@id\":\"https:\\\/\\\/msc-werlte.de\\\/#website\",\"url\":\"https:\\\/\\\/msc-werlte.de\\\/\",\"name\":\"MSC H\u00fcmmling Werlte\",\"description\":\"\",\"publisher\":{\"@id\":\"https:\\\/\\\/msc-werlte.de\\\/#organization\"},\"potentialAction\":[{\"@type\":\"SearchAction\",\"target\":{\"@type\":\"EntryPoint\",\"urlTemplate\":\"https:\\\/\\\/msc-werlte.de\\\/?s={search_term_string}\"},\"query-input\":{\"@type\":\"PropertyValueSpecification\",\"valueRequired\":true,\"valueName\":\"search_term_string\"}}],\"inLanguage\":\"de\"},{\"@type\":\"Organization\",\"@id\":\"https:\\\/\\\/msc-werlte.de\\\/#organization\",\"name\":\"MSC H\u00fcmmling Werlte\",\"url\":\"https:\\\/\\\/msc-werlte.de\\\/\",\"logo\":{\"@type\":\"ImageObject\",\"inLanguage\":\"de\",\"@id\":\"https:\\\/\\\/msc-werlte.de\\\/#\\\/schema\\\/logo\\\/image\\\/\",\"url\":\"https:\\\/\\\/msc-werlte.de\\\/wp-content\\\/uploads\\\/2022\\\/10\\\/MSC-Werlte_329px_Final.png\",\"contentUrl\":\"https:\\\/\\\/msc-werlte.de\\\/wp-content\\\/uploads\\\/2022\\\/10\\\/MSC-Werlte_329px_Final.png\",\"width\":329,\"height\":329,\"caption\":\"MSC H\u00fcmmling Werlte\"},\"image\":{\"@id\":\"https:\\\/\\\/msc-werlte.de\\\/#\\\/schema\\\/logo\\\/image\\\/\"},\"sameAs\":[\"https:\\\/\\\/www.facebook.com\\\/MscHummlingWerlteEvImAdac\"]},{\"@type\":\"Person\",\"@id\":\"https:\\\/\\\/msc-werlte.de\\\/#\\\/schema\\\/person\\\/2ca3dce1bd60dd976921168be8f7fd27\",\"name\":\"Redaktion\",\"image\":{\"@type\":\"ImageObject\",\"inLanguage\":\"de\",\"@id\":\"https:\\\/\\\/secure.gravatar.com\\\/avatar\\\/f453567527ece4e31e66e3a5fdbfef099714fb17581b77051f95588feb6f55ab?s=96&d=mm&r=g\",\"url\":\"https:\\\/\\\/secure.gravatar.com\\\/avatar\\\/f453567527ece4e31e66e3a5fdbfef099714fb17581b77051f95588feb6f55ab?s=96&d=mm&r=g\",\"contentUrl\":\"https:\\\/\\\/secure.gravatar.com\\\/avatar\\\/f453567527ece4e31e66e3a5fdbfef099714fb17581b77051f95588feb6f55ab?s=96&d=mm&r=g\",\"caption\":\"Redaktion\"},\"url\":\"https:\\\/\\\/msc-werlte.de\\\/index.php\\\/author\\\/readaktion\\\/\"}]}<\/script>\n<!-- \/ Yoast SEO plugin. -->","yoast_head_json":{"title":"Adventsnachmittag f\u00fcr Jung und Alt \u2013 Ein Fest der Generationen - MSC H\u00fcmmling Werlte","robots":{"index":"index","follow":"follow","max-snippet":"max-snippet:-1","max-image-preview":"max-image-preview:large","max-video-preview":"max-video-preview:-1"},"canonical":"https:\/\/msc-werlte.de\/index.php\/adventsnachmittag-fuer-jung-und-alt-ein-fest-der-generationen\/","og_locale":"de_DE","og_type":"article","og_title":"Adventsnachmittag f\u00fcr Jung und Alt \u2013 Ein Fest der Generationen - MSC H\u00fcmmling Werlte","og_description":"Am 10. Dezember fand beim MSC Werlte der traditionelle Adventsnachmittag statt, bei dem die Jugendgruppe zum feierlichen Abschluss der Saison 2024 eingeladen wurde. In einer stimmungsvollen Adventsatmosph\u00e4re kamen junge Nachwuchstalente und in diesem neu auch die Senioren des Vereins zusammen, um ein Jahr voller sportlicher Erfolge und Erlebnisse zu feiern. &nbsp; Der H\u00f6hepunkt des Nachmittags war der Besuch des Nikolaus, [&hellip;]","og_url":"https:\/\/msc-werlte.de\/index.php\/adventsnachmittag-fuer-jung-und-alt-ein-fest-der-generationen\/","og_site_name":"MSC H\u00fcmmling Werlte","article_publisher":"https:\/\/www.facebook.com\/MscHummlingWerlteEvImAdac","article_published_time":"2025-01-03T11:11:06+00:00","article_modified_time":"2025-01-03T11:11:44+00:00","og_image":[{"width":480,"height":640,"url":"https:\/\/msc-werlte.de\/wp-content\/uploads\/2025\/01\/IMG_6198-rotated.jpg","type":"image\/jpeg"}],"author":"Redaktion","twitter_card":"summary_large_image","twitter_misc":{"Verfasst von":"Redaktion","Gesch\u00e4tzte Lesezeit":"2\u00a0Minuten"},"schema":{"@context":"https:\/\/schema.org","@graph":[{"@type":"Article","@id":"https:\/\/msc-werlte.de\/index.php\/adventsnachmittag-fuer-jung-und-alt-ein-fest-der-generationen\/#article","isPartOf":{"@id":"https:\/\/msc-werlte.de\/index.php\/adventsnachmittag-fuer-jung-und-alt-ein-fest-der-generationen\/"},"author":{"name":"Redaktion","@id":"https:\/\/msc-werlte.de\/#\/schema\/person\/2ca3dce1bd60dd976921168be8f7fd27"},"headline":"Adventsnachmittag f\u00fcr Jung und Alt \u2013 Ein Fest der Generationen","datePublished":"2025-01-03T11:11:06+00:00","dateModified":"2025-01-03T11:11:44+00:00","mainEntityOfPage":{"@id":"https:\/\/msc-werlte.de\/index.php\/adventsnachmittag-fuer-jung-und-alt-ein-fest-der-generationen\/"},"wordCount":286,"publisher":{"@id":"https:\/\/msc-werlte.de\/#organization"},"image":{"@id":"https:\/\/msc-werlte.de\/index.php\/adventsnachmittag-fuer-jung-und-alt-ein-fest-der-generationen\/#primaryimage"},"thumbnailUrl":"https:\/\/msc-werlte.de\/wp-content\/uploads\/2025\/01\/IMG_6198-rotated.jpg","inLanguage":"de"},{"@type":"WebPage","@id":"https:\/\/msc-werlte.de\/index.php\/adventsnachmittag-fuer-jung-und-alt-ein-fest-der-generationen\/","url":"https:\/\/msc-werlte.de\/index.php\/adventsnachmittag-fuer-jung-und-alt-ein-fest-der-generationen\/","name":"Adventsnachmittag f\u00fcr Jung und Alt \u2013 Ein Fest der Generationen - MSC H\u00fcmmling Werlte","isPartOf":{"@id":"https:\/\/msc-werlte.de\/#website"},"primaryImageOfPage":{"@id":"https:\/\/msc-werlte.de\/index.php\/adventsnachmittag-fuer-jung-und-alt-ein-fest-der-generationen\/#primaryimage"},"image":{"@id":"https:\/\/msc-werlte.de\/index.php\/adventsnachmittag-fuer-jung-und-alt-ein-fest-der-generationen\/#primaryimage"},"thumbnailUrl":"https:\/\/msc-werlte.de\/wp-content\/uploads\/2025\/01\/IMG_6198-rotated.jpg","datePublished":"2025-01-03T11:11:06+00:00","dateModified":"2025-01-03T11:11:44+00:00","breadcrumb":{"@id":"https:\/\/msc-werlte.de\/index.php\/adventsnachmittag-fuer-jung-und-alt-ein-fest-der-generationen\/#breadcrumb"},"inLanguage":"de","potentialAction":[{"@type":"ReadAction","target":["https:\/\/msc-werlte.de\/index.php\/adventsnachmittag-fuer-jung-und-alt-ein-fest-der-generationen\/"]}]},{"@type":"ImageObject","inLanguage":"de","@id":"https:\/\/msc-werlte.de\/index.php\/adventsnachmittag-fuer-jung-und-alt-ein-fest-der-generationen\/#primaryimage","url":"https:\/\/msc-werlte.de\/wp-content\/uploads\/2025\/01\/IMG_6198-rotated.jpg","contentUrl":"https:\/\/msc-werlte.de\/wp-content\/uploads\/2025\/01\/IMG_6198-rotated.jpg","width":480,"height":640},{"@type":"BreadcrumbList","@id":"https:\/\/msc-werlte.de\/index.php\/adventsnachmittag-fuer-jung-und-alt-ein-fest-der-generationen\/#breadcrumb","itemListElement":[{"@type":"ListItem","position":1,"name":"Startseite","item":"https:\/\/msc-werlte.de\/"},{"@type":"ListItem","position":2,"name":"Adventsnachmittag f\u00fcr Jung und Alt \u2013 Ein Fest der Generationen"}]},{"@type":"WebSite","@id":"https:\/\/msc-werlte.de\/#website","url":"https:\/\/msc-werlte.de\/","name":"MSC H\u00fcmmling Werlte","description":"","publisher":{"@id":"https:\/\/msc-werlte.de\/#organization"},"potentialAction":[{"@type":"SearchAction","target":{"@type":"EntryPoint","urlTemplate":"https:\/\/msc-werlte.de\/?s={search_term_string}"},"query-input":{"@type":"PropertyValueSpecification","valueRequired":true,"valueName":"search_term_string"}}],"inLanguage":"de"},{"@type":"Organization","@id":"https:\/\/msc-werlte.de\/#organization","name":"MSC H\u00fcmmling Werlte","url":"https:\/\/msc-werlte.de\/","logo":{"@type":"ImageObject","inLanguage":"de","@id":"https:\/\/msc-werlte.de\/#\/schema\/logo\/image\/","url":"https:\/\/msc-werlte.de\/wp-content\/uploads\/2022\/10\/MSC-Werlte_329px_Final.png","contentUrl":"https:\/\/msc-werlte.de\/wp-content\/uploads\/2022\/10\/MSC-Werlte_329px_Final.png","width":329,"height":329,"caption":"MSC H\u00fcmmling Werlte"},"image":{"@id":"https:\/\/msc-werlte.de\/#\/schema\/logo\/image\/"},"sameAs":["https:\/\/www.facebook.com\/MscHummlingWerlteEvImAdac"]},{"@type":"Person","@id":"https:\/\/msc-werlte.de\/#\/schema\/person\/2ca3dce1bd60dd976921168be8f7fd27","name":"Redaktion","image":{"@type":"ImageObject","inLanguage":"de","@id":"https:\/\/secure.gravatar.com\/avatar\/f453567527ece4e31e66e3a5fdbfef099714fb17581b77051f95588feb6f55ab?s=96&d=mm&r=g","url":"https:\/\/secure.gravatar.com\/avatar\/f453567527ece4e31e66e3a5fdbfef099714fb17581b77051f95588feb6f55ab?s=96&d=mm&r=g","contentUrl":"https:\/\/secure.gravatar.com\/avatar\/f453567527ece4e31e66e3a5fdbfef099714fb17581b77051f95588feb6f55ab?s=96&d=mm&r=g","caption":"Redaktion"},"url":"https:\/\/msc-werlte.de\/index.php\/author\/readaktion\/"}]}},"_links":{"self":[{"href":"https:\/\/msc-werlte.de\/index.php\/wp-json\/wp\/v2\/posts\/964","targetHints":{"allow":["GET"]}}],"collection":[{"href":"https:\/\/msc-werlte.de\/index.php\/wp-json\/wp\/v2\/posts"}],"about":[{"href":"https:\/\/msc-werlte.de\/index.php\/wp-json\/wp\/v2\/types\/post"}],"author":[{"embeddable":true,"href":"https:\/\/msc-werlte.de\/index.php\/wp-json\/wp\/v2\/users\/2"}],"replies":[{"embeddable":true,"href":"https:\/\/msc-werlte.de\/index.php\/wp-json\/wp\/v2\/comments?post=964"}],"version-history":[{"count":2,"href":"https:\/\/msc-werlte.de\/index.php\/wp-json\/wp\/v2\/posts\/964\/revisions"}],"predecessor-version":[{"id":976,"href":"https:\/\/msc-werlte.de\/index.php\/wp-json\/wp\/v2\/posts\/964\/revisions\/976"}],"wp:featuredmedia":[{"embeddable":true,"href":"https:\/\/msc-werlte.de\/index.php\/wp-json\/wp\/v2\/media\/966"}],"wp:attachment":[{"href":"https:\/\/msc-werlte.de\/index.php\/wp-json\/wp\/v2\/media?parent=964"}],"wp:term":[{"taxonomy":"category","embeddable":true,"href":"https:\/\/msc-werlte.de\/index.php\/wp-json\/wp\/v2\/categories?post=964"},{"taxonomy":"post_tag","embeddable":true,"href":"https:\/\/msc-werlte.de\/index.php\/wp-json\/wp\/v2\/tags?post=964"}],"curies":[{"name":"wp","href":"https:\/\/api.w.org\/{rel}","templated":true}]}}