{"id":939,"date":"2024-12-03T14:17:42","date_gmt":"2024-12-03T13:17:42","guid":{"rendered":"https:\/\/msc-werlte.de\/?p=939"},"modified":"2024-12-03T14:19:07","modified_gmt":"2024-12-03T13:19:07","slug":"landesmeisterschaft-der-nfm","status":"publish","type":"post","link":"https:\/\/msc-werlte.de\/index.php\/landesmeisterschaft-der-nfm\/","title":{"rendered":"Landesmeisterschaften der NFM"},"content":{"rendered":"<p>Winterzeit ist auch Zeit der Ehrungen.<\/p>\n<p>Nicht nur bei den Ehrungen der norddeutschen Bahnmeisterschaften konnten unsere Clubfahrer und unsere Clubfahrerin gl\u00e4nzen &#8211; nein, auch bei den Landesmeisterschaften des Nieders\u00e4chsischen Fachverbandes f\u00fcr Motorsport (NFM ).<\/p>\n<p>Nico, Lian, Luca, Lenja und Louis sowie Finn und Timo erzielten bei ihren Rennen in der Saison 2024 stets gute bis sehr gute Platzierungen sowie Podestpl\u00e4tze, sodass sie am vergangenen Wochenende in Bremen hierf\u00fcr geehrt wurden.<\/p>\n<p>&nbsp;<\/p>\n<p><strong><span style=\"text-decoration: underline;\">Ergebnisse der einzelnen Clubfahrer und Klassen:<\/span><\/strong><\/p>\n<p><span style=\"text-decoration: underline;\">Junior A:<\/span><\/p>\n<p>Lian Will : 2. Platz<\/p>\n<p>Luca Dammeier: 3. Platz<\/p>\n<p>&nbsp;<\/p>\n<p><span style=\"text-decoration: underline;\">Junior B:<\/span><\/p>\n<p>Lenja Tebbe: 1. Platz<\/p>\n<p>Nico Will: 3. Platz<\/p>\n<p>&nbsp;<\/p>\n<p><span style=\"text-decoration: underline;\">B- Lizenz Solo:<\/span><\/p>\n<p>Louis Tebbe: 1. Platz<\/p>\n<p>Finn Loheider: 3. Platz<\/p>\n<p>&nbsp;<\/p>\n<p><span style=\"text-decoration: underline;\">Speedway U21:<\/span><\/p>\n<p>Louis Tebbe: 1. Platz<\/p>\n<p>Timo Wachs: 2. Platz<\/p>\n<p>&nbsp;<\/p>\n<p>Wir gratulieren allen Fahrern herzlich zu diesen Leistungen!!!<\/p>\n<p>&nbsp;<\/p>\n\n\t\t<style type=\"text\/css\">\n\t\t\t#gallery-1 {\n\t\t\t\tmargin: auto;\n\t\t\t}\n\t\t\t#gallery-1 .gallery-item {\n\t\t\t\tfloat: left;\n\t\t\t\tmargin-top: 10px;\n\t\t\t\ttext-align: center;\n\t\t\t\twidth: 33%;\n\t\t\t}\n\t\t\t#gallery-1 img {\n\t\t\t\tborder: 2px solid #cfcfcf;\n\t\t\t}\n\t\t\t#gallery-1 .gallery-caption {\n\t\t\t\tmargin-left: 0;\n\t\t\t}\n\t\t\t\/* see gallery_shortcode() in wp-includes\/media.php *\/\n\t\t<\/style>\n\t\t<div id='gallery-1' class='gallery galleryid-939 gallery-columns-3 gallery-size-medium'><dl class='gallery-item'>\n\t\t\t<dt class='gallery-icon portrait'>\n\t\t\t\t<a href='https:\/\/msc-werlte.de\/wp-content\/uploads\/2024\/12\/IMG_6109.jpg'><img loading=\"lazy\" decoding=\"async\" width=\"286\" height=\"300\" src=\"https:\/\/msc-werlte.de\/wp-content\/uploads\/2024\/12\/IMG_6109-286x300.jpg\" class=\"attachment-medium size-medium\" alt=\"\" srcset=\"https:\/\/msc-werlte.de\/wp-content\/uploads\/2024\/12\/IMG_6109-286x300.jpg 286w, https:\/\/msc-werlte.de\/wp-content\/uploads\/2024\/12\/IMG_6109-768x806.jpg 768w, https:\/\/msc-werlte.de\/wp-content\/uploads\/2024\/12\/IMG_6109.jpg 854w\" sizes=\"auto, (max-width: 286px) 100vw, 286px\" \/><\/a>\n\t\t\t<\/dt><\/dl><dl class='gallery-item'>\n\t\t\t<dt class='gallery-icon portrait'>\n\t\t\t\t<a href='https:\/\/msc-werlte.de\/wp-content\/uploads\/2024\/12\/IMG_6108.jpg'><img loading=\"lazy\" decoding=\"async\" width=\"274\" height=\"300\" src=\"https:\/\/msc-werlte.de\/wp-content\/uploads\/2024\/12\/IMG_6108-274x300.jpg\" class=\"attachment-medium size-medium\" alt=\"\" srcset=\"https:\/\/msc-werlte.de\/wp-content\/uploads\/2024\/12\/IMG_6108-274x300.jpg 274w, https:\/\/msc-werlte.de\/wp-content\/uploads\/2024\/12\/IMG_6108-934x1024.jpg 934w, https:\/\/msc-werlte.de\/wp-content\/uploads\/2024\/12\/IMG_6108-768x842.jpg 768w, https:\/\/msc-werlte.de\/wp-content\/uploads\/2024\/12\/IMG_6108.jpg 1168w\" sizes=\"auto, (max-width: 274px) 100vw, 274px\" \/><\/a>\n\t\t\t<\/dt><\/dl><dl class='gallery-item'>\n\t\t\t<dt class='gallery-icon landscape'>\n\t\t\t\t<a href='https:\/\/msc-werlte.de\/wp-content\/uploads\/2024\/12\/IMG_6107.jpg'><img loading=\"lazy\" decoding=\"async\" width=\"300\" height=\"276\" src=\"https:\/\/msc-werlte.de\/wp-content\/uploads\/2024\/12\/IMG_6107-300x276.jpg\" class=\"attachment-medium size-medium\" alt=\"\" srcset=\"https:\/\/msc-werlte.de\/wp-content\/uploads\/2024\/12\/IMG_6107-300x276.jpg 300w, https:\/\/msc-werlte.de\/wp-content\/uploads\/2024\/12\/IMG_6107-1024x941.jpg 1024w, https:\/\/msc-werlte.de\/wp-content\/uploads\/2024\/12\/IMG_6107-768x706.jpg 768w, https:\/\/msc-werlte.de\/wp-content\/uploads\/2024\/12\/IMG_6107.jpg 1280w\" sizes=\"auto, (max-width: 300px) 100vw, 300px\" \/><\/a>\n\t\t\t<\/dt><\/dl><br style=\"clear: both\" \/><dl class='gallery-item'>\n\t\t\t<dt class='gallery-icon portrait'>\n\t\t\t\t<a href='https:\/\/msc-werlte.de\/wp-content\/uploads\/2024\/12\/IMG_6106.jpg'><img loading=\"lazy\" decoding=\"async\" width=\"256\" height=\"300\" src=\"https:\/\/msc-werlte.de\/wp-content\/uploads\/2024\/12\/IMG_6106-256x300.jpg\" class=\"attachment-medium size-medium\" alt=\"\" srcset=\"https:\/\/msc-werlte.de\/wp-content\/uploads\/2024\/12\/IMG_6106-256x300.jpg 256w, https:\/\/msc-werlte.de\/wp-content\/uploads\/2024\/12\/IMG_6106.jpg 659w\" sizes=\"auto, (max-width: 256px) 100vw, 256px\" \/><\/a>\n\t\t\t<\/dt><\/dl><dl class='gallery-item'>\n\t\t\t<dt class='gallery-icon portrait'>\n\t\t\t\t<a href='https:\/\/msc-werlte.de\/wp-content\/uploads\/2024\/12\/IMG_6105.jpg'><img loading=\"lazy\" decoding=\"async\" width=\"270\" height=\"300\" src=\"https:\/\/msc-werlte.de\/wp-content\/uploads\/2024\/12\/IMG_6105-270x300.jpg\" class=\"attachment-medium size-medium\" alt=\"\" srcset=\"https:\/\/msc-werlte.de\/wp-content\/uploads\/2024\/12\/IMG_6105-270x300.jpg 270w, https:\/\/msc-werlte.de\/wp-content\/uploads\/2024\/12\/IMG_6105-920x1024.jpg 920w, https:\/\/msc-werlte.de\/wp-content\/uploads\/2024\/12\/IMG_6105-768x855.jpg 768w, https:\/\/msc-werlte.de\/wp-content\/uploads\/2024\/12\/IMG_6105.jpg 1150w\" sizes=\"auto, (max-width: 270px) 100vw, 270px\" \/><\/a>\n\t\t\t<\/dt><\/dl>\n\t\t\t<br style='clear: both' \/>\n\t\t<\/div>\n\n<p>Vielen Dank f\u00fcr die Fotos geht an Team Wachs\/Dammeier und Team Will<\/p>\n<p>&nbsp;<\/p>\n<p>&nbsp;<\/p>\n<p>Alle Endst\u00e4nde k\u00f6nnt ihr euch hier nochmal auf der NFM Seite anschauen:<\/p>\n<p><a href=\"https:\/\/cloud.nfm-info.de\/index.php\/s\/gtABpef9QEZNpkF?dir=undefined&amp;openfile=10230\" target=\"_blank\" rel=\"noopener\">https:\/\/cloud.nfm-info.de\/index.php\/s\/gtABpef9QEZNpkF?dir=undefined&amp;openfile=10230<\/a><\/p>\n<p>&nbsp;<\/p>\n<p>&nbsp;<\/p>\n<div class=\"shariff\" data-services=\"facebook\" data-url=\"https:\/\/msc-werlte.de\/index.php\/landesmeisterschaft-der-nfm\/\" data-timestamp=\"1733235547\" data-backendurl=\"https:\/\/msc-werlte.de\/wp-json\/shariff\/v1\/share_counts?\"><ul class=\"shariff-buttons theme-default orientation-horizontal buttonsize-medium\"><li class=\"shariff-button facebook shariff-nocustomcolor\" style=\"background-color:#4273c8\"><a href=\"https:\/\/www.facebook.com\/sharer\/sharer.php?u=https%3A%2F%2Fmsc-werlte.de%2Findex.php%2Flandesmeisterschaft-der-nfm%2F\" title=\"Bei Facebook teilen\" aria-label=\"Bei Facebook teilen\" role=\"button\" rel=\"nofollow\" class=\"shariff-link\" style=\"; background-color:#3b5998; color:#fff\" target=\"_blank\"><span class=\"shariff-icon\" style=\"\"><svg width=\"32px\" height=\"20px\" xmlns=\"http:\/\/www.w3.org\/2000\/svg\" viewBox=\"0 0 18 32\"><path fill=\"#3b5998\" d=\"M17.1 0.2v4.7h-2.8q-1.5 0-2.1 0.6t-0.5 1.9v3.4h5.2l-0.7 5.3h-4.5v13.6h-5.5v-13.6h-4.5v-5.3h4.5v-3.9q0-3.3 1.9-5.2t5-1.8q2.6 0 4.1 0.2z\"\/><\/svg><\/span><span class=\"shariff-text\">teilen<\/span>&nbsp;<span data-service=\"facebook\" style=\"color:#3b5998\" class=\"shariff-count shariff-hidezero\"><\/span>&nbsp;<\/a><\/li><\/ul><\/div>","protected":false},"excerpt":{"rendered":"<p>Winterzeit ist auch Zeit der Ehrungen. Nicht nur bei den Ehrungen der norddeutschen Bahnmeisterschaften konnten unsere Clubfahrer und unsere Clubfahrerin gl\u00e4nzen &#8211; nein, auch bei den Landesmeisterschaften des Nieders\u00e4chsischen Fachverbandes f\u00fcr Motorsport (NFM ). Nico, Lian, Luca, Lenja und Louis sowie Finn und Timo erzielten bei ihren Rennen in der Saison 2024 stets gute bis sehr gute Platzierungen sowie Podestpl\u00e4tze, [&hellip;]<\/p>\n","protected":false},"author":2,"featured_media":944,"comment_status":"closed","ping_status":"open","sticky":false,"template":"","format":"standard","meta":{"footnotes":""},"categories":[1],"tags":[],"class_list":["post-939","post","type-post","status-publish","format-standard","has-post-thumbnail","hentry","category-allgemein"],"yoast_head":"<!-- This site is optimized with the Yoast SEO plugin v27.5 - https:\/\/yoast.com\/product\/yoast-seo-wordpress\/ -->\n<title>Landesmeisterschaften der NFM - MSC H\u00fcmmling Werlte<\/title>\n<meta name=\"robots\" content=\"index, follow, max-snippet:-1, max-image-preview:large, max-video-preview:-1\" \/>\n<link rel=\"canonical\" href=\"https:\/\/msc-werlte.de\/index.php\/landesmeisterschaft-der-nfm\/\" \/>\n<meta property=\"og:locale\" content=\"de_DE\" \/>\n<meta property=\"og:type\" content=\"article\" \/>\n<meta property=\"og:title\" content=\"Landesmeisterschaften der NFM - MSC H\u00fcmmling Werlte\" \/>\n<meta property=\"og:description\" content=\"Winterzeit ist auch Zeit der Ehrungen. Nicht nur bei den Ehrungen der norddeutschen Bahnmeisterschaften konnten unsere Clubfahrer und unsere Clubfahrerin gl\u00e4nzen &#8211; nein, auch bei den Landesmeisterschaften des Nieders\u00e4chsischen Fachverbandes f\u00fcr Motorsport (NFM ). Nico, Lian, Luca, Lenja und Louis sowie Finn und Timo erzielten bei ihren Rennen in der Saison 2024 stets gute bis sehr gute Platzierungen sowie Podestpl\u00e4tze, [&hellip;]\" \/>\n<meta property=\"og:url\" content=\"https:\/\/msc-werlte.de\/index.php\/landesmeisterschaft-der-nfm\/\" \/>\n<meta property=\"og:site_name\" content=\"MSC H\u00fcmmling Werlte\" \/>\n<meta property=\"article:publisher\" content=\"https:\/\/www.facebook.com\/MscHummlingWerlteEvImAdac\" \/>\n<meta property=\"article:published_time\" content=\"2024-12-03T13:17:42+00:00\" \/>\n<meta property=\"article:modified_time\" content=\"2024-12-03T13:19:07+00:00\" \/>\n<meta property=\"og:image\" content=\"https:\/\/msc-werlte.de\/wp-content\/uploads\/2024\/12\/IMG_6109.jpg\" \/>\n\t<meta property=\"og:image:width\" content=\"854\" \/>\n\t<meta property=\"og:image:height\" content=\"896\" \/>\n\t<meta property=\"og:image:type\" content=\"image\/jpeg\" \/>\n<meta name=\"author\" content=\"Redaktion\" \/>\n<meta name=\"twitter:card\" content=\"summary_large_image\" \/>\n<meta name=\"twitter:label1\" content=\"Verfasst von\" \/>\n\t<meta name=\"twitter:data1\" content=\"Redaktion\" \/>\n\t<meta name=\"twitter:label2\" content=\"Gesch\u00e4tzte Lesezeit\" \/>\n\t<meta name=\"twitter:data2\" content=\"2\u00a0Minuten\" \/>\n<script type=\"application\/ld+json\" class=\"yoast-schema-graph\">{\"@context\":\"https:\\\/\\\/schema.org\",\"@graph\":[{\"@type\":\"Article\",\"@id\":\"https:\\\/\\\/msc-werlte.de\\\/index.php\\\/landesmeisterschaft-der-nfm\\\/#article\",\"isPartOf\":{\"@id\":\"https:\\\/\\\/msc-werlte.de\\\/index.php\\\/landesmeisterschaft-der-nfm\\\/\"},\"author\":{\"name\":\"Redaktion\",\"@id\":\"https:\\\/\\\/msc-werlte.de\\\/#\\\/schema\\\/person\\\/2ca3dce1bd60dd976921168be8f7fd27\"},\"headline\":\"Landesmeisterschaften der NFM\",\"datePublished\":\"2024-12-03T13:17:42+00:00\",\"dateModified\":\"2024-12-03T13:19:07+00:00\",\"mainEntityOfPage\":{\"@id\":\"https:\\\/\\\/msc-werlte.de\\\/index.php\\\/landesmeisterschaft-der-nfm\\\/\"},\"wordCount\":182,\"publisher\":{\"@id\":\"https:\\\/\\\/msc-werlte.de\\\/#organization\"},\"image\":{\"@id\":\"https:\\\/\\\/msc-werlte.de\\\/index.php\\\/landesmeisterschaft-der-nfm\\\/#primaryimage\"},\"thumbnailUrl\":\"https:\\\/\\\/msc-werlte.de\\\/wp-content\\\/uploads\\\/2024\\\/12\\\/IMG_6109.jpg\",\"inLanguage\":\"de\"},{\"@type\":\"WebPage\",\"@id\":\"https:\\\/\\\/msc-werlte.de\\\/index.php\\\/landesmeisterschaft-der-nfm\\\/\",\"url\":\"https:\\\/\\\/msc-werlte.de\\\/index.php\\\/landesmeisterschaft-der-nfm\\\/\",\"name\":\"Landesmeisterschaften der NFM - MSC H\u00fcmmling Werlte\",\"isPartOf\":{\"@id\":\"https:\\\/\\\/msc-werlte.de\\\/#website\"},\"primaryImageOfPage\":{\"@id\":\"https:\\\/\\\/msc-werlte.de\\\/index.php\\\/landesmeisterschaft-der-nfm\\\/#primaryimage\"},\"image\":{\"@id\":\"https:\\\/\\\/msc-werlte.de\\\/index.php\\\/landesmeisterschaft-der-nfm\\\/#primaryimage\"},\"thumbnailUrl\":\"https:\\\/\\\/msc-werlte.de\\\/wp-content\\\/uploads\\\/2024\\\/12\\\/IMG_6109.jpg\",\"datePublished\":\"2024-12-03T13:17:42+00:00\",\"dateModified\":\"2024-12-03T13:19:07+00:00\",\"breadcrumb\":{\"@id\":\"https:\\\/\\\/msc-werlte.de\\\/index.php\\\/landesmeisterschaft-der-nfm\\\/#breadcrumb\"},\"inLanguage\":\"de\",\"potentialAction\":[{\"@type\":\"ReadAction\",\"target\":[\"https:\\\/\\\/msc-werlte.de\\\/index.php\\\/landesmeisterschaft-der-nfm\\\/\"]}]},{\"@type\":\"ImageObject\",\"inLanguage\":\"de\",\"@id\":\"https:\\\/\\\/msc-werlte.de\\\/index.php\\\/landesmeisterschaft-der-nfm\\\/#primaryimage\",\"url\":\"https:\\\/\\\/msc-werlte.de\\\/wp-content\\\/uploads\\\/2024\\\/12\\\/IMG_6109.jpg\",\"contentUrl\":\"https:\\\/\\\/msc-werlte.de\\\/wp-content\\\/uploads\\\/2024\\\/12\\\/IMG_6109.jpg\",\"width\":854,\"height\":896},{\"@type\":\"BreadcrumbList\",\"@id\":\"https:\\\/\\\/msc-werlte.de\\\/index.php\\\/landesmeisterschaft-der-nfm\\\/#breadcrumb\",\"itemListElement\":[{\"@type\":\"ListItem\",\"position\":1,\"name\":\"Startseite\",\"item\":\"https:\\\/\\\/msc-werlte.de\\\/\"},{\"@type\":\"ListItem\",\"position\":2,\"name\":\"Landesmeisterschaften der NFM\"}]},{\"@type\":\"WebSite\",\"@id\":\"https:\\\/\\\/msc-werlte.de\\\/#website\",\"url\":\"https:\\\/\\\/msc-werlte.de\\\/\",\"name\":\"MSC H\u00fcmmling Werlte\",\"description\":\"\",\"publisher\":{\"@id\":\"https:\\\/\\\/msc-werlte.de\\\/#organization\"},\"potentialAction\":[{\"@type\":\"SearchAction\",\"target\":{\"@type\":\"EntryPoint\",\"urlTemplate\":\"https:\\\/\\\/msc-werlte.de\\\/?s={search_term_string}\"},\"query-input\":{\"@type\":\"PropertyValueSpecification\",\"valueRequired\":true,\"valueName\":\"search_term_string\"}}],\"inLanguage\":\"de\"},{\"@type\":\"Organization\",\"@id\":\"https:\\\/\\\/msc-werlte.de\\\/#organization\",\"name\":\"MSC H\u00fcmmling Werlte\",\"url\":\"https:\\\/\\\/msc-werlte.de\\\/\",\"logo\":{\"@type\":\"ImageObject\",\"inLanguage\":\"de\",\"@id\":\"https:\\\/\\\/msc-werlte.de\\\/#\\\/schema\\\/logo\\\/image\\\/\",\"url\":\"https:\\\/\\\/msc-werlte.de\\\/wp-content\\\/uploads\\\/2022\\\/10\\\/MSC-Werlte_329px_Final.png\",\"contentUrl\":\"https:\\\/\\\/msc-werlte.de\\\/wp-content\\\/uploads\\\/2022\\\/10\\\/MSC-Werlte_329px_Final.png\",\"width\":329,\"height\":329,\"caption\":\"MSC H\u00fcmmling Werlte\"},\"image\":{\"@id\":\"https:\\\/\\\/msc-werlte.de\\\/#\\\/schema\\\/logo\\\/image\\\/\"},\"sameAs\":[\"https:\\\/\\\/www.facebook.com\\\/MscHummlingWerlteEvImAdac\"]},{\"@type\":\"Person\",\"@id\":\"https:\\\/\\\/msc-werlte.de\\\/#\\\/schema\\\/person\\\/2ca3dce1bd60dd976921168be8f7fd27\",\"name\":\"Redaktion\",\"image\":{\"@type\":\"ImageObject\",\"inLanguage\":\"de\",\"@id\":\"https:\\\/\\\/secure.gravatar.com\\\/avatar\\\/f453567527ece4e31e66e3a5fdbfef099714fb17581b77051f95588feb6f55ab?s=96&d=mm&r=g\",\"url\":\"https:\\\/\\\/secure.gravatar.com\\\/avatar\\\/f453567527ece4e31e66e3a5fdbfef099714fb17581b77051f95588feb6f55ab?s=96&d=mm&r=g\",\"contentUrl\":\"https:\\\/\\\/secure.gravatar.com\\\/avatar\\\/f453567527ece4e31e66e3a5fdbfef099714fb17581b77051f95588feb6f55ab?s=96&d=mm&r=g\",\"caption\":\"Redaktion\"},\"url\":\"https:\\\/\\\/msc-werlte.de\\\/index.php\\\/author\\\/readaktion\\\/\"}]}<\/script>\n<!-- \/ Yoast SEO plugin. -->","yoast_head_json":{"title":"Landesmeisterschaften der NFM - MSC H\u00fcmmling Werlte","robots":{"index":"index","follow":"follow","max-snippet":"max-snippet:-1","max-image-preview":"max-image-preview:large","max-video-preview":"max-video-preview:-1"},"canonical":"https:\/\/msc-werlte.de\/index.php\/landesmeisterschaft-der-nfm\/","og_locale":"de_DE","og_type":"article","og_title":"Landesmeisterschaften der NFM - MSC H\u00fcmmling Werlte","og_description":"Winterzeit ist auch Zeit der Ehrungen. Nicht nur bei den Ehrungen der norddeutschen Bahnmeisterschaften konnten unsere Clubfahrer und unsere Clubfahrerin gl\u00e4nzen &#8211; nein, auch bei den Landesmeisterschaften des Nieders\u00e4chsischen Fachverbandes f\u00fcr Motorsport (NFM ). Nico, Lian, Luca, Lenja und Louis sowie Finn und Timo erzielten bei ihren Rennen in der Saison 2024 stets gute bis sehr gute Platzierungen sowie Podestpl\u00e4tze, [&hellip;]","og_url":"https:\/\/msc-werlte.de\/index.php\/landesmeisterschaft-der-nfm\/","og_site_name":"MSC H\u00fcmmling Werlte","article_publisher":"https:\/\/www.facebook.com\/MscHummlingWerlteEvImAdac","article_published_time":"2024-12-03T13:17:42+00:00","article_modified_time":"2024-12-03T13:19:07+00:00","og_image":[{"width":854,"height":896,"url":"https:\/\/msc-werlte.de\/wp-content\/uploads\/2024\/12\/IMG_6109.jpg","type":"image\/jpeg"}],"author":"Redaktion","twitter_card":"summary_large_image","twitter_misc":{"Verfasst von":"Redaktion","Gesch\u00e4tzte Lesezeit":"2\u00a0Minuten"},"schema":{"@context":"https:\/\/schema.org","@graph":[{"@type":"Article","@id":"https:\/\/msc-werlte.de\/index.php\/landesmeisterschaft-der-nfm\/#article","isPartOf":{"@id":"https:\/\/msc-werlte.de\/index.php\/landesmeisterschaft-der-nfm\/"},"author":{"name":"Redaktion","@id":"https:\/\/msc-werlte.de\/#\/schema\/person\/2ca3dce1bd60dd976921168be8f7fd27"},"headline":"Landesmeisterschaften der NFM","datePublished":"2024-12-03T13:17:42+00:00","dateModified":"2024-12-03T13:19:07+00:00","mainEntityOfPage":{"@id":"https:\/\/msc-werlte.de\/index.php\/landesmeisterschaft-der-nfm\/"},"wordCount":182,"publisher":{"@id":"https:\/\/msc-werlte.de\/#organization"},"image":{"@id":"https:\/\/msc-werlte.de\/index.php\/landesmeisterschaft-der-nfm\/#primaryimage"},"thumbnailUrl":"https:\/\/msc-werlte.de\/wp-content\/uploads\/2024\/12\/IMG_6109.jpg","inLanguage":"de"},{"@type":"WebPage","@id":"https:\/\/msc-werlte.de\/index.php\/landesmeisterschaft-der-nfm\/","url":"https:\/\/msc-werlte.de\/index.php\/landesmeisterschaft-der-nfm\/","name":"Landesmeisterschaften der NFM - MSC H\u00fcmmling Werlte","isPartOf":{"@id":"https:\/\/msc-werlte.de\/#website"},"primaryImageOfPage":{"@id":"https:\/\/msc-werlte.de\/index.php\/landesmeisterschaft-der-nfm\/#primaryimage"},"image":{"@id":"https:\/\/msc-werlte.de\/index.php\/landesmeisterschaft-der-nfm\/#primaryimage"},"thumbnailUrl":"https:\/\/msc-werlte.de\/wp-content\/uploads\/2024\/12\/IMG_6109.jpg","datePublished":"2024-12-03T13:17:42+00:00","dateModified":"2024-12-03T13:19:07+00:00","breadcrumb":{"@id":"https:\/\/msc-werlte.de\/index.php\/landesmeisterschaft-der-nfm\/#breadcrumb"},"inLanguage":"de","potentialAction":[{"@type":"ReadAction","target":["https:\/\/msc-werlte.de\/index.php\/landesmeisterschaft-der-nfm\/"]}]},{"@type":"ImageObject","inLanguage":"de","@id":"https:\/\/msc-werlte.de\/index.php\/landesmeisterschaft-der-nfm\/#primaryimage","url":"https:\/\/msc-werlte.de\/wp-content\/uploads\/2024\/12\/IMG_6109.jpg","contentUrl":"https:\/\/msc-werlte.de\/wp-content\/uploads\/2024\/12\/IMG_6109.jpg","width":854,"height":896},{"@type":"BreadcrumbList","@id":"https:\/\/msc-werlte.de\/index.php\/landesmeisterschaft-der-nfm\/#breadcrumb","itemListElement":[{"@type":"ListItem","position":1,"name":"Startseite","item":"https:\/\/msc-werlte.de\/"},{"@type":"ListItem","position":2,"name":"Landesmeisterschaften der NFM"}]},{"@type":"WebSite","@id":"https:\/\/msc-werlte.de\/#website","url":"https:\/\/msc-werlte.de\/","name":"MSC H\u00fcmmling Werlte","description":"","publisher":{"@id":"https:\/\/msc-werlte.de\/#organization"},"potentialAction":[{"@type":"SearchAction","target":{"@type":"EntryPoint","urlTemplate":"https:\/\/msc-werlte.de\/?s={search_term_string}"},"query-input":{"@type":"PropertyValueSpecification","valueRequired":true,"valueName":"search_term_string"}}],"inLanguage":"de"},{"@type":"Organization","@id":"https:\/\/msc-werlte.de\/#organization","name":"MSC H\u00fcmmling Werlte","url":"https:\/\/msc-werlte.de\/","logo":{"@type":"ImageObject","inLanguage":"de","@id":"https:\/\/msc-werlte.de\/#\/schema\/logo\/image\/","url":"https:\/\/msc-werlte.de\/wp-content\/uploads\/2022\/10\/MSC-Werlte_329px_Final.png","contentUrl":"https:\/\/msc-werlte.de\/wp-content\/uploads\/2022\/10\/MSC-Werlte_329px_Final.png","width":329,"height":329,"caption":"MSC H\u00fcmmling Werlte"},"image":{"@id":"https:\/\/msc-werlte.de\/#\/schema\/logo\/image\/"},"sameAs":["https:\/\/www.facebook.com\/MscHummlingWerlteEvImAdac"]},{"@type":"Person","@id":"https:\/\/msc-werlte.de\/#\/schema\/person\/2ca3dce1bd60dd976921168be8f7fd27","name":"Redaktion","image":{"@type":"ImageObject","inLanguage":"de","@id":"https:\/\/secure.gravatar.com\/avatar\/f453567527ece4e31e66e3a5fdbfef099714fb17581b77051f95588feb6f55ab?s=96&d=mm&r=g","url":"https:\/\/secure.gravatar.com\/avatar\/f453567527ece4e31e66e3a5fdbfef099714fb17581b77051f95588feb6f55ab?s=96&d=mm&r=g","contentUrl":"https:\/\/secure.gravatar.com\/avatar\/f453567527ece4e31e66e3a5fdbfef099714fb17581b77051f95588feb6f55ab?s=96&d=mm&r=g","caption":"Redaktion"},"url":"https:\/\/msc-werlte.de\/index.php\/author\/readaktion\/"}]}},"_links":{"self":[{"href":"https:\/\/msc-werlte.de\/index.php\/wp-json\/wp\/v2\/posts\/939","targetHints":{"allow":["GET"]}}],"collection":[{"href":"https:\/\/msc-werlte.de\/index.php\/wp-json\/wp\/v2\/posts"}],"about":[{"href":"https:\/\/msc-werlte.de\/index.php\/wp-json\/wp\/v2\/types\/post"}],"author":[{"embeddable":true,"href":"https:\/\/msc-werlte.de\/index.php\/wp-json\/wp\/v2\/users\/2"}],"replies":[{"embeddable":true,"href":"https:\/\/msc-werlte.de\/index.php\/wp-json\/wp\/v2\/comments?post=939"}],"version-history":[{"count":4,"href":"https:\/\/msc-werlte.de\/index.php\/wp-json\/wp\/v2\/posts\/939\/revisions"}],"predecessor-version":[{"id":948,"href":"https:\/\/msc-werlte.de\/index.php\/wp-json\/wp\/v2\/posts\/939\/revisions\/948"}],"wp:featuredmedia":[{"embeddable":true,"href":"https:\/\/msc-werlte.de\/index.php\/wp-json\/wp\/v2\/media\/944"}],"wp:attachment":[{"href":"https:\/\/msc-werlte.de\/index.php\/wp-json\/wp\/v2\/media?parent=939"}],"wp:term":[{"taxonomy":"category","embeddable":true,"href":"https:\/\/msc-werlte.de\/index.php\/wp-json\/wp\/v2\/categories?post=939"},{"taxonomy":"post_tag","embeddable":true,"href":"https:\/\/msc-werlte.de\/index.php\/wp-json\/wp\/v2\/tags?post=939"}],"curies":[{"name":"wp","href":"https:\/\/api.w.org\/{rel}","templated":true}]}}