{"id":1478,"date":"2025-12-03T19:54:00","date_gmt":"2025-12-03T18:54:00","guid":{"rendered":"https:\/\/msc-werlte.de\/?p=1478"},"modified":"2025-12-03T19:57:22","modified_gmt":"2025-12-03T18:57:22","slug":"adac-talent-day-in-oschersleben","status":"publish","type":"post","link":"https:\/\/msc-werlte.de\/index.php\/adac-talent-day-in-oschersleben\/","title":{"rendered":"ADAC Talent Day in Oschersleben"},"content":{"rendered":"<p>Am 8. November fand in der Motorsport-Arena Oschersleben der diesj\u00e4hrige ADAC Talent Day statt. Kinder und Jugendliche erhielten dabei die M\u00f6glichkeit, die faszinierende Vielfalt des Motorsports hautnah zu erleben. In zahlreichen Mitmachaktionen konnten sie unterschiedliche Disziplinen des Zwei- und Vierradbereichs kennenlernen und selbst ausprobieren.<\/p>\n<p>Auch der MSC Werlte war gemeinsam mit Unterst\u00fctzern des ADAC Weser-Ems vor Ort und pr\u00e4sentierte den Bahnsport. Mit gro\u00dfem Engagement erkl\u00e4rten die Vertreter den jungen Besucherinnen und Besuchern die Besonderheiten der Bahnsportmotorr\u00e4der. Viele Kinder nutzten die Chance, erste Fahrerfahrungen auf den speziell bereitgestellten Jugendmaschinen zu sammeln.<\/p>\n<p>Der Talent Day erwies sich als voller Erfolg: Zahlreiche neue und interessierte Teilnehmende fanden den Weg in die Arena, informierten sich, stellten Fragen und wagten ihre ersten Schritte auf dem Motorrad. Vielleicht wurde an diesem Wochenende bei dem einen oder anderen das motorsportliche Feuer entfacht \u2013 und ein zuk\u00fcnftiger Bahnsportstar geboren.<\/p>\n<p>Der MSC Werlte bedankt sich herzlich beim ADAC Weser-Ems f\u00fcr die Organisation und die Einladung zur Teilnahme.<\/p>\n<p>&nbsp;<\/p>\n<p><img loading=\"lazy\" decoding=\"async\" class=\"alignnone size-medium wp-image-1487\" src=\"https:\/\/msc-werlte.de\/wp-content\/uploads\/2025\/12\/PHOTO-2025-11-10-09-13-35-300x225.jpg\" alt=\"\" width=\"300\" height=\"225\" srcset=\"https:\/\/msc-werlte.de\/wp-content\/uploads\/2025\/12\/PHOTO-2025-11-10-09-13-35-300x225.jpg 300w, https:\/\/msc-werlte.de\/wp-content\/uploads\/2025\/12\/PHOTO-2025-11-10-09-13-35-1024x768.jpg 1024w, https:\/\/msc-werlte.de\/wp-content\/uploads\/2025\/12\/PHOTO-2025-11-10-09-13-35-768x576.jpg 768w, https:\/\/msc-werlte.de\/wp-content\/uploads\/2025\/12\/PHOTO-2025-11-10-09-13-35-1536x1152.jpg 1536w, https:\/\/msc-werlte.de\/wp-content\/uploads\/2025\/12\/PHOTO-2025-11-10-09-13-35.jpg 1600w\" sizes=\"auto, (max-width: 300px) 100vw, 300px\" \/> <img loading=\"lazy\" decoding=\"async\" class=\"alignnone size-medium wp-image-1488\" src=\"https:\/\/msc-werlte.de\/wp-content\/uploads\/2025\/12\/PHOTO-2025-11-10-09-13-35_1-300x225.jpg\" alt=\"\" width=\"300\" height=\"225\" srcset=\"https:\/\/msc-werlte.de\/wp-content\/uploads\/2025\/12\/PHOTO-2025-11-10-09-13-35_1-300x225.jpg 300w, https:\/\/msc-werlte.de\/wp-content\/uploads\/2025\/12\/PHOTO-2025-11-10-09-13-35_1-1024x768.jpg 1024w, https:\/\/msc-werlte.de\/wp-content\/uploads\/2025\/12\/PHOTO-2025-11-10-09-13-35_1-768x576.jpg 768w, https:\/\/msc-werlte.de\/wp-content\/uploads\/2025\/12\/PHOTO-2025-11-10-09-13-35_1-1536x1152.jpg 1536w, https:\/\/msc-werlte.de\/wp-content\/uploads\/2025\/12\/PHOTO-2025-11-10-09-13-35_1.jpg 1600w\" sizes=\"auto, (max-width: 300px) 100vw, 300px\" \/> <img loading=\"lazy\" decoding=\"async\" class=\"alignnone size-medium wp-image-1489\" src=\"https:\/\/msc-werlte.de\/wp-content\/uploads\/2025\/12\/PHOTO-2025-11-10-09-13-35_2-1-225x300.jpg\" alt=\"\" width=\"225\" height=\"300\" srcset=\"https:\/\/msc-werlte.de\/wp-content\/uploads\/2025\/12\/PHOTO-2025-11-10-09-13-35_2-1-225x300.jpg 225w, https:\/\/msc-werlte.de\/wp-content\/uploads\/2025\/12\/PHOTO-2025-11-10-09-13-35_2-1-768x1024.jpg 768w, https:\/\/msc-werlte.de\/wp-content\/uploads\/2025\/12\/PHOTO-2025-11-10-09-13-35_2-1-1152x1536.jpg 1152w, https:\/\/msc-werlte.de\/wp-content\/uploads\/2025\/12\/PHOTO-2025-11-10-09-13-35_2-1.jpg 1200w\" sizes=\"auto, (max-width: 225px) 100vw, 225px\" \/> <img loading=\"lazy\" decoding=\"async\" class=\"alignnone size-medium wp-image-1490\" src=\"https:\/\/msc-werlte.de\/wp-content\/uploads\/2025\/12\/PHOTO-2025-11-10-09-13-35_3-225x300.jpg\" alt=\"\" width=\"225\" height=\"300\" srcset=\"https:\/\/msc-werlte.de\/wp-content\/uploads\/2025\/12\/PHOTO-2025-11-10-09-13-35_3-225x300.jpg 225w, https:\/\/msc-werlte.de\/wp-content\/uploads\/2025\/12\/PHOTO-2025-11-10-09-13-35_3.jpg 240w\" sizes=\"auto, (max-width: 225px) 100vw, 225px\" \/> <img loading=\"lazy\" decoding=\"async\" class=\"alignnone size-medium wp-image-1491\" src=\"https:\/\/msc-werlte.de\/wp-content\/uploads\/2025\/12\/PHOTO-2025-12-03-18-58-08-225x300.jpg\" alt=\"\" width=\"225\" height=\"300\" srcset=\"https:\/\/msc-werlte.de\/wp-content\/uploads\/2025\/12\/PHOTO-2025-12-03-18-58-08-225x300.jpg 225w, https:\/\/msc-werlte.de\/wp-content\/uploads\/2025\/12\/PHOTO-2025-12-03-18-58-08-768x1024.jpg 768w, https:\/\/msc-werlte.de\/wp-content\/uploads\/2025\/12\/PHOTO-2025-12-03-18-58-08-1152x1536.jpg 1152w, https:\/\/msc-werlte.de\/wp-content\/uploads\/2025\/12\/PHOTO-2025-12-03-18-58-08.jpg 1200w\" sizes=\"auto, (max-width: 225px) 100vw, 225px\" \/><\/p>\n<div class=\"shariff\" data-services=\"facebook\" data-url=\"https:\/\/msc-werlte.de\/index.php\/adac-talent-day-in-oschersleben\/\" data-timestamp=\"1764791842\" data-backendurl=\"https:\/\/msc-werlte.de\/wp-json\/shariff\/v1\/share_counts?\"><ul class=\"shariff-buttons theme-default orientation-horizontal buttonsize-medium\"><li class=\"shariff-button facebook shariff-nocustomcolor\" style=\"background-color:#4273c8\"><a href=\"https:\/\/www.facebook.com\/sharer\/sharer.php?u=https%3A%2F%2Fmsc-werlte.de%2Findex.php%2Fadac-talent-day-in-oschersleben%2F\" title=\"Bei Facebook teilen\" aria-label=\"Bei Facebook teilen\" role=\"button\" rel=\"nofollow\" class=\"shariff-link\" style=\"; background-color:#3b5998; color:#fff\" target=\"_blank\"><span class=\"shariff-icon\" style=\"\"><svg width=\"32px\" height=\"20px\" xmlns=\"http:\/\/www.w3.org\/2000\/svg\" viewBox=\"0 0 18 32\"><path fill=\"#3b5998\" d=\"M17.1 0.2v4.7h-2.8q-1.5 0-2.1 0.6t-0.5 1.9v3.4h5.2l-0.7 5.3h-4.5v13.6h-5.5v-13.6h-4.5v-5.3h4.5v-3.9q0-3.3 1.9-5.2t5-1.8q2.6 0 4.1 0.2z\"\/><\/svg><\/span><span class=\"shariff-text\">teilen<\/span>&nbsp;<span data-service=\"facebook\" style=\"color:#3b5998\" class=\"shariff-count shariff-hidezero\"><\/span>&nbsp;<\/a><\/li><\/ul><\/div>","protected":false},"excerpt":{"rendered":"<p>Am 8. November fand in der Motorsport-Arena Oschersleben der diesj\u00e4hrige ADAC Talent Day statt. Kinder und Jugendliche erhielten dabei die M\u00f6glichkeit, die faszinierende Vielfalt des Motorsports hautnah zu erleben. In zahlreichen Mitmachaktionen konnten sie unterschiedliche Disziplinen des Zwei- und Vierradbereichs kennenlernen und selbst ausprobieren. Auch der MSC Werlte war gemeinsam mit Unterst\u00fctzern des ADAC Weser-Ems vor Ort und pr\u00e4sentierte den [&hellip;]<\/p>\n","protected":false},"author":2,"featured_media":1485,"comment_status":"closed","ping_status":"open","sticky":false,"template":"","format":"standard","meta":{"footnotes":""},"categories":[1],"tags":[],"class_list":["post-1478","post","type-post","status-publish","format-standard","has-post-thumbnail","hentry","category-allgemein"],"yoast_head":"<!-- This site is optimized with the Yoast SEO plugin v27.5 - https:\/\/yoast.com\/product\/yoast-seo-wordpress\/ -->\n<title>ADAC Talent Day in Oschersleben - MSC H\u00fcmmling Werlte<\/title>\n<meta name=\"robots\" content=\"index, follow, max-snippet:-1, max-image-preview:large, max-video-preview:-1\" \/>\n<link rel=\"canonical\" href=\"https:\/\/msc-werlte.de\/index.php\/adac-talent-day-in-oschersleben\/\" \/>\n<meta property=\"og:locale\" content=\"de_DE\" \/>\n<meta property=\"og:type\" content=\"article\" \/>\n<meta property=\"og:title\" content=\"ADAC Talent Day in Oschersleben - MSC H\u00fcmmling Werlte\" \/>\n<meta property=\"og:description\" content=\"Am 8. November fand in der Motorsport-Arena Oschersleben der diesj\u00e4hrige ADAC Talent Day statt. Kinder und Jugendliche erhielten dabei die M\u00f6glichkeit, die faszinierende Vielfalt des Motorsports hautnah zu erleben. In zahlreichen Mitmachaktionen konnten sie unterschiedliche Disziplinen des Zwei- und Vierradbereichs kennenlernen und selbst ausprobieren. Auch der MSC Werlte war gemeinsam mit Unterst\u00fctzern des ADAC Weser-Ems vor Ort und pr\u00e4sentierte den [&hellip;]\" \/>\n<meta property=\"og:url\" content=\"https:\/\/msc-werlte.de\/index.php\/adac-talent-day-in-oschersleben\/\" \/>\n<meta property=\"og:site_name\" content=\"MSC H\u00fcmmling Werlte\" \/>\n<meta property=\"article:publisher\" content=\"https:\/\/www.facebook.com\/MscHummlingWerlteEvImAdac\" \/>\n<meta property=\"article:published_time\" content=\"2025-12-03T18:54:00+00:00\" \/>\n<meta property=\"article:modified_time\" content=\"2025-12-03T18:57:22+00:00\" \/>\n<meta property=\"og:image\" content=\"https:\/\/msc-werlte.de\/wp-content\/uploads\/2025\/12\/PHOTO-2025-11-10-09-13-35_2.jpg\" \/>\n\t<meta property=\"og:image:width\" content=\"1200\" \/>\n\t<meta property=\"og:image:height\" content=\"1600\" \/>\n\t<meta property=\"og:image:type\" content=\"image\/jpeg\" \/>\n<meta name=\"author\" content=\"Redaktion\" \/>\n<meta name=\"twitter:card\" content=\"summary_large_image\" \/>\n<meta name=\"twitter:label1\" content=\"Verfasst von\" \/>\n\t<meta name=\"twitter:data1\" content=\"Redaktion\" \/>\n\t<meta name=\"twitter:label2\" content=\"Gesch\u00e4tzte Lesezeit\" \/>\n\t<meta name=\"twitter:data2\" content=\"3\u00a0Minuten\" \/>\n<script type=\"application\/ld+json\" class=\"yoast-schema-graph\">{\"@context\":\"https:\\\/\\\/schema.org\",\"@graph\":[{\"@type\":\"Article\",\"@id\":\"https:\\\/\\\/msc-werlte.de\\\/index.php\\\/adac-talent-day-in-oschersleben\\\/#article\",\"isPartOf\":{\"@id\":\"https:\\\/\\\/msc-werlte.de\\\/index.php\\\/adac-talent-day-in-oschersleben\\\/\"},\"author\":{\"name\":\"Redaktion\",\"@id\":\"https:\\\/\\\/msc-werlte.de\\\/#\\\/schema\\\/person\\\/2ca3dce1bd60dd976921168be8f7fd27\"},\"headline\":\"ADAC Talent Day in Oschersleben\",\"datePublished\":\"2025-12-03T18:54:00+00:00\",\"dateModified\":\"2025-12-03T18:57:22+00:00\",\"mainEntityOfPage\":{\"@id\":\"https:\\\/\\\/msc-werlte.de\\\/index.php\\\/adac-talent-day-in-oschersleben\\\/\"},\"wordCount\":171,\"publisher\":{\"@id\":\"https:\\\/\\\/msc-werlte.de\\\/#organization\"},\"image\":{\"@id\":\"https:\\\/\\\/msc-werlte.de\\\/index.php\\\/adac-talent-day-in-oschersleben\\\/#primaryimage\"},\"thumbnailUrl\":\"https:\\\/\\\/msc-werlte.de\\\/wp-content\\\/uploads\\\/2025\\\/12\\\/PHOTO-2025-11-10-09-13-35_2.jpg\",\"inLanguage\":\"de\"},{\"@type\":\"WebPage\",\"@id\":\"https:\\\/\\\/msc-werlte.de\\\/index.php\\\/adac-talent-day-in-oschersleben\\\/\",\"url\":\"https:\\\/\\\/msc-werlte.de\\\/index.php\\\/adac-talent-day-in-oschersleben\\\/\",\"name\":\"ADAC Talent Day in Oschersleben - MSC H\u00fcmmling Werlte\",\"isPartOf\":{\"@id\":\"https:\\\/\\\/msc-werlte.de\\\/#website\"},\"primaryImageOfPage\":{\"@id\":\"https:\\\/\\\/msc-werlte.de\\\/index.php\\\/adac-talent-day-in-oschersleben\\\/#primaryimage\"},\"image\":{\"@id\":\"https:\\\/\\\/msc-werlte.de\\\/index.php\\\/adac-talent-day-in-oschersleben\\\/#primaryimage\"},\"thumbnailUrl\":\"https:\\\/\\\/msc-werlte.de\\\/wp-content\\\/uploads\\\/2025\\\/12\\\/PHOTO-2025-11-10-09-13-35_2.jpg\",\"datePublished\":\"2025-12-03T18:54:00+00:00\",\"dateModified\":\"2025-12-03T18:57:22+00:00\",\"breadcrumb\":{\"@id\":\"https:\\\/\\\/msc-werlte.de\\\/index.php\\\/adac-talent-day-in-oschersleben\\\/#breadcrumb\"},\"inLanguage\":\"de\",\"potentialAction\":[{\"@type\":\"ReadAction\",\"target\":[\"https:\\\/\\\/msc-werlte.de\\\/index.php\\\/adac-talent-day-in-oschersleben\\\/\"]}]},{\"@type\":\"ImageObject\",\"inLanguage\":\"de\",\"@id\":\"https:\\\/\\\/msc-werlte.de\\\/index.php\\\/adac-talent-day-in-oschersleben\\\/#primaryimage\",\"url\":\"https:\\\/\\\/msc-werlte.de\\\/wp-content\\\/uploads\\\/2025\\\/12\\\/PHOTO-2025-11-10-09-13-35_2.jpg\",\"contentUrl\":\"https:\\\/\\\/msc-werlte.de\\\/wp-content\\\/uploads\\\/2025\\\/12\\\/PHOTO-2025-11-10-09-13-35_2.jpg\",\"width\":1200,\"height\":1600},{\"@type\":\"BreadcrumbList\",\"@id\":\"https:\\\/\\\/msc-werlte.de\\\/index.php\\\/adac-talent-day-in-oschersleben\\\/#breadcrumb\",\"itemListElement\":[{\"@type\":\"ListItem\",\"position\":1,\"name\":\"Startseite\",\"item\":\"https:\\\/\\\/msc-werlte.de\\\/\"},{\"@type\":\"ListItem\",\"position\":2,\"name\":\"ADAC Talent Day in Oschersleben\"}]},{\"@type\":\"WebSite\",\"@id\":\"https:\\\/\\\/msc-werlte.de\\\/#website\",\"url\":\"https:\\\/\\\/msc-werlte.de\\\/\",\"name\":\"MSC H\u00fcmmling Werlte\",\"description\":\"\",\"publisher\":{\"@id\":\"https:\\\/\\\/msc-werlte.de\\\/#organization\"},\"potentialAction\":[{\"@type\":\"SearchAction\",\"target\":{\"@type\":\"EntryPoint\",\"urlTemplate\":\"https:\\\/\\\/msc-werlte.de\\\/?s={search_term_string}\"},\"query-input\":{\"@type\":\"PropertyValueSpecification\",\"valueRequired\":true,\"valueName\":\"search_term_string\"}}],\"inLanguage\":\"de\"},{\"@type\":\"Organization\",\"@id\":\"https:\\\/\\\/msc-werlte.de\\\/#organization\",\"name\":\"MSC H\u00fcmmling Werlte\",\"url\":\"https:\\\/\\\/msc-werlte.de\\\/\",\"logo\":{\"@type\":\"ImageObject\",\"inLanguage\":\"de\",\"@id\":\"https:\\\/\\\/msc-werlte.de\\\/#\\\/schema\\\/logo\\\/image\\\/\",\"url\":\"https:\\\/\\\/msc-werlte.de\\\/wp-content\\\/uploads\\\/2022\\\/10\\\/MSC-Werlte_329px_Final.png\",\"contentUrl\":\"https:\\\/\\\/msc-werlte.de\\\/wp-content\\\/uploads\\\/2022\\\/10\\\/MSC-Werlte_329px_Final.png\",\"width\":329,\"height\":329,\"caption\":\"MSC H\u00fcmmling Werlte\"},\"image\":{\"@id\":\"https:\\\/\\\/msc-werlte.de\\\/#\\\/schema\\\/logo\\\/image\\\/\"},\"sameAs\":[\"https:\\\/\\\/www.facebook.com\\\/MscHummlingWerlteEvImAdac\"]},{\"@type\":\"Person\",\"@id\":\"https:\\\/\\\/msc-werlte.de\\\/#\\\/schema\\\/person\\\/2ca3dce1bd60dd976921168be8f7fd27\",\"name\":\"Redaktion\",\"image\":{\"@type\":\"ImageObject\",\"inLanguage\":\"de\",\"@id\":\"https:\\\/\\\/secure.gravatar.com\\\/avatar\\\/f453567527ece4e31e66e3a5fdbfef099714fb17581b77051f95588feb6f55ab?s=96&d=mm&r=g\",\"url\":\"https:\\\/\\\/secure.gravatar.com\\\/avatar\\\/f453567527ece4e31e66e3a5fdbfef099714fb17581b77051f95588feb6f55ab?s=96&d=mm&r=g\",\"contentUrl\":\"https:\\\/\\\/secure.gravatar.com\\\/avatar\\\/f453567527ece4e31e66e3a5fdbfef099714fb17581b77051f95588feb6f55ab?s=96&d=mm&r=g\",\"caption\":\"Redaktion\"},\"url\":\"https:\\\/\\\/msc-werlte.de\\\/index.php\\\/author\\\/readaktion\\\/\"}]}<\/script>\n<!-- \/ Yoast SEO plugin. -->","yoast_head_json":{"title":"ADAC Talent Day in Oschersleben - MSC H\u00fcmmling Werlte","robots":{"index":"index","follow":"follow","max-snippet":"max-snippet:-1","max-image-preview":"max-image-preview:large","max-video-preview":"max-video-preview:-1"},"canonical":"https:\/\/msc-werlte.de\/index.php\/adac-talent-day-in-oschersleben\/","og_locale":"de_DE","og_type":"article","og_title":"ADAC Talent Day in Oschersleben - MSC H\u00fcmmling Werlte","og_description":"Am 8. November fand in der Motorsport-Arena Oschersleben der diesj\u00e4hrige ADAC Talent Day statt. Kinder und Jugendliche erhielten dabei die M\u00f6glichkeit, die faszinierende Vielfalt des Motorsports hautnah zu erleben. In zahlreichen Mitmachaktionen konnten sie unterschiedliche Disziplinen des Zwei- und Vierradbereichs kennenlernen und selbst ausprobieren. Auch der MSC Werlte war gemeinsam mit Unterst\u00fctzern des ADAC Weser-Ems vor Ort und pr\u00e4sentierte den [&hellip;]","og_url":"https:\/\/msc-werlte.de\/index.php\/adac-talent-day-in-oschersleben\/","og_site_name":"MSC H\u00fcmmling Werlte","article_publisher":"https:\/\/www.facebook.com\/MscHummlingWerlteEvImAdac","article_published_time":"2025-12-03T18:54:00+00:00","article_modified_time":"2025-12-03T18:57:22+00:00","og_image":[{"width":1200,"height":1600,"url":"https:\/\/msc-werlte.de\/wp-content\/uploads\/2025\/12\/PHOTO-2025-11-10-09-13-35_2.jpg","type":"image\/jpeg"}],"author":"Redaktion","twitter_card":"summary_large_image","twitter_misc":{"Verfasst von":"Redaktion","Gesch\u00e4tzte Lesezeit":"3\u00a0Minuten"},"schema":{"@context":"https:\/\/schema.org","@graph":[{"@type":"Article","@id":"https:\/\/msc-werlte.de\/index.php\/adac-talent-day-in-oschersleben\/#article","isPartOf":{"@id":"https:\/\/msc-werlte.de\/index.php\/adac-talent-day-in-oschersleben\/"},"author":{"name":"Redaktion","@id":"https:\/\/msc-werlte.de\/#\/schema\/person\/2ca3dce1bd60dd976921168be8f7fd27"},"headline":"ADAC Talent Day in Oschersleben","datePublished":"2025-12-03T18:54:00+00:00","dateModified":"2025-12-03T18:57:22+00:00","mainEntityOfPage":{"@id":"https:\/\/msc-werlte.de\/index.php\/adac-talent-day-in-oschersleben\/"},"wordCount":171,"publisher":{"@id":"https:\/\/msc-werlte.de\/#organization"},"image":{"@id":"https:\/\/msc-werlte.de\/index.php\/adac-talent-day-in-oschersleben\/#primaryimage"},"thumbnailUrl":"https:\/\/msc-werlte.de\/wp-content\/uploads\/2025\/12\/PHOTO-2025-11-10-09-13-35_2.jpg","inLanguage":"de"},{"@type":"WebPage","@id":"https:\/\/msc-werlte.de\/index.php\/adac-talent-day-in-oschersleben\/","url":"https:\/\/msc-werlte.de\/index.php\/adac-talent-day-in-oschersleben\/","name":"ADAC Talent Day in Oschersleben - MSC H\u00fcmmling Werlte","isPartOf":{"@id":"https:\/\/msc-werlte.de\/#website"},"primaryImageOfPage":{"@id":"https:\/\/msc-werlte.de\/index.php\/adac-talent-day-in-oschersleben\/#primaryimage"},"image":{"@id":"https:\/\/msc-werlte.de\/index.php\/adac-talent-day-in-oschersleben\/#primaryimage"},"thumbnailUrl":"https:\/\/msc-werlte.de\/wp-content\/uploads\/2025\/12\/PHOTO-2025-11-10-09-13-35_2.jpg","datePublished":"2025-12-03T18:54:00+00:00","dateModified":"2025-12-03T18:57:22+00:00","breadcrumb":{"@id":"https:\/\/msc-werlte.de\/index.php\/adac-talent-day-in-oschersleben\/#breadcrumb"},"inLanguage":"de","potentialAction":[{"@type":"ReadAction","target":["https:\/\/msc-werlte.de\/index.php\/adac-talent-day-in-oschersleben\/"]}]},{"@type":"ImageObject","inLanguage":"de","@id":"https:\/\/msc-werlte.de\/index.php\/adac-talent-day-in-oschersleben\/#primaryimage","url":"https:\/\/msc-werlte.de\/wp-content\/uploads\/2025\/12\/PHOTO-2025-11-10-09-13-35_2.jpg","contentUrl":"https:\/\/msc-werlte.de\/wp-content\/uploads\/2025\/12\/PHOTO-2025-11-10-09-13-35_2.jpg","width":1200,"height":1600},{"@type":"BreadcrumbList","@id":"https:\/\/msc-werlte.de\/index.php\/adac-talent-day-in-oschersleben\/#breadcrumb","itemListElement":[{"@type":"ListItem","position":1,"name":"Startseite","item":"https:\/\/msc-werlte.de\/"},{"@type":"ListItem","position":2,"name":"ADAC Talent Day in Oschersleben"}]},{"@type":"WebSite","@id":"https:\/\/msc-werlte.de\/#website","url":"https:\/\/msc-werlte.de\/","name":"MSC H\u00fcmmling Werlte","description":"","publisher":{"@id":"https:\/\/msc-werlte.de\/#organization"},"potentialAction":[{"@type":"SearchAction","target":{"@type":"EntryPoint","urlTemplate":"https:\/\/msc-werlte.de\/?s={search_term_string}"},"query-input":{"@type":"PropertyValueSpecification","valueRequired":true,"valueName":"search_term_string"}}],"inLanguage":"de"},{"@type":"Organization","@id":"https:\/\/msc-werlte.de\/#organization","name":"MSC H\u00fcmmling Werlte","url":"https:\/\/msc-werlte.de\/","logo":{"@type":"ImageObject","inLanguage":"de","@id":"https:\/\/msc-werlte.de\/#\/schema\/logo\/image\/","url":"https:\/\/msc-werlte.de\/wp-content\/uploads\/2022\/10\/MSC-Werlte_329px_Final.png","contentUrl":"https:\/\/msc-werlte.de\/wp-content\/uploads\/2022\/10\/MSC-Werlte_329px_Final.png","width":329,"height":329,"caption":"MSC H\u00fcmmling Werlte"},"image":{"@id":"https:\/\/msc-werlte.de\/#\/schema\/logo\/image\/"},"sameAs":["https:\/\/www.facebook.com\/MscHummlingWerlteEvImAdac"]},{"@type":"Person","@id":"https:\/\/msc-werlte.de\/#\/schema\/person\/2ca3dce1bd60dd976921168be8f7fd27","name":"Redaktion","image":{"@type":"ImageObject","inLanguage":"de","@id":"https:\/\/secure.gravatar.com\/avatar\/f453567527ece4e31e66e3a5fdbfef099714fb17581b77051f95588feb6f55ab?s=96&d=mm&r=g","url":"https:\/\/secure.gravatar.com\/avatar\/f453567527ece4e31e66e3a5fdbfef099714fb17581b77051f95588feb6f55ab?s=96&d=mm&r=g","contentUrl":"https:\/\/secure.gravatar.com\/avatar\/f453567527ece4e31e66e3a5fdbfef099714fb17581b77051f95588feb6f55ab?s=96&d=mm&r=g","caption":"Redaktion"},"url":"https:\/\/msc-werlte.de\/index.php\/author\/readaktion\/"}]}},"_links":{"self":[{"href":"https:\/\/msc-werlte.de\/index.php\/wp-json\/wp\/v2\/posts\/1478","targetHints":{"allow":["GET"]}}],"collection":[{"href":"https:\/\/msc-werlte.de\/index.php\/wp-json\/wp\/v2\/posts"}],"about":[{"href":"https:\/\/msc-werlte.de\/index.php\/wp-json\/wp\/v2\/types\/post"}],"author":[{"embeddable":true,"href":"https:\/\/msc-werlte.de\/index.php\/wp-json\/wp\/v2\/users\/2"}],"replies":[{"embeddable":true,"href":"https:\/\/msc-werlte.de\/index.php\/wp-json\/wp\/v2\/comments?post=1478"}],"version-history":[{"count":3,"href":"https:\/\/msc-werlte.de\/index.php\/wp-json\/wp\/v2\/posts\/1478\/revisions"}],"predecessor-version":[{"id":1492,"href":"https:\/\/msc-werlte.de\/index.php\/wp-json\/wp\/v2\/posts\/1478\/revisions\/1492"}],"wp:featuredmedia":[{"embeddable":true,"href":"https:\/\/msc-werlte.de\/index.php\/wp-json\/wp\/v2\/media\/1485"}],"wp:attachment":[{"href":"https:\/\/msc-werlte.de\/index.php\/wp-json\/wp\/v2\/media?parent=1478"}],"wp:term":[{"taxonomy":"category","embeddable":true,"href":"https:\/\/msc-werlte.de\/index.php\/wp-json\/wp\/v2\/categories?post=1478"},{"taxonomy":"post_tag","embeddable":true,"href":"https:\/\/msc-werlte.de\/index.php\/wp-json\/wp\/v2\/tags?post=1478"}],"curies":[{"name":"wp","href":"https:\/\/api.w.org\/{rel}","templated":true}]}}