{"id":1477,"date":"2025-12-03T19:42:30","date_gmt":"2025-12-03T18:42:30","guid":{"rendered":"https:\/\/msc-werlte.de\/?p=1477"},"modified":"2025-12-03T19:42:30","modified_gmt":"2025-12-03T18:42:30","slug":"vereinsjubilaeum-beim-dmsc-bielefeld","status":"publish","type":"post","link":"https:\/\/msc-werlte.de\/index.php\/vereinsjubilaeum-beim-dmsc-bielefeld\/","title":{"rendered":"Vereinsjubil\u00e4um beim DMSC Bielefeld"},"content":{"rendered":"<p>Am 9. November folgte der MSC Werlte der Einladung des DMSC Bielefeld zur Feier des 75-j\u00e4hrigen Vereinsjubil\u00e4ums. Bei stimmungsvoller Atmosph\u00e4re genoss der MSC einen rundum gelungenen Tag. F\u00fcr das leibliche Wohl war mit gutem Essen und erfrischenden Getr\u00e4nken bestens gesorgt. Zahlreiche bekannte Gesichter sorgten f\u00fcr regen Austausch, und viele Anekdoten aus sieben Jahrzehnten Vereinsgeschichte wurden lebhaft bei bester Laune diskutiert.<\/p>\n<p>Besonders beeindruckend war die Ausstellung von (historischen) Motorr\u00e4dern, die nicht nur Technikinteressierte begeisterte, sondern auch Anlass zu sch\u00f6nen Erinnerungen bot. Die gemeinsame Zeit brachte sch\u00f6ne Gedanken an vergangene Zeiten hervor und st\u00e4rkte die Verbundenheit der Vereine.<\/p>\n<p>Der MSC Werlte bedankt sich herzlich beim DMSC Bielefeld f\u00fcr die Einladung und w\u00fcnscht weiterhin viel Erfolg f\u00fcr die kommenden Vereinsaktivit\u00e4ten.<\/p>\n<p><img loading=\"lazy\" decoding=\"async\" class=\"alignnone wp-image-1481 \" src=\"https:\/\/msc-werlte.de\/wp-content\/uploads\/2025\/12\/57a3de33-446e-4a1d-8baf-0f32dc23228f.jpg\" alt=\"\" width=\"276\" height=\"207\" srcset=\"https:\/\/msc-werlte.de\/wp-content\/uploads\/2025\/12\/57a3de33-446e-4a1d-8baf-0f32dc23228f.jpg 1600w, https:\/\/msc-werlte.de\/wp-content\/uploads\/2025\/12\/57a3de33-446e-4a1d-8baf-0f32dc23228f-300x225.jpg 300w, https:\/\/msc-werlte.de\/wp-content\/uploads\/2025\/12\/57a3de33-446e-4a1d-8baf-0f32dc23228f-1024x768.jpg 1024w, https:\/\/msc-werlte.de\/wp-content\/uploads\/2025\/12\/57a3de33-446e-4a1d-8baf-0f32dc23228f-768x576.jpg 768w, https:\/\/msc-werlte.de\/wp-content\/uploads\/2025\/12\/57a3de33-446e-4a1d-8baf-0f32dc23228f-1536x1152.jpg 1536w\" sizes=\"auto, (max-width: 276px) 100vw, 276px\" \/><\/p>\n<div class=\"shariff\" data-services=\"facebook\" data-url=\"https:\/\/msc-werlte.de\/index.php\/vereinsjubilaeum-beim-dmsc-bielefeld\/\" data-timestamp=\"1764790950\" data-backendurl=\"https:\/\/msc-werlte.de\/wp-json\/shariff\/v1\/share_counts?\"><ul class=\"shariff-buttons theme-default orientation-horizontal buttonsize-medium\"><li class=\"shariff-button facebook shariff-nocustomcolor\" style=\"background-color:#4273c8\"><a href=\"https:\/\/www.facebook.com\/sharer\/sharer.php?u=https%3A%2F%2Fmsc-werlte.de%2Findex.php%2Fvereinsjubilaeum-beim-dmsc-bielefeld%2F\" title=\"Bei Facebook teilen\" aria-label=\"Bei Facebook teilen\" role=\"button\" rel=\"nofollow\" class=\"shariff-link\" style=\"; background-color:#3b5998; color:#fff\" target=\"_blank\"><span class=\"shariff-icon\" style=\"\"><svg width=\"32px\" height=\"20px\" xmlns=\"http:\/\/www.w3.org\/2000\/svg\" viewBox=\"0 0 18 32\"><path fill=\"#3b5998\" d=\"M17.1 0.2v4.7h-2.8q-1.5 0-2.1 0.6t-0.5 1.9v3.4h5.2l-0.7 5.3h-4.5v13.6h-5.5v-13.6h-4.5v-5.3h4.5v-3.9q0-3.3 1.9-5.2t5-1.8q2.6 0 4.1 0.2z\"\/><\/svg><\/span><span class=\"shariff-text\">teilen<\/span>&nbsp;<span data-service=\"facebook\" style=\"color:#3b5998\" class=\"shariff-count shariff-hidezero\"><\/span>&nbsp;<\/a><\/li><\/ul><\/div>","protected":false},"excerpt":{"rendered":"<p>Am 9. November folgte der MSC Werlte der Einladung des DMSC Bielefeld zur Feier des 75-j\u00e4hrigen Vereinsjubil\u00e4ums. Bei stimmungsvoller Atmosph\u00e4re genoss der MSC einen rundum gelungenen Tag. F\u00fcr das leibliche Wohl war mit gutem Essen und erfrischenden Getr\u00e4nken bestens gesorgt. Zahlreiche bekannte Gesichter sorgten f\u00fcr regen Austausch, und viele Anekdoten aus sieben Jahrzehnten Vereinsgeschichte wurden lebhaft bei bester Laune diskutiert. [&hellip;]<\/p>\n","protected":false},"author":2,"featured_media":1480,"comment_status":"closed","ping_status":"open","sticky":false,"template":"","format":"standard","meta":{"footnotes":""},"categories":[1],"tags":[],"class_list":["post-1477","post","type-post","status-publish","format-standard","has-post-thumbnail","hentry","category-allgemein"],"yoast_head":"<!-- This site is optimized with the Yoast SEO plugin v27.5 - https:\/\/yoast.com\/product\/yoast-seo-wordpress\/ -->\n<title>Vereinsjubil\u00e4um beim DMSC Bielefeld - MSC H\u00fcmmling Werlte<\/title>\n<meta name=\"robots\" content=\"index, follow, max-snippet:-1, max-image-preview:large, max-video-preview:-1\" \/>\n<link rel=\"canonical\" href=\"https:\/\/msc-werlte.de\/index.php\/vereinsjubilaeum-beim-dmsc-bielefeld\/\" \/>\n<meta property=\"og:locale\" content=\"de_DE\" \/>\n<meta property=\"og:type\" content=\"article\" \/>\n<meta property=\"og:title\" content=\"Vereinsjubil\u00e4um beim DMSC Bielefeld - MSC H\u00fcmmling Werlte\" \/>\n<meta property=\"og:description\" content=\"Am 9. November folgte der MSC Werlte der Einladung des DMSC Bielefeld zur Feier des 75-j\u00e4hrigen Vereinsjubil\u00e4ums. Bei stimmungsvoller Atmosph\u00e4re genoss der MSC einen rundum gelungenen Tag. F\u00fcr das leibliche Wohl war mit gutem Essen und erfrischenden Getr\u00e4nken bestens gesorgt. Zahlreiche bekannte Gesichter sorgten f\u00fcr regen Austausch, und viele Anekdoten aus sieben Jahrzehnten Vereinsgeschichte wurden lebhaft bei bester Laune diskutiert. [&hellip;]\" \/>\n<meta property=\"og:url\" content=\"https:\/\/msc-werlte.de\/index.php\/vereinsjubilaeum-beim-dmsc-bielefeld\/\" \/>\n<meta property=\"og:site_name\" content=\"MSC H\u00fcmmling Werlte\" \/>\n<meta property=\"article:publisher\" content=\"https:\/\/www.facebook.com\/MscHummlingWerlteEvImAdac\" \/>\n<meta property=\"article:published_time\" content=\"2025-12-03T18:42:30+00:00\" \/>\n<meta property=\"og:image\" content=\"https:\/\/msc-werlte.de\/wp-content\/uploads\/2025\/12\/79233a2a-589c-4e40-87dc-766536bf191d.jpg\" \/>\n\t<meta property=\"og:image:width\" content=\"1600\" \/>\n\t<meta property=\"og:image:height\" content=\"1200\" \/>\n\t<meta property=\"og:image:type\" content=\"image\/jpeg\" \/>\n<meta name=\"author\" content=\"Redaktion\" \/>\n<meta name=\"twitter:card\" content=\"summary_large_image\" \/>\n<meta name=\"twitter:label1\" content=\"Verfasst von\" \/>\n\t<meta name=\"twitter:data1\" content=\"Redaktion\" \/>\n\t<meta name=\"twitter:label2\" content=\"Gesch\u00e4tzte Lesezeit\" \/>\n\t<meta name=\"twitter:data2\" content=\"2\u00a0Minuten\" \/>\n<script type=\"application\/ld+json\" class=\"yoast-schema-graph\">{\"@context\":\"https:\\\/\\\/schema.org\",\"@graph\":[{\"@type\":\"Article\",\"@id\":\"https:\\\/\\\/msc-werlte.de\\\/index.php\\\/vereinsjubilaeum-beim-dmsc-bielefeld\\\/#article\",\"isPartOf\":{\"@id\":\"https:\\\/\\\/msc-werlte.de\\\/index.php\\\/vereinsjubilaeum-beim-dmsc-bielefeld\\\/\"},\"author\":{\"name\":\"Redaktion\",\"@id\":\"https:\\\/\\\/msc-werlte.de\\\/#\\\/schema\\\/person\\\/2ca3dce1bd60dd976921168be8f7fd27\"},\"headline\":\"Vereinsjubil\u00e4um beim DMSC Bielefeld\",\"datePublished\":\"2025-12-03T18:42:30+00:00\",\"mainEntityOfPage\":{\"@id\":\"https:\\\/\\\/msc-werlte.de\\\/index.php\\\/vereinsjubilaeum-beim-dmsc-bielefeld\\\/\"},\"wordCount\":135,\"publisher\":{\"@id\":\"https:\\\/\\\/msc-werlte.de\\\/#organization\"},\"image\":{\"@id\":\"https:\\\/\\\/msc-werlte.de\\\/index.php\\\/vereinsjubilaeum-beim-dmsc-bielefeld\\\/#primaryimage\"},\"thumbnailUrl\":\"https:\\\/\\\/msc-werlte.de\\\/wp-content\\\/uploads\\\/2025\\\/12\\\/79233a2a-589c-4e40-87dc-766536bf191d.jpg\",\"inLanguage\":\"de\"},{\"@type\":\"WebPage\",\"@id\":\"https:\\\/\\\/msc-werlte.de\\\/index.php\\\/vereinsjubilaeum-beim-dmsc-bielefeld\\\/\",\"url\":\"https:\\\/\\\/msc-werlte.de\\\/index.php\\\/vereinsjubilaeum-beim-dmsc-bielefeld\\\/\",\"name\":\"Vereinsjubil\u00e4um beim DMSC Bielefeld - MSC H\u00fcmmling Werlte\",\"isPartOf\":{\"@id\":\"https:\\\/\\\/msc-werlte.de\\\/#website\"},\"primaryImageOfPage\":{\"@id\":\"https:\\\/\\\/msc-werlte.de\\\/index.php\\\/vereinsjubilaeum-beim-dmsc-bielefeld\\\/#primaryimage\"},\"image\":{\"@id\":\"https:\\\/\\\/msc-werlte.de\\\/index.php\\\/vereinsjubilaeum-beim-dmsc-bielefeld\\\/#primaryimage\"},\"thumbnailUrl\":\"https:\\\/\\\/msc-werlte.de\\\/wp-content\\\/uploads\\\/2025\\\/12\\\/79233a2a-589c-4e40-87dc-766536bf191d.jpg\",\"datePublished\":\"2025-12-03T18:42:30+00:00\",\"breadcrumb\":{\"@id\":\"https:\\\/\\\/msc-werlte.de\\\/index.php\\\/vereinsjubilaeum-beim-dmsc-bielefeld\\\/#breadcrumb\"},\"inLanguage\":\"de\",\"potentialAction\":[{\"@type\":\"ReadAction\",\"target\":[\"https:\\\/\\\/msc-werlte.de\\\/index.php\\\/vereinsjubilaeum-beim-dmsc-bielefeld\\\/\"]}]},{\"@type\":\"ImageObject\",\"inLanguage\":\"de\",\"@id\":\"https:\\\/\\\/msc-werlte.de\\\/index.php\\\/vereinsjubilaeum-beim-dmsc-bielefeld\\\/#primaryimage\",\"url\":\"https:\\\/\\\/msc-werlte.de\\\/wp-content\\\/uploads\\\/2025\\\/12\\\/79233a2a-589c-4e40-87dc-766536bf191d.jpg\",\"contentUrl\":\"https:\\\/\\\/msc-werlte.de\\\/wp-content\\\/uploads\\\/2025\\\/12\\\/79233a2a-589c-4e40-87dc-766536bf191d.jpg\",\"width\":1600,\"height\":1200},{\"@type\":\"BreadcrumbList\",\"@id\":\"https:\\\/\\\/msc-werlte.de\\\/index.php\\\/vereinsjubilaeum-beim-dmsc-bielefeld\\\/#breadcrumb\",\"itemListElement\":[{\"@type\":\"ListItem\",\"position\":1,\"name\":\"Startseite\",\"item\":\"https:\\\/\\\/msc-werlte.de\\\/\"},{\"@type\":\"ListItem\",\"position\":2,\"name\":\"Vereinsjubil\u00e4um beim DMSC Bielefeld\"}]},{\"@type\":\"WebSite\",\"@id\":\"https:\\\/\\\/msc-werlte.de\\\/#website\",\"url\":\"https:\\\/\\\/msc-werlte.de\\\/\",\"name\":\"MSC H\u00fcmmling Werlte\",\"description\":\"\",\"publisher\":{\"@id\":\"https:\\\/\\\/msc-werlte.de\\\/#organization\"},\"potentialAction\":[{\"@type\":\"SearchAction\",\"target\":{\"@type\":\"EntryPoint\",\"urlTemplate\":\"https:\\\/\\\/msc-werlte.de\\\/?s={search_term_string}\"},\"query-input\":{\"@type\":\"PropertyValueSpecification\",\"valueRequired\":true,\"valueName\":\"search_term_string\"}}],\"inLanguage\":\"de\"},{\"@type\":\"Organization\",\"@id\":\"https:\\\/\\\/msc-werlte.de\\\/#organization\",\"name\":\"MSC H\u00fcmmling Werlte\",\"url\":\"https:\\\/\\\/msc-werlte.de\\\/\",\"logo\":{\"@type\":\"ImageObject\",\"inLanguage\":\"de\",\"@id\":\"https:\\\/\\\/msc-werlte.de\\\/#\\\/schema\\\/logo\\\/image\\\/\",\"url\":\"https:\\\/\\\/msc-werlte.de\\\/wp-content\\\/uploads\\\/2022\\\/10\\\/MSC-Werlte_329px_Final.png\",\"contentUrl\":\"https:\\\/\\\/msc-werlte.de\\\/wp-content\\\/uploads\\\/2022\\\/10\\\/MSC-Werlte_329px_Final.png\",\"width\":329,\"height\":329,\"caption\":\"MSC H\u00fcmmling Werlte\"},\"image\":{\"@id\":\"https:\\\/\\\/msc-werlte.de\\\/#\\\/schema\\\/logo\\\/image\\\/\"},\"sameAs\":[\"https:\\\/\\\/www.facebook.com\\\/MscHummlingWerlteEvImAdac\"]},{\"@type\":\"Person\",\"@id\":\"https:\\\/\\\/msc-werlte.de\\\/#\\\/schema\\\/person\\\/2ca3dce1bd60dd976921168be8f7fd27\",\"name\":\"Redaktion\",\"image\":{\"@type\":\"ImageObject\",\"inLanguage\":\"de\",\"@id\":\"https:\\\/\\\/secure.gravatar.com\\\/avatar\\\/f453567527ece4e31e66e3a5fdbfef099714fb17581b77051f95588feb6f55ab?s=96&d=mm&r=g\",\"url\":\"https:\\\/\\\/secure.gravatar.com\\\/avatar\\\/f453567527ece4e31e66e3a5fdbfef099714fb17581b77051f95588feb6f55ab?s=96&d=mm&r=g\",\"contentUrl\":\"https:\\\/\\\/secure.gravatar.com\\\/avatar\\\/f453567527ece4e31e66e3a5fdbfef099714fb17581b77051f95588feb6f55ab?s=96&d=mm&r=g\",\"caption\":\"Redaktion\"},\"url\":\"https:\\\/\\\/msc-werlte.de\\\/index.php\\\/author\\\/readaktion\\\/\"}]}<\/script>\n<!-- \/ Yoast SEO plugin. -->","yoast_head_json":{"title":"Vereinsjubil\u00e4um beim DMSC Bielefeld - MSC H\u00fcmmling Werlte","robots":{"index":"index","follow":"follow","max-snippet":"max-snippet:-1","max-image-preview":"max-image-preview:large","max-video-preview":"max-video-preview:-1"},"canonical":"https:\/\/msc-werlte.de\/index.php\/vereinsjubilaeum-beim-dmsc-bielefeld\/","og_locale":"de_DE","og_type":"article","og_title":"Vereinsjubil\u00e4um beim DMSC Bielefeld - MSC H\u00fcmmling Werlte","og_description":"Am 9. November folgte der MSC Werlte der Einladung des DMSC Bielefeld zur Feier des 75-j\u00e4hrigen Vereinsjubil\u00e4ums. Bei stimmungsvoller Atmosph\u00e4re genoss der MSC einen rundum gelungenen Tag. F\u00fcr das leibliche Wohl war mit gutem Essen und erfrischenden Getr\u00e4nken bestens gesorgt. Zahlreiche bekannte Gesichter sorgten f\u00fcr regen Austausch, und viele Anekdoten aus sieben Jahrzehnten Vereinsgeschichte wurden lebhaft bei bester Laune diskutiert. [&hellip;]","og_url":"https:\/\/msc-werlte.de\/index.php\/vereinsjubilaeum-beim-dmsc-bielefeld\/","og_site_name":"MSC H\u00fcmmling Werlte","article_publisher":"https:\/\/www.facebook.com\/MscHummlingWerlteEvImAdac","article_published_time":"2025-12-03T18:42:30+00:00","og_image":[{"width":1600,"height":1200,"url":"https:\/\/msc-werlte.de\/wp-content\/uploads\/2025\/12\/79233a2a-589c-4e40-87dc-766536bf191d.jpg","type":"image\/jpeg"}],"author":"Redaktion","twitter_card":"summary_large_image","twitter_misc":{"Verfasst von":"Redaktion","Gesch\u00e4tzte Lesezeit":"2\u00a0Minuten"},"schema":{"@context":"https:\/\/schema.org","@graph":[{"@type":"Article","@id":"https:\/\/msc-werlte.de\/index.php\/vereinsjubilaeum-beim-dmsc-bielefeld\/#article","isPartOf":{"@id":"https:\/\/msc-werlte.de\/index.php\/vereinsjubilaeum-beim-dmsc-bielefeld\/"},"author":{"name":"Redaktion","@id":"https:\/\/msc-werlte.de\/#\/schema\/person\/2ca3dce1bd60dd976921168be8f7fd27"},"headline":"Vereinsjubil\u00e4um beim DMSC Bielefeld","datePublished":"2025-12-03T18:42:30+00:00","mainEntityOfPage":{"@id":"https:\/\/msc-werlte.de\/index.php\/vereinsjubilaeum-beim-dmsc-bielefeld\/"},"wordCount":135,"publisher":{"@id":"https:\/\/msc-werlte.de\/#organization"},"image":{"@id":"https:\/\/msc-werlte.de\/index.php\/vereinsjubilaeum-beim-dmsc-bielefeld\/#primaryimage"},"thumbnailUrl":"https:\/\/msc-werlte.de\/wp-content\/uploads\/2025\/12\/79233a2a-589c-4e40-87dc-766536bf191d.jpg","inLanguage":"de"},{"@type":"WebPage","@id":"https:\/\/msc-werlte.de\/index.php\/vereinsjubilaeum-beim-dmsc-bielefeld\/","url":"https:\/\/msc-werlte.de\/index.php\/vereinsjubilaeum-beim-dmsc-bielefeld\/","name":"Vereinsjubil\u00e4um beim DMSC Bielefeld - MSC H\u00fcmmling Werlte","isPartOf":{"@id":"https:\/\/msc-werlte.de\/#website"},"primaryImageOfPage":{"@id":"https:\/\/msc-werlte.de\/index.php\/vereinsjubilaeum-beim-dmsc-bielefeld\/#primaryimage"},"image":{"@id":"https:\/\/msc-werlte.de\/index.php\/vereinsjubilaeum-beim-dmsc-bielefeld\/#primaryimage"},"thumbnailUrl":"https:\/\/msc-werlte.de\/wp-content\/uploads\/2025\/12\/79233a2a-589c-4e40-87dc-766536bf191d.jpg","datePublished":"2025-12-03T18:42:30+00:00","breadcrumb":{"@id":"https:\/\/msc-werlte.de\/index.php\/vereinsjubilaeum-beim-dmsc-bielefeld\/#breadcrumb"},"inLanguage":"de","potentialAction":[{"@type":"ReadAction","target":["https:\/\/msc-werlte.de\/index.php\/vereinsjubilaeum-beim-dmsc-bielefeld\/"]}]},{"@type":"ImageObject","inLanguage":"de","@id":"https:\/\/msc-werlte.de\/index.php\/vereinsjubilaeum-beim-dmsc-bielefeld\/#primaryimage","url":"https:\/\/msc-werlte.de\/wp-content\/uploads\/2025\/12\/79233a2a-589c-4e40-87dc-766536bf191d.jpg","contentUrl":"https:\/\/msc-werlte.de\/wp-content\/uploads\/2025\/12\/79233a2a-589c-4e40-87dc-766536bf191d.jpg","width":1600,"height":1200},{"@type":"BreadcrumbList","@id":"https:\/\/msc-werlte.de\/index.php\/vereinsjubilaeum-beim-dmsc-bielefeld\/#breadcrumb","itemListElement":[{"@type":"ListItem","position":1,"name":"Startseite","item":"https:\/\/msc-werlte.de\/"},{"@type":"ListItem","position":2,"name":"Vereinsjubil\u00e4um beim DMSC Bielefeld"}]},{"@type":"WebSite","@id":"https:\/\/msc-werlte.de\/#website","url":"https:\/\/msc-werlte.de\/","name":"MSC H\u00fcmmling Werlte","description":"","publisher":{"@id":"https:\/\/msc-werlte.de\/#organization"},"potentialAction":[{"@type":"SearchAction","target":{"@type":"EntryPoint","urlTemplate":"https:\/\/msc-werlte.de\/?s={search_term_string}"},"query-input":{"@type":"PropertyValueSpecification","valueRequired":true,"valueName":"search_term_string"}}],"inLanguage":"de"},{"@type":"Organization","@id":"https:\/\/msc-werlte.de\/#organization","name":"MSC H\u00fcmmling Werlte","url":"https:\/\/msc-werlte.de\/","logo":{"@type":"ImageObject","inLanguage":"de","@id":"https:\/\/msc-werlte.de\/#\/schema\/logo\/image\/","url":"https:\/\/msc-werlte.de\/wp-content\/uploads\/2022\/10\/MSC-Werlte_329px_Final.png","contentUrl":"https:\/\/msc-werlte.de\/wp-content\/uploads\/2022\/10\/MSC-Werlte_329px_Final.png","width":329,"height":329,"caption":"MSC H\u00fcmmling Werlte"},"image":{"@id":"https:\/\/msc-werlte.de\/#\/schema\/logo\/image\/"},"sameAs":["https:\/\/www.facebook.com\/MscHummlingWerlteEvImAdac"]},{"@type":"Person","@id":"https:\/\/msc-werlte.de\/#\/schema\/person\/2ca3dce1bd60dd976921168be8f7fd27","name":"Redaktion","image":{"@type":"ImageObject","inLanguage":"de","@id":"https:\/\/secure.gravatar.com\/avatar\/f453567527ece4e31e66e3a5fdbfef099714fb17581b77051f95588feb6f55ab?s=96&d=mm&r=g","url":"https:\/\/secure.gravatar.com\/avatar\/f453567527ece4e31e66e3a5fdbfef099714fb17581b77051f95588feb6f55ab?s=96&d=mm&r=g","contentUrl":"https:\/\/secure.gravatar.com\/avatar\/f453567527ece4e31e66e3a5fdbfef099714fb17581b77051f95588feb6f55ab?s=96&d=mm&r=g","caption":"Redaktion"},"url":"https:\/\/msc-werlte.de\/index.php\/author\/readaktion\/"}]}},"_links":{"self":[{"href":"https:\/\/msc-werlte.de\/index.php\/wp-json\/wp\/v2\/posts\/1477","targetHints":{"allow":["GET"]}}],"collection":[{"href":"https:\/\/msc-werlte.de\/index.php\/wp-json\/wp\/v2\/posts"}],"about":[{"href":"https:\/\/msc-werlte.de\/index.php\/wp-json\/wp\/v2\/types\/post"}],"author":[{"embeddable":true,"href":"https:\/\/msc-werlte.de\/index.php\/wp-json\/wp\/v2\/users\/2"}],"replies":[{"embeddable":true,"href":"https:\/\/msc-werlte.de\/index.php\/wp-json\/wp\/v2\/comments?post=1477"}],"version-history":[{"count":1,"href":"https:\/\/msc-werlte.de\/index.php\/wp-json\/wp\/v2\/posts\/1477\/revisions"}],"predecessor-version":[{"id":1483,"href":"https:\/\/msc-werlte.de\/index.php\/wp-json\/wp\/v2\/posts\/1477\/revisions\/1483"}],"wp:featuredmedia":[{"embeddable":true,"href":"https:\/\/msc-werlte.de\/index.php\/wp-json\/wp\/v2\/media\/1480"}],"wp:attachment":[{"href":"https:\/\/msc-werlte.de\/index.php\/wp-json\/wp\/v2\/media?parent=1477"}],"wp:term":[{"taxonomy":"category","embeddable":true,"href":"https:\/\/msc-werlte.de\/index.php\/wp-json\/wp\/v2\/categories?post=1477"},{"taxonomy":"post_tag","embeddable":true,"href":"https:\/\/msc-werlte.de\/index.php\/wp-json\/wp\/v2\/tags?post=1477"}],"curies":[{"name":"wp","href":"https:\/\/api.w.org\/{rel}","templated":true}]}}