{"id":1398,"date":"2025-10-14T15:55:54","date_gmt":"2025-10-14T13:55:54","guid":{"rendered":"https:\/\/msc-werlte.de\/?p=1398"},"modified":"2025-10-14T15:55:54","modified_gmt":"2025-10-14T13:55:54","slug":"lian-will-deutscher-vizemeister","status":"publish","type":"post","link":"https:\/\/msc-werlte.de\/index.php\/lian-will-deutscher-vizemeister\/","title":{"rendered":"Lian Will &#8211; Deutscher Vizemeister"},"content":{"rendered":"<div class=\"html-div xdj266r x14z9mp xat24cr x1lziwak xexx8yu xyri2b x18d9i69 x1c1uobl\" dir=\"auto\">\n<div class=\"html-div xdj266r x14z9mp xat24cr x1lziwak xexx8yu xyri2b x18d9i69 x1c1uobl\" data-ad-rendering-role=\"story_message\">\n<div id=\"_r_9s_\" class=\"x1l90r2v x1iorvi4 x1g0dm76 xpdmqnj\" data-ad-comet-preview=\"message\" data-ad-preview=\"message\">\n<div class=\"x78zum5 xdt5ytf xz62fqu x16ldp7u\">\n<div class=\"xu06os2 x1ok221b\">\n<div class=\"html-div xdj266r x14z9mp xat24cr x1lziwak xexx8yu xyri2b x18d9i69 x1c1uobl\">\n<div class=\"xdj266r x14z9mp xat24cr x1lziwak x1vvkbs x126k92a\">\n<div dir=\"auto\"><strong>Gro\u00dfer Erfolg f\u00fcr unseren Clubfahrer Lian Will<\/strong><\/div>\n<div dir=\"auto\"><\/div>\n<\/div>\n<div class=\"x14z9mp xat24cr x1lziwak x1vvkbs xtlvy1s x126k92a\">\n<div dir=\"auto\">Am 3.Oktober fanden in Brokstedt die dmsj-Meisterschaften der Junioren A und B statt und unser Clubfahrer Lian Will sorgte dabei f\u00fcr ein echtes Highlight. In der hart umk\u00e4mpften Junior-A-Klasse zeigte Lian Nervenst\u00e4rke, Kampfgeist und fahrerisches K\u00f6nnen.<\/div>\n<div dir=\"auto\">Nach einem spannenden Stechen um Platz zwei setzte er sich eindrucksvoll durch und sicherte sich den Titel des Deutschen Vizemeisters! <span class=\"html-span xexx8yu xyri2b x18d9i69 x1c1uobl x1hl2dhg x16tdsg8 x1vvkbs x3nfvp2 x1j61x8r x1fcty0u xdj266r xat24cr xm2jcoa x1mpyi22 xxymvpz xlup9mm x1kky2od\"><img loading=\"lazy\" decoding=\"async\" class=\"xz74otr x15mokao x1ga7v0g x16uus16 xbiv7yw\" src=\"https:\/\/static.xx.fbcdn.net\/images\/emoji.php\/v9\/tbe\/1\/16\/1f3c6.png\" alt=\"\" width=\"16\" height=\"16\" \/><\/span><span class=\"html-span xexx8yu xyri2b x18d9i69 x1c1uobl x1hl2dhg x16tdsg8 x1vvkbs x3nfvp2 x1j61x8r x1fcty0u xdj266r xat24cr xm2jcoa x1mpyi22 xxymvpz xlup9mm x1kky2od\"><img loading=\"lazy\" decoding=\"async\" class=\"xz74otr x15mokao x1ga7v0g x16uus16 xbiv7yw\" src=\"https:\/\/static.xx.fbcdn.net\/images\/emoji.php\/v9\/t50\/1\/16\/1f525.png\" alt=\"\" width=\"16\" height=\"16\" \/><\/span> wir gratulieren herzlich zu diesem tollen Erfolg und sind stolz auf Lian! Gratulation auch an Julius Ruschmeier und Sebastian Schranner.<\/div>\n<\/div>\n<div class=\"x14z9mp xat24cr x1lziwak x1vvkbs xtlvy1s x126k92a\">\n<div dir=\"auto\">Auch in der Junior-B-Klasse ging es nicht weniger spannend zu. Unsere Clubfahrer Nico Will und Luca Dammeier gaben alles und fighteten um jeden Punkt. Am Ende belegte Nico Platz 6 und Luca Platz 8.<\/div>\n<div dir=\"auto\">Gratulationen gehen an die Jungs von den Nachbarvereinen MSC Cloppenburg und den MSC Dohren: Levi Fittkau holte sich den Deutschen Meistertitel, Tom Knese wurde starker Vizemeister. Herzlichen Gl\u00fcckwunsch auch an eure Leistungen!<\/div>\n<\/div>\n<div class=\"x14z9mp xat24cr x1lziwak x1vvkbs xtlvy1s x126k92a\">\n<div dir=\"auto\">Am Nachmittag ging es mit der Liga Nord weiter. Das Emsland Speedwayteam k\u00e4mpfte beherzt bis zur letzten Runde, zeigte tollen Teamgeist und musste sich am Ende nur hauchd\u00fcnn geschlagen geben \u2013 mit nur einem Punkt R\u00fcckstand landete das Team auf einem fantastischen zweiten Platz.<\/div>\n<\/div>\n<div class=\"x14z9mp xat24cr x1lziwak x1vvkbs xtlvy1s x126k92a\">\n<div dir=\"auto\">Ein Tag voller Emotionen, Leidenschaft und gro\u00dfartiger Leistungen \u2013 besonders f\u00fcr unseren Vizemeister Lian Will!<\/div>\n<\/div>\n<div class=\"x14z9mp xat24cr x1lziwak x1vvkbs xtlvy1s x126k92a\">\n<div dir=\"auto\">Vielen Dank auch an den MSC Brokstedt f\u00fcr die tolle Veranstaltung!<\/div>\n<\/div>\n<div class=\"x14z9mp xat24cr x1lziwak x1vvkbs xtlvy1s x126k92a\">\n<div dir=\"auto\">Fotos: MSC Dohren\/ Emslandteam , Josef Hukelmann &#8211; Danke<\/div>\n<\/div>\n<\/div>\n<\/div>\n<div dir=\"auto\"><img loading=\"lazy\" decoding=\"async\" class=\"alignnone wp-image-1399 \" src=\"https:\/\/msc-werlte.de\/wp-content\/uploads\/2025\/10\/bild-1.jpg\" alt=\"\" width=\"281\" height=\"374\" srcset=\"https:\/\/msc-werlte.de\/wp-content\/uploads\/2025\/10\/bild-1.jpg 1536w, https:\/\/msc-werlte.de\/wp-content\/uploads\/2025\/10\/bild-1-225x300.jpg 225w, https:\/\/msc-werlte.de\/wp-content\/uploads\/2025\/10\/bild-1-768x1024.jpg 768w, https:\/\/msc-werlte.de\/wp-content\/uploads\/2025\/10\/bild-1-1152x1536.jpg 1152w\" sizes=\"auto, (max-width: 281px) 100vw, 281px\" \/><img loading=\"lazy\" decoding=\"async\" class=\"alignnone wp-image-1400 \" src=\"https:\/\/msc-werlte.de\/wp-content\/uploads\/2025\/10\/bild-2.jpg\" alt=\"\" width=\"283\" height=\"378\" srcset=\"https:\/\/msc-werlte.de\/wp-content\/uploads\/2025\/10\/bild-2.jpg 1536w, https:\/\/msc-werlte.de\/wp-content\/uploads\/2025\/10\/bild-2-225x300.jpg 225w, https:\/\/msc-werlte.de\/wp-content\/uploads\/2025\/10\/bild-2-768x1024.jpg 768w, https:\/\/msc-werlte.de\/wp-content\/uploads\/2025\/10\/bild-2-1152x1536.jpg 1152w\" sizes=\"auto, (max-width: 283px) 100vw, 283px\" \/><img loading=\"lazy\" decoding=\"async\" class=\"alignnone wp-image-1401 \" src=\"https:\/\/msc-werlte.de\/wp-content\/uploads\/2025\/10\/bild-3.jpg\" alt=\"\" width=\"410\" height=\"307\" srcset=\"https:\/\/msc-werlte.de\/wp-content\/uploads\/2025\/10\/bild-3.jpg 1600w, https:\/\/msc-werlte.de\/wp-content\/uploads\/2025\/10\/bild-3-300x225.jpg 300w, https:\/\/msc-werlte.de\/wp-content\/uploads\/2025\/10\/bild-3-1024x768.jpg 1024w, https:\/\/msc-werlte.de\/wp-content\/uploads\/2025\/10\/bild-3-768x576.jpg 768w, https:\/\/msc-werlte.de\/wp-content\/uploads\/2025\/10\/bild-3-1536x1152.jpg 1536w\" sizes=\"auto, (max-width: 410px) 100vw, 410px\" \/><\/div>\n<div class=\"xu06os2 x1ok221b\">\n<div class=\"html-div xdj266r x14z9mp xat24cr x1lziwak xexx8yu xyri2b x18d9i69 x1c1uobl\">\n<div class=\"x14z9mp xat24cr x1lziwak x1vvkbs xtlvy1s x126k92a\">\n<div dir=\"auto\"><\/div>\n<\/div>\n<\/div>\n<\/div>\n<\/div>\n<\/div>\n<\/div>\n<\/div>\n<div class=\"shariff\" data-services=\"facebook\" data-url=\"https:\/\/msc-werlte.de\/index.php\/lian-will-deutscher-vizemeister\/\" data-timestamp=\"1760457354\" data-backendurl=\"https:\/\/msc-werlte.de\/wp-json\/shariff\/v1\/share_counts?\"><ul class=\"shariff-buttons theme-default orientation-horizontal buttonsize-medium\"><li class=\"shariff-button facebook shariff-nocustomcolor\" style=\"background-color:#4273c8\"><a href=\"https:\/\/www.facebook.com\/sharer\/sharer.php?u=https%3A%2F%2Fmsc-werlte.de%2Findex.php%2Flian-will-deutscher-vizemeister%2F\" title=\"Bei Facebook teilen\" aria-label=\"Bei Facebook teilen\" role=\"button\" rel=\"nofollow\" class=\"shariff-link\" style=\"; background-color:#3b5998; color:#fff\" target=\"_blank\"><span class=\"shariff-icon\" style=\"\"><svg width=\"32px\" height=\"20px\" xmlns=\"http:\/\/www.w3.org\/2000\/svg\" viewBox=\"0 0 18 32\"><path fill=\"#3b5998\" d=\"M17.1 0.2v4.7h-2.8q-1.5 0-2.1 0.6t-0.5 1.9v3.4h5.2l-0.7 5.3h-4.5v13.6h-5.5v-13.6h-4.5v-5.3h4.5v-3.9q0-3.3 1.9-5.2t5-1.8q2.6 0 4.1 0.2z\"\/><\/svg><\/span><span class=\"shariff-text\">teilen<\/span>&nbsp;<span data-service=\"facebook\" style=\"color:#3b5998\" class=\"shariff-count shariff-hidezero\"><\/span>&nbsp;<\/a><\/li><\/ul><\/div>","protected":false},"excerpt":{"rendered":"<p>Gro\u00dfer Erfolg f\u00fcr unseren Clubfahrer Lian Will Am 3.Oktober fanden in Brokstedt die dmsj-Meisterschaften der Junioren A und B statt und unser Clubfahrer Lian Will sorgte dabei f\u00fcr ein echtes Highlight. In der hart umk\u00e4mpften Junior-A-Klasse zeigte Lian Nervenst\u00e4rke, Kampfgeist und fahrerisches K\u00f6nnen. Nach einem spannenden Stechen um Platz zwei setzte er sich eindrucksvoll durch und sicherte sich den Titel [&hellip;]<\/p>\n","protected":false},"author":2,"featured_media":1399,"comment_status":"closed","ping_status":"open","sticky":false,"template":"","format":"standard","meta":{"footnotes":""},"categories":[1],"tags":[],"class_list":["post-1398","post","type-post","status-publish","format-standard","has-post-thumbnail","hentry","category-allgemein"],"yoast_head":"<!-- This site is optimized with the Yoast SEO plugin v27.5 - https:\/\/yoast.com\/product\/yoast-seo-wordpress\/ -->\n<title>Lian Will - Deutscher Vizemeister - MSC H\u00fcmmling Werlte<\/title>\n<meta name=\"robots\" content=\"index, follow, max-snippet:-1, max-image-preview:large, max-video-preview:-1\" \/>\n<link rel=\"canonical\" href=\"https:\/\/msc-werlte.de\/index.php\/lian-will-deutscher-vizemeister\/\" \/>\n<meta property=\"og:locale\" content=\"de_DE\" \/>\n<meta property=\"og:type\" content=\"article\" \/>\n<meta property=\"og:title\" content=\"Lian Will - Deutscher Vizemeister - MSC H\u00fcmmling Werlte\" \/>\n<meta property=\"og:description\" content=\"Gro\u00dfer Erfolg f\u00fcr unseren Clubfahrer Lian Will Am 3.Oktober fanden in Brokstedt die dmsj-Meisterschaften der Junioren A und B statt und unser Clubfahrer Lian Will sorgte dabei f\u00fcr ein echtes Highlight. In der hart umk\u00e4mpften Junior-A-Klasse zeigte Lian Nervenst\u00e4rke, Kampfgeist und fahrerisches K\u00f6nnen. Nach einem spannenden Stechen um Platz zwei setzte er sich eindrucksvoll durch und sicherte sich den Titel [&hellip;]\" \/>\n<meta property=\"og:url\" content=\"https:\/\/msc-werlte.de\/index.php\/lian-will-deutscher-vizemeister\/\" \/>\n<meta property=\"og:site_name\" content=\"MSC H\u00fcmmling Werlte\" \/>\n<meta property=\"article:publisher\" content=\"https:\/\/www.facebook.com\/MscHummlingWerlteEvImAdac\" \/>\n<meta property=\"article:published_time\" content=\"2025-10-14T13:55:54+00:00\" \/>\n<meta property=\"og:image\" content=\"https:\/\/msc-werlte.de\/wp-content\/uploads\/2025\/10\/bild-1.jpg\" \/>\n\t<meta property=\"og:image:width\" content=\"1536\" \/>\n\t<meta property=\"og:image:height\" content=\"2048\" \/>\n\t<meta property=\"og:image:type\" content=\"image\/jpeg\" \/>\n<meta name=\"author\" content=\"Redaktion\" \/>\n<meta name=\"twitter:card\" content=\"summary_large_image\" \/>\n<meta name=\"twitter:label1\" content=\"Verfasst von\" \/>\n\t<meta name=\"twitter:data1\" content=\"Redaktion\" \/>\n\t<meta name=\"twitter:label2\" content=\"Gesch\u00e4tzte Lesezeit\" \/>\n\t<meta name=\"twitter:data2\" content=\"3\u00a0Minuten\" \/>\n<script type=\"application\/ld+json\" class=\"yoast-schema-graph\">{\"@context\":\"https:\\\/\\\/schema.org\",\"@graph\":[{\"@type\":\"Article\",\"@id\":\"https:\\\/\\\/msc-werlte.de\\\/index.php\\\/lian-will-deutscher-vizemeister\\\/#article\",\"isPartOf\":{\"@id\":\"https:\\\/\\\/msc-werlte.de\\\/index.php\\\/lian-will-deutscher-vizemeister\\\/\"},\"author\":{\"name\":\"Redaktion\",\"@id\":\"https:\\\/\\\/msc-werlte.de\\\/#\\\/schema\\\/person\\\/2ca3dce1bd60dd976921168be8f7fd27\"},\"headline\":\"Lian Will &#8211; Deutscher Vizemeister\",\"datePublished\":\"2025-10-14T13:55:54+00:00\",\"mainEntityOfPage\":{\"@id\":\"https:\\\/\\\/msc-werlte.de\\\/index.php\\\/lian-will-deutscher-vizemeister\\\/\"},\"wordCount\":241,\"publisher\":{\"@id\":\"https:\\\/\\\/msc-werlte.de\\\/#organization\"},\"image\":{\"@id\":\"https:\\\/\\\/msc-werlte.de\\\/index.php\\\/lian-will-deutscher-vizemeister\\\/#primaryimage\"},\"thumbnailUrl\":\"https:\\\/\\\/msc-werlte.de\\\/wp-content\\\/uploads\\\/2025\\\/10\\\/bild-1.jpg\",\"inLanguage\":\"de\"},{\"@type\":\"WebPage\",\"@id\":\"https:\\\/\\\/msc-werlte.de\\\/index.php\\\/lian-will-deutscher-vizemeister\\\/\",\"url\":\"https:\\\/\\\/msc-werlte.de\\\/index.php\\\/lian-will-deutscher-vizemeister\\\/\",\"name\":\"Lian Will - Deutscher Vizemeister - MSC H\u00fcmmling Werlte\",\"isPartOf\":{\"@id\":\"https:\\\/\\\/msc-werlte.de\\\/#website\"},\"primaryImageOfPage\":{\"@id\":\"https:\\\/\\\/msc-werlte.de\\\/index.php\\\/lian-will-deutscher-vizemeister\\\/#primaryimage\"},\"image\":{\"@id\":\"https:\\\/\\\/msc-werlte.de\\\/index.php\\\/lian-will-deutscher-vizemeister\\\/#primaryimage\"},\"thumbnailUrl\":\"https:\\\/\\\/msc-werlte.de\\\/wp-content\\\/uploads\\\/2025\\\/10\\\/bild-1.jpg\",\"datePublished\":\"2025-10-14T13:55:54+00:00\",\"breadcrumb\":{\"@id\":\"https:\\\/\\\/msc-werlte.de\\\/index.php\\\/lian-will-deutscher-vizemeister\\\/#breadcrumb\"},\"inLanguage\":\"de\",\"potentialAction\":[{\"@type\":\"ReadAction\",\"target\":[\"https:\\\/\\\/msc-werlte.de\\\/index.php\\\/lian-will-deutscher-vizemeister\\\/\"]}]},{\"@type\":\"ImageObject\",\"inLanguage\":\"de\",\"@id\":\"https:\\\/\\\/msc-werlte.de\\\/index.php\\\/lian-will-deutscher-vizemeister\\\/#primaryimage\",\"url\":\"https:\\\/\\\/msc-werlte.de\\\/wp-content\\\/uploads\\\/2025\\\/10\\\/bild-1.jpg\",\"contentUrl\":\"https:\\\/\\\/msc-werlte.de\\\/wp-content\\\/uploads\\\/2025\\\/10\\\/bild-1.jpg\",\"width\":1536,\"height\":2048},{\"@type\":\"BreadcrumbList\",\"@id\":\"https:\\\/\\\/msc-werlte.de\\\/index.php\\\/lian-will-deutscher-vizemeister\\\/#breadcrumb\",\"itemListElement\":[{\"@type\":\"ListItem\",\"position\":1,\"name\":\"Startseite\",\"item\":\"https:\\\/\\\/msc-werlte.de\\\/\"},{\"@type\":\"ListItem\",\"position\":2,\"name\":\"Lian Will &#8211; Deutscher Vizemeister\"}]},{\"@type\":\"WebSite\",\"@id\":\"https:\\\/\\\/msc-werlte.de\\\/#website\",\"url\":\"https:\\\/\\\/msc-werlte.de\\\/\",\"name\":\"MSC H\u00fcmmling Werlte\",\"description\":\"\",\"publisher\":{\"@id\":\"https:\\\/\\\/msc-werlte.de\\\/#organization\"},\"potentialAction\":[{\"@type\":\"SearchAction\",\"target\":{\"@type\":\"EntryPoint\",\"urlTemplate\":\"https:\\\/\\\/msc-werlte.de\\\/?s={search_term_string}\"},\"query-input\":{\"@type\":\"PropertyValueSpecification\",\"valueRequired\":true,\"valueName\":\"search_term_string\"}}],\"inLanguage\":\"de\"},{\"@type\":\"Organization\",\"@id\":\"https:\\\/\\\/msc-werlte.de\\\/#organization\",\"name\":\"MSC H\u00fcmmling Werlte\",\"url\":\"https:\\\/\\\/msc-werlte.de\\\/\",\"logo\":{\"@type\":\"ImageObject\",\"inLanguage\":\"de\",\"@id\":\"https:\\\/\\\/msc-werlte.de\\\/#\\\/schema\\\/logo\\\/image\\\/\",\"url\":\"https:\\\/\\\/msc-werlte.de\\\/wp-content\\\/uploads\\\/2022\\\/10\\\/MSC-Werlte_329px_Final.png\",\"contentUrl\":\"https:\\\/\\\/msc-werlte.de\\\/wp-content\\\/uploads\\\/2022\\\/10\\\/MSC-Werlte_329px_Final.png\",\"width\":329,\"height\":329,\"caption\":\"MSC H\u00fcmmling Werlte\"},\"image\":{\"@id\":\"https:\\\/\\\/msc-werlte.de\\\/#\\\/schema\\\/logo\\\/image\\\/\"},\"sameAs\":[\"https:\\\/\\\/www.facebook.com\\\/MscHummlingWerlteEvImAdac\"]},{\"@type\":\"Person\",\"@id\":\"https:\\\/\\\/msc-werlte.de\\\/#\\\/schema\\\/person\\\/2ca3dce1bd60dd976921168be8f7fd27\",\"name\":\"Redaktion\",\"image\":{\"@type\":\"ImageObject\",\"inLanguage\":\"de\",\"@id\":\"https:\\\/\\\/secure.gravatar.com\\\/avatar\\\/f453567527ece4e31e66e3a5fdbfef099714fb17581b77051f95588feb6f55ab?s=96&d=mm&r=g\",\"url\":\"https:\\\/\\\/secure.gravatar.com\\\/avatar\\\/f453567527ece4e31e66e3a5fdbfef099714fb17581b77051f95588feb6f55ab?s=96&d=mm&r=g\",\"contentUrl\":\"https:\\\/\\\/secure.gravatar.com\\\/avatar\\\/f453567527ece4e31e66e3a5fdbfef099714fb17581b77051f95588feb6f55ab?s=96&d=mm&r=g\",\"caption\":\"Redaktion\"},\"url\":\"https:\\\/\\\/msc-werlte.de\\\/index.php\\\/author\\\/readaktion\\\/\"}]}<\/script>\n<!-- \/ Yoast SEO plugin. -->","yoast_head_json":{"title":"Lian Will - Deutscher Vizemeister - MSC H\u00fcmmling Werlte","robots":{"index":"index","follow":"follow","max-snippet":"max-snippet:-1","max-image-preview":"max-image-preview:large","max-video-preview":"max-video-preview:-1"},"canonical":"https:\/\/msc-werlte.de\/index.php\/lian-will-deutscher-vizemeister\/","og_locale":"de_DE","og_type":"article","og_title":"Lian Will - Deutscher Vizemeister - MSC H\u00fcmmling Werlte","og_description":"Gro\u00dfer Erfolg f\u00fcr unseren Clubfahrer Lian Will Am 3.Oktober fanden in Brokstedt die dmsj-Meisterschaften der Junioren A und B statt und unser Clubfahrer Lian Will sorgte dabei f\u00fcr ein echtes Highlight. In der hart umk\u00e4mpften Junior-A-Klasse zeigte Lian Nervenst\u00e4rke, Kampfgeist und fahrerisches K\u00f6nnen. Nach einem spannenden Stechen um Platz zwei setzte er sich eindrucksvoll durch und sicherte sich den Titel [&hellip;]","og_url":"https:\/\/msc-werlte.de\/index.php\/lian-will-deutscher-vizemeister\/","og_site_name":"MSC H\u00fcmmling Werlte","article_publisher":"https:\/\/www.facebook.com\/MscHummlingWerlteEvImAdac","article_published_time":"2025-10-14T13:55:54+00:00","og_image":[{"width":1536,"height":2048,"url":"https:\/\/msc-werlte.de\/wp-content\/uploads\/2025\/10\/bild-1.jpg","type":"image\/jpeg"}],"author":"Redaktion","twitter_card":"summary_large_image","twitter_misc":{"Verfasst von":"Redaktion","Gesch\u00e4tzte Lesezeit":"3\u00a0Minuten"},"schema":{"@context":"https:\/\/schema.org","@graph":[{"@type":"Article","@id":"https:\/\/msc-werlte.de\/index.php\/lian-will-deutscher-vizemeister\/#article","isPartOf":{"@id":"https:\/\/msc-werlte.de\/index.php\/lian-will-deutscher-vizemeister\/"},"author":{"name":"Redaktion","@id":"https:\/\/msc-werlte.de\/#\/schema\/person\/2ca3dce1bd60dd976921168be8f7fd27"},"headline":"Lian Will &#8211; Deutscher Vizemeister","datePublished":"2025-10-14T13:55:54+00:00","mainEntityOfPage":{"@id":"https:\/\/msc-werlte.de\/index.php\/lian-will-deutscher-vizemeister\/"},"wordCount":241,"publisher":{"@id":"https:\/\/msc-werlte.de\/#organization"},"image":{"@id":"https:\/\/msc-werlte.de\/index.php\/lian-will-deutscher-vizemeister\/#primaryimage"},"thumbnailUrl":"https:\/\/msc-werlte.de\/wp-content\/uploads\/2025\/10\/bild-1.jpg","inLanguage":"de"},{"@type":"WebPage","@id":"https:\/\/msc-werlte.de\/index.php\/lian-will-deutscher-vizemeister\/","url":"https:\/\/msc-werlte.de\/index.php\/lian-will-deutscher-vizemeister\/","name":"Lian Will - Deutscher Vizemeister - MSC H\u00fcmmling Werlte","isPartOf":{"@id":"https:\/\/msc-werlte.de\/#website"},"primaryImageOfPage":{"@id":"https:\/\/msc-werlte.de\/index.php\/lian-will-deutscher-vizemeister\/#primaryimage"},"image":{"@id":"https:\/\/msc-werlte.de\/index.php\/lian-will-deutscher-vizemeister\/#primaryimage"},"thumbnailUrl":"https:\/\/msc-werlte.de\/wp-content\/uploads\/2025\/10\/bild-1.jpg","datePublished":"2025-10-14T13:55:54+00:00","breadcrumb":{"@id":"https:\/\/msc-werlte.de\/index.php\/lian-will-deutscher-vizemeister\/#breadcrumb"},"inLanguage":"de","potentialAction":[{"@type":"ReadAction","target":["https:\/\/msc-werlte.de\/index.php\/lian-will-deutscher-vizemeister\/"]}]},{"@type":"ImageObject","inLanguage":"de","@id":"https:\/\/msc-werlte.de\/index.php\/lian-will-deutscher-vizemeister\/#primaryimage","url":"https:\/\/msc-werlte.de\/wp-content\/uploads\/2025\/10\/bild-1.jpg","contentUrl":"https:\/\/msc-werlte.de\/wp-content\/uploads\/2025\/10\/bild-1.jpg","width":1536,"height":2048},{"@type":"BreadcrumbList","@id":"https:\/\/msc-werlte.de\/index.php\/lian-will-deutscher-vizemeister\/#breadcrumb","itemListElement":[{"@type":"ListItem","position":1,"name":"Startseite","item":"https:\/\/msc-werlte.de\/"},{"@type":"ListItem","position":2,"name":"Lian Will &#8211; Deutscher Vizemeister"}]},{"@type":"WebSite","@id":"https:\/\/msc-werlte.de\/#website","url":"https:\/\/msc-werlte.de\/","name":"MSC H\u00fcmmling Werlte","description":"","publisher":{"@id":"https:\/\/msc-werlte.de\/#organization"},"potentialAction":[{"@type":"SearchAction","target":{"@type":"EntryPoint","urlTemplate":"https:\/\/msc-werlte.de\/?s={search_term_string}"},"query-input":{"@type":"PropertyValueSpecification","valueRequired":true,"valueName":"search_term_string"}}],"inLanguage":"de"},{"@type":"Organization","@id":"https:\/\/msc-werlte.de\/#organization","name":"MSC H\u00fcmmling Werlte","url":"https:\/\/msc-werlte.de\/","logo":{"@type":"ImageObject","inLanguage":"de","@id":"https:\/\/msc-werlte.de\/#\/schema\/logo\/image\/","url":"https:\/\/msc-werlte.de\/wp-content\/uploads\/2022\/10\/MSC-Werlte_329px_Final.png","contentUrl":"https:\/\/msc-werlte.de\/wp-content\/uploads\/2022\/10\/MSC-Werlte_329px_Final.png","width":329,"height":329,"caption":"MSC H\u00fcmmling Werlte"},"image":{"@id":"https:\/\/msc-werlte.de\/#\/schema\/logo\/image\/"},"sameAs":["https:\/\/www.facebook.com\/MscHummlingWerlteEvImAdac"]},{"@type":"Person","@id":"https:\/\/msc-werlte.de\/#\/schema\/person\/2ca3dce1bd60dd976921168be8f7fd27","name":"Redaktion","image":{"@type":"ImageObject","inLanguage":"de","@id":"https:\/\/secure.gravatar.com\/avatar\/f453567527ece4e31e66e3a5fdbfef099714fb17581b77051f95588feb6f55ab?s=96&d=mm&r=g","url":"https:\/\/secure.gravatar.com\/avatar\/f453567527ece4e31e66e3a5fdbfef099714fb17581b77051f95588feb6f55ab?s=96&d=mm&r=g","contentUrl":"https:\/\/secure.gravatar.com\/avatar\/f453567527ece4e31e66e3a5fdbfef099714fb17581b77051f95588feb6f55ab?s=96&d=mm&r=g","caption":"Redaktion"},"url":"https:\/\/msc-werlte.de\/index.php\/author\/readaktion\/"}]}},"_links":{"self":[{"href":"https:\/\/msc-werlte.de\/index.php\/wp-json\/wp\/v2\/posts\/1398","targetHints":{"allow":["GET"]}}],"collection":[{"href":"https:\/\/msc-werlte.de\/index.php\/wp-json\/wp\/v2\/posts"}],"about":[{"href":"https:\/\/msc-werlte.de\/index.php\/wp-json\/wp\/v2\/types\/post"}],"author":[{"embeddable":true,"href":"https:\/\/msc-werlte.de\/index.php\/wp-json\/wp\/v2\/users\/2"}],"replies":[{"embeddable":true,"href":"https:\/\/msc-werlte.de\/index.php\/wp-json\/wp\/v2\/comments?post=1398"}],"version-history":[{"count":1,"href":"https:\/\/msc-werlte.de\/index.php\/wp-json\/wp\/v2\/posts\/1398\/revisions"}],"predecessor-version":[{"id":1402,"href":"https:\/\/msc-werlte.de\/index.php\/wp-json\/wp\/v2\/posts\/1398\/revisions\/1402"}],"wp:featuredmedia":[{"embeddable":true,"href":"https:\/\/msc-werlte.de\/index.php\/wp-json\/wp\/v2\/media\/1399"}],"wp:attachment":[{"href":"https:\/\/msc-werlte.de\/index.php\/wp-json\/wp\/v2\/media?parent=1398"}],"wp:term":[{"taxonomy":"category","embeddable":true,"href":"https:\/\/msc-werlte.de\/index.php\/wp-json\/wp\/v2\/categories?post=1398"},{"taxonomy":"post_tag","embeddable":true,"href":"https:\/\/msc-werlte.de\/index.php\/wp-json\/wp\/v2\/tags?post=1398"}],"curies":[{"name":"wp","href":"https:\/\/api.w.org\/{rel}","templated":true}]}}