{"id":1384,"date":"2025-09-22T18:00:41","date_gmt":"2025-09-22T16:00:41","guid":{"rendered":"https:\/\/msc-werlte.de\/?p=1384"},"modified":"2025-09-22T18:00:41","modified_gmt":"2025-09-22T16:00:41","slug":"ein-abend-voller-jubel-und-wertschaetzung-fuer-unseren-weltmeister","status":"publish","type":"post","link":"https:\/\/msc-werlte.de\/index.php\/ein-abend-voller-jubel-und-wertschaetzung-fuer-unseren-weltmeister\/","title":{"rendered":"Ein Abend voller Jubel und Wertsch\u00e4tzung f\u00fcr unseren Weltmeister"},"content":{"rendered":"<p>Gestern Abend fand im Clubheim der kurzfristig organisierte Empfang f\u00fcr unseren frischgebackenen Weltmeister Timo Wachs statt. Rund 50 Mitglieder und Freunde bereiteten ihm einen w\u00fcrdigen und unvergesslichen Abend.<\/p>\n<p>Die \u00dcberraschung war gro\u00df, als neben den Clubkameraden auch zahlreiche Ehreng\u00e4ste erschienen. Besonders freuten wir uns \u00fcber den Besuch von Thomas Burkhardt, Pr\u00e4sident des ADAC Weser-Ems sowie ADAC-Sportleiter J\u00fcrgen Riedemann. Ebenfalls anwesend war Daniel Thele, B\u00fcrgermeister der Stadt Werlte, der es sich ebenfalls nicht nehmen lie\u00df, den Weltmeister pers\u00f6nlich zu begl\u00fcckw\u00fcnschen. Auch der Sportleiter des AC Vechta Uwe Fienhage sowie unser Ehrenvorsitzender Hermann Niehaus und Ehrenmitglied Ludger Spils lie\u00dfen es sich nicht nehmen, Timo die Ehre zu erweisen.<\/p>\n<p>Auch Teammanager J\u00f6rg Tebbe erschien gemeinsam mit dem gesamten Team Tebbe und berichtete eindrucksvoll von den Erlebnissen und Erfolgen von Timo und der deutschen Nationalmannschaft.<\/p>\n<p>Neben den zahlreichen Gru\u00dfworten, in denen die Ehreng\u00e4ste Timos au\u00dfergew\u00f6hnliche Leistung und seinen Einsatz f\u00fcr den Sport hervorhoben, wurde mittels eines Videos das Finale der U23 WM sowie weitere Jubelmomente gezeigt und somit G\u00e4nsehautfeeling bei allen Anwesenden ausgel\u00f6st!<\/p>\n<p>Zum feierlichen Abschluss sprach B\u00fcrgermeister Daniel Thele eine besondere Einladung aus: Timo wird sich demn\u00e4chst im Rahmen eines offiziellen Stadtempfangs in das Goldene Buch der Stadt Werlte eintragen.<\/p>\n<p>Mit dieser gelungenen \u00dcberraschungsfeier bewies der Club einmal mehr seinen starken Zusammenhalt und seine Wertsch\u00e4tzung f\u00fcr sportliche H\u00f6chstleistungen.<\/p>\n<p>Ein besonderer Dank gilt allen Helferinnen und Helfern, die den Empfang vorbereitet haben, allen Anwesenden, die den Abend zu einem besonderen Erlebnis machten sowie allen, die Technik und Filmbeitr\u00e4ge organisiert und zur Verf\u00fcgung gestellt haben.<\/p>\n<p>&nbsp;<\/p>\n<p>Bildergalerie:<\/p>\n\n\t\t<style type=\"text\/css\">\n\t\t\t#gallery-1 {\n\t\t\t\tmargin: auto;\n\t\t\t}\n\t\t\t#gallery-1 .gallery-item {\n\t\t\t\tfloat: left;\n\t\t\t\tmargin-top: 10px;\n\t\t\t\ttext-align: center;\n\t\t\t\twidth: 33%;\n\t\t\t}\n\t\t\t#gallery-1 img {\n\t\t\t\tborder: 2px solid #cfcfcf;\n\t\t\t}\n\t\t\t#gallery-1 .gallery-caption {\n\t\t\t\tmargin-left: 0;\n\t\t\t}\n\t\t\t\/* see gallery_shortcode() in wp-includes\/media.php *\/\n\t\t<\/style>\n\t\t<div id='gallery-1' class='gallery galleryid-1384 gallery-columns-3 gallery-size-medium'><dl class='gallery-item'>\n\t\t\t<dt class='gallery-icon landscape'>\n\t\t\t\t<a href='https:\/\/msc-werlte.de\/wp-content\/uploads\/2025\/09\/IMG_0207.jpg'><img loading=\"lazy\" decoding=\"async\" width=\"300\" height=\"186\" src=\"https:\/\/msc-werlte.de\/wp-content\/uploads\/2025\/09\/IMG_0207-300x186.jpg\" class=\"attachment-medium size-medium\" alt=\"\" srcset=\"https:\/\/msc-werlte.de\/wp-content\/uploads\/2025\/09\/IMG_0207-300x186.jpg 300w, https:\/\/msc-werlte.de\/wp-content\/uploads\/2025\/09\/IMG_0207-1024x635.jpg 1024w, https:\/\/msc-werlte.de\/wp-content\/uploads\/2025\/09\/IMG_0207-768x476.jpg 768w, https:\/\/msc-werlte.de\/wp-content\/uploads\/2025\/09\/IMG_0207-1536x952.jpg 1536w, https:\/\/msc-werlte.de\/wp-content\/uploads\/2025\/09\/IMG_0207.jpg 1893w\" sizes=\"auto, (max-width: 300px) 100vw, 300px\" \/><\/a>\n\t\t\t<\/dt><\/dl><dl class='gallery-item'>\n\t\t\t<dt class='gallery-icon landscape'>\n\t\t\t\t<a href='https:\/\/msc-werlte.de\/wp-content\/uploads\/2025\/09\/IMG_0206.jpg'><img loading=\"lazy\" decoding=\"async\" width=\"300\" height=\"181\" src=\"https:\/\/msc-werlte.de\/wp-content\/uploads\/2025\/09\/IMG_0206-300x181.jpg\" class=\"attachment-medium size-medium\" alt=\"\" srcset=\"https:\/\/msc-werlte.de\/wp-content\/uploads\/2025\/09\/IMG_0206-300x181.jpg 300w, https:\/\/msc-werlte.de\/wp-content\/uploads\/2025\/09\/IMG_0206-1024x619.jpg 1024w, https:\/\/msc-werlte.de\/wp-content\/uploads\/2025\/09\/IMG_0206-768x464.jpg 768w, https:\/\/msc-werlte.de\/wp-content\/uploads\/2025\/09\/IMG_0206-1536x928.jpg 1536w, https:\/\/msc-werlte.de\/wp-content\/uploads\/2025\/09\/IMG_0206.jpg 1906w\" sizes=\"auto, (max-width: 300px) 100vw, 300px\" \/><\/a>\n\t\t\t<\/dt><\/dl><dl class='gallery-item'>\n\t\t\t<dt class='gallery-icon landscape'>\n\t\t\t\t<a href='https:\/\/msc-werlte.de\/wp-content\/uploads\/2025\/09\/IMG_0202-scaled.jpg'><img loading=\"lazy\" decoding=\"async\" width=\"300\" height=\"153\" src=\"https:\/\/msc-werlte.de\/wp-content\/uploads\/2025\/09\/IMG_0202-300x153.jpg\" class=\"attachment-medium size-medium\" alt=\"\" srcset=\"https:\/\/msc-werlte.de\/wp-content\/uploads\/2025\/09\/IMG_0202-300x153.jpg 300w, https:\/\/msc-werlte.de\/wp-content\/uploads\/2025\/09\/IMG_0202-1024x522.jpg 1024w, https:\/\/msc-werlte.de\/wp-content\/uploads\/2025\/09\/IMG_0202-768x392.jpg 768w, https:\/\/msc-werlte.de\/wp-content\/uploads\/2025\/09\/IMG_0202-1536x783.jpg 1536w, https:\/\/msc-werlte.de\/wp-content\/uploads\/2025\/09\/IMG_0202-2048x1044.jpg 2048w\" sizes=\"auto, (max-width: 300px) 100vw, 300px\" \/><\/a>\n\t\t\t<\/dt><\/dl><br style=\"clear: both\" \/><dl class='gallery-item'>\n\t\t\t<dt class='gallery-icon landscape'>\n\t\t\t\t<a href='https:\/\/msc-werlte.de\/wp-content\/uploads\/2025\/09\/IMG_0198.jpg'><img loading=\"lazy\" decoding=\"async\" width=\"300\" height=\"218\" src=\"https:\/\/msc-werlte.de\/wp-content\/uploads\/2025\/09\/IMG_0198-300x218.jpg\" class=\"attachment-medium size-medium\" alt=\"\" srcset=\"https:\/\/msc-werlte.de\/wp-content\/uploads\/2025\/09\/IMG_0198-300x218.jpg 300w, https:\/\/msc-werlte.de\/wp-content\/uploads\/2025\/09\/IMG_0198-1024x743.jpg 1024w, https:\/\/msc-werlte.de\/wp-content\/uploads\/2025\/09\/IMG_0198-768x558.jpg 768w, https:\/\/msc-werlte.de\/wp-content\/uploads\/2025\/09\/IMG_0198-1536x1115.jpg 1536w, https:\/\/msc-werlte.de\/wp-content\/uploads\/2025\/09\/IMG_0198-2048x1487.jpg 2048w\" sizes=\"auto, (max-width: 300px) 100vw, 300px\" \/><\/a>\n\t\t\t<\/dt><\/dl><dl class='gallery-item'>\n\t\t\t<dt class='gallery-icon landscape'>\n\t\t\t\t<a href='https:\/\/msc-werlte.de\/wp-content\/uploads\/2025\/09\/IMG_0193.jpg'><img loading=\"lazy\" decoding=\"async\" width=\"300\" height=\"243\" src=\"https:\/\/msc-werlte.de\/wp-content\/uploads\/2025\/09\/IMG_0193-300x243.jpg\" class=\"attachment-medium size-medium\" alt=\"\" srcset=\"https:\/\/msc-werlte.de\/wp-content\/uploads\/2025\/09\/IMG_0193-300x243.jpg 300w, https:\/\/msc-werlte.de\/wp-content\/uploads\/2025\/09\/IMG_0193-1024x830.jpg 1024w, https:\/\/msc-werlte.de\/wp-content\/uploads\/2025\/09\/IMG_0193-768x622.jpg 768w, https:\/\/msc-werlte.de\/wp-content\/uploads\/2025\/09\/IMG_0193-1536x1244.jpg 1536w, https:\/\/msc-werlte.de\/wp-content\/uploads\/2025\/09\/IMG_0193-2048x1659.jpg 2048w\" sizes=\"auto, (max-width: 300px) 100vw, 300px\" \/><\/a>\n\t\t\t<\/dt><\/dl><dl class='gallery-item'>\n\t\t\t<dt class='gallery-icon landscape'>\n\t\t\t\t<a href='https:\/\/msc-werlte.de\/wp-content\/uploads\/2025\/09\/IMG_0185-scaled.jpg'><img loading=\"lazy\" decoding=\"async\" width=\"300\" height=\"196\" src=\"https:\/\/msc-werlte.de\/wp-content\/uploads\/2025\/09\/IMG_0185-300x196.jpg\" class=\"attachment-medium size-medium\" alt=\"\" srcset=\"https:\/\/msc-werlte.de\/wp-content\/uploads\/2025\/09\/IMG_0185-300x196.jpg 300w, https:\/\/msc-werlte.de\/wp-content\/uploads\/2025\/09\/IMG_0185-1024x667.jpg 1024w, https:\/\/msc-werlte.de\/wp-content\/uploads\/2025\/09\/IMG_0185-768x501.jpg 768w, https:\/\/msc-werlte.de\/wp-content\/uploads\/2025\/09\/IMG_0185-1536x1001.jpg 1536w, https:\/\/msc-werlte.de\/wp-content\/uploads\/2025\/09\/IMG_0185-2048x1335.jpg 2048w, https:\/\/msc-werlte.de\/wp-content\/uploads\/2025\/09\/IMG_0185-140x90.jpg 140w\" sizes=\"auto, (max-width: 300px) 100vw, 300px\" \/><\/a>\n\t\t\t<\/dt><\/dl><br style=\"clear: both\" \/><dl class='gallery-item'>\n\t\t\t<dt class='gallery-icon landscape'>\n\t\t\t\t<a href='https:\/\/msc-werlte.de\/wp-content\/uploads\/2025\/09\/IMG_0184-scaled.jpg'><img loading=\"lazy\" decoding=\"async\" width=\"300\" height=\"225\" src=\"https:\/\/msc-werlte.de\/wp-content\/uploads\/2025\/09\/IMG_0184-300x225.jpg\" class=\"attachment-medium size-medium\" alt=\"\" srcset=\"https:\/\/msc-werlte.de\/wp-content\/uploads\/2025\/09\/IMG_0184-300x225.jpg 300w, https:\/\/msc-werlte.de\/wp-content\/uploads\/2025\/09\/IMG_0184-1024x768.jpg 1024w, https:\/\/msc-werlte.de\/wp-content\/uploads\/2025\/09\/IMG_0184-768x576.jpg 768w, https:\/\/msc-werlte.de\/wp-content\/uploads\/2025\/09\/IMG_0184-1536x1152.jpg 1536w, https:\/\/msc-werlte.de\/wp-content\/uploads\/2025\/09\/IMG_0184-2048x1536.jpg 2048w\" sizes=\"auto, (max-width: 300px) 100vw, 300px\" \/><\/a>\n\t\t\t<\/dt><\/dl><dl class='gallery-item'>\n\t\t\t<dt class='gallery-icon portrait'>\n\t\t\t\t<a href='https:\/\/msc-werlte.de\/wp-content\/uploads\/2025\/09\/IMG_0176-rotated.jpg'><img loading=\"lazy\" decoding=\"async\" width=\"225\" height=\"300\" src=\"https:\/\/msc-werlte.de\/wp-content\/uploads\/2025\/09\/IMG_0176-225x300.jpg\" class=\"attachment-medium size-medium\" alt=\"\" srcset=\"https:\/\/msc-werlte.de\/wp-content\/uploads\/2025\/09\/IMG_0176-225x300.jpg 225w, https:\/\/msc-werlte.de\/wp-content\/uploads\/2025\/09\/IMG_0176-768x1024.jpg 768w, https:\/\/msc-werlte.de\/wp-content\/uploads\/2025\/09\/IMG_0176-1152x1536.jpg 1152w, https:\/\/msc-werlte.de\/wp-content\/uploads\/2025\/09\/IMG_0176-rotated.jpg 1512w\" sizes=\"auto, (max-width: 225px) 100vw, 225px\" \/><\/a>\n\t\t\t<\/dt><\/dl><dl class='gallery-item'>\n\t\t\t<dt class='gallery-icon landscape'>\n\t\t\t\t<a href='https:\/\/msc-werlte.de\/wp-content\/uploads\/2025\/09\/IMG_0162-scaled.jpg'><img loading=\"lazy\" decoding=\"async\" width=\"300\" height=\"225\" src=\"https:\/\/msc-werlte.de\/wp-content\/uploads\/2025\/09\/IMG_0162-300x225.jpg\" class=\"attachment-medium size-medium\" alt=\"\" srcset=\"https:\/\/msc-werlte.de\/wp-content\/uploads\/2025\/09\/IMG_0162-300x225.jpg 300w, https:\/\/msc-werlte.de\/wp-content\/uploads\/2025\/09\/IMG_0162-1024x768.jpg 1024w, https:\/\/msc-werlte.de\/wp-content\/uploads\/2025\/09\/IMG_0162-768x576.jpg 768w, https:\/\/msc-werlte.de\/wp-content\/uploads\/2025\/09\/IMG_0162-1536x1152.jpg 1536w, https:\/\/msc-werlte.de\/wp-content\/uploads\/2025\/09\/IMG_0162-2048x1536.jpg 2048w\" sizes=\"auto, (max-width: 300px) 100vw, 300px\" \/><\/a>\n\t\t\t<\/dt><\/dl><br style=\"clear: both\" \/>\n\t\t<\/div>\n\n<p>&nbsp;<\/p>\n<div class=\"shariff\" data-services=\"facebook\" data-url=\"https:\/\/msc-werlte.de\/index.php\/ein-abend-voller-jubel-und-wertschaetzung-fuer-unseren-weltmeister\/\" data-timestamp=\"1758564041\" data-backendurl=\"https:\/\/msc-werlte.de\/wp-json\/shariff\/v1\/share_counts?\"><ul class=\"shariff-buttons theme-default orientation-horizontal buttonsize-medium\"><li class=\"shariff-button facebook shariff-nocustomcolor\" style=\"background-color:#4273c8\"><a href=\"https:\/\/www.facebook.com\/sharer\/sharer.php?u=https%3A%2F%2Fmsc-werlte.de%2Findex.php%2Fein-abend-voller-jubel-und-wertschaetzung-fuer-unseren-weltmeister%2F\" title=\"Bei Facebook teilen\" aria-label=\"Bei Facebook teilen\" role=\"button\" rel=\"nofollow\" class=\"shariff-link\" style=\"; background-color:#3b5998; color:#fff\" target=\"_blank\"><span class=\"shariff-icon\" style=\"\"><svg width=\"32px\" height=\"20px\" xmlns=\"http:\/\/www.w3.org\/2000\/svg\" viewBox=\"0 0 18 32\"><path fill=\"#3b5998\" d=\"M17.1 0.2v4.7h-2.8q-1.5 0-2.1 0.6t-0.5 1.9v3.4h5.2l-0.7 5.3h-4.5v13.6h-5.5v-13.6h-4.5v-5.3h4.5v-3.9q0-3.3 1.9-5.2t5-1.8q2.6 0 4.1 0.2z\"\/><\/svg><\/span><span class=\"shariff-text\">teilen<\/span>&nbsp;<span data-service=\"facebook\" style=\"color:#3b5998\" class=\"shariff-count shariff-hidezero\"><\/span>&nbsp;<\/a><\/li><\/ul><\/div>","protected":false},"excerpt":{"rendered":"<p>Gestern Abend fand im Clubheim der kurzfristig organisierte Empfang f\u00fcr unseren frischgebackenen Weltmeister Timo Wachs statt. Rund 50 Mitglieder und Freunde bereiteten ihm einen w\u00fcrdigen und unvergesslichen Abend. Die \u00dcberraschung war gro\u00df, als neben den Clubkameraden auch zahlreiche Ehreng\u00e4ste erschienen. Besonders freuten wir uns \u00fcber den Besuch von Thomas Burkhardt, Pr\u00e4sident des ADAC Weser-Ems sowie ADAC-Sportleiter J\u00fcrgen Riedemann. Ebenfalls anwesend [&hellip;]<\/p>\n","protected":false},"author":2,"featured_media":1383,"comment_status":"closed","ping_status":"open","sticky":false,"template":"","format":"standard","meta":{"footnotes":""},"categories":[1],"tags":[],"class_list":["post-1384","post","type-post","status-publish","format-standard","has-post-thumbnail","hentry","category-allgemein"],"yoast_head":"<!-- This site is optimized with the Yoast SEO plugin v27.5 - https:\/\/yoast.com\/product\/yoast-seo-wordpress\/ -->\n<title>Ein Abend voller Jubel und Wertsch\u00e4tzung f\u00fcr unseren Weltmeister - MSC H\u00fcmmling Werlte<\/title>\n<meta name=\"robots\" content=\"index, follow, max-snippet:-1, max-image-preview:large, max-video-preview:-1\" \/>\n<link rel=\"canonical\" href=\"https:\/\/msc-werlte.de\/index.php\/ein-abend-voller-jubel-und-wertschaetzung-fuer-unseren-weltmeister\/\" \/>\n<meta property=\"og:locale\" content=\"de_DE\" \/>\n<meta property=\"og:type\" content=\"article\" \/>\n<meta property=\"og:title\" content=\"Ein Abend voller Jubel und Wertsch\u00e4tzung f\u00fcr unseren Weltmeister - MSC H\u00fcmmling Werlte\" \/>\n<meta property=\"og:description\" content=\"Gestern Abend fand im Clubheim der kurzfristig organisierte Empfang f\u00fcr unseren frischgebackenen Weltmeister Timo Wachs statt. Rund 50 Mitglieder und Freunde bereiteten ihm einen w\u00fcrdigen und unvergesslichen Abend. Die \u00dcberraschung war gro\u00df, als neben den Clubkameraden auch zahlreiche Ehreng\u00e4ste erschienen. Besonders freuten wir uns \u00fcber den Besuch von Thomas Burkhardt, Pr\u00e4sident des ADAC Weser-Ems sowie ADAC-Sportleiter J\u00fcrgen Riedemann. Ebenfalls anwesend [&hellip;]\" \/>\n<meta property=\"og:url\" content=\"https:\/\/msc-werlte.de\/index.php\/ein-abend-voller-jubel-und-wertschaetzung-fuer-unseren-weltmeister\/\" \/>\n<meta property=\"og:site_name\" content=\"MSC H\u00fcmmling Werlte\" \/>\n<meta property=\"article:publisher\" content=\"https:\/\/www.facebook.com\/MscHummlingWerlteEvImAdac\" \/>\n<meta property=\"article:published_time\" content=\"2025-09-22T16:00:41+00:00\" \/>\n<meta property=\"og:image\" content=\"https:\/\/msc-werlte.de\/wp-content\/uploads\/2025\/09\/IMG_0207.jpg\" \/>\n\t<meta property=\"og:image:width\" content=\"1893\" \/>\n\t<meta property=\"og:image:height\" content=\"1173\" \/>\n\t<meta property=\"og:image:type\" content=\"image\/jpeg\" \/>\n<meta name=\"author\" content=\"Redaktion\" \/>\n<meta name=\"twitter:card\" content=\"summary_large_image\" \/>\n<meta name=\"twitter:label1\" content=\"Verfasst von\" \/>\n\t<meta name=\"twitter:data1\" content=\"Redaktion\" \/>\n\t<meta name=\"twitter:label2\" content=\"Gesch\u00e4tzte Lesezeit\" \/>\n\t<meta name=\"twitter:data2\" content=\"2\u00a0Minuten\" \/>\n<script type=\"application\/ld+json\" class=\"yoast-schema-graph\">{\"@context\":\"https:\\\/\\\/schema.org\",\"@graph\":[{\"@type\":\"Article\",\"@id\":\"https:\\\/\\\/msc-werlte.de\\\/index.php\\\/ein-abend-voller-jubel-und-wertschaetzung-fuer-unseren-weltmeister\\\/#article\",\"isPartOf\":{\"@id\":\"https:\\\/\\\/msc-werlte.de\\\/index.php\\\/ein-abend-voller-jubel-und-wertschaetzung-fuer-unseren-weltmeister\\\/\"},\"author\":{\"name\":\"Redaktion\",\"@id\":\"https:\\\/\\\/msc-werlte.de\\\/#\\\/schema\\\/person\\\/2ca3dce1bd60dd976921168be8f7fd27\"},\"headline\":\"Ein Abend voller Jubel und Wertsch\u00e4tzung f\u00fcr unseren Weltmeister\",\"datePublished\":\"2025-09-22T16:00:41+00:00\",\"mainEntityOfPage\":{\"@id\":\"https:\\\/\\\/msc-werlte.de\\\/index.php\\\/ein-abend-voller-jubel-und-wertschaetzung-fuer-unseren-weltmeister\\\/\"},\"wordCount\":296,\"publisher\":{\"@id\":\"https:\\\/\\\/msc-werlte.de\\\/#organization\"},\"image\":{\"@id\":\"https:\\\/\\\/msc-werlte.de\\\/index.php\\\/ein-abend-voller-jubel-und-wertschaetzung-fuer-unseren-weltmeister\\\/#primaryimage\"},\"thumbnailUrl\":\"https:\\\/\\\/msc-werlte.de\\\/wp-content\\\/uploads\\\/2025\\\/09\\\/IMG_0207.jpg\",\"inLanguage\":\"de\"},{\"@type\":\"WebPage\",\"@id\":\"https:\\\/\\\/msc-werlte.de\\\/index.php\\\/ein-abend-voller-jubel-und-wertschaetzung-fuer-unseren-weltmeister\\\/\",\"url\":\"https:\\\/\\\/msc-werlte.de\\\/index.php\\\/ein-abend-voller-jubel-und-wertschaetzung-fuer-unseren-weltmeister\\\/\",\"name\":\"Ein Abend voller Jubel und Wertsch\u00e4tzung f\u00fcr unseren Weltmeister - MSC H\u00fcmmling Werlte\",\"isPartOf\":{\"@id\":\"https:\\\/\\\/msc-werlte.de\\\/#website\"},\"primaryImageOfPage\":{\"@id\":\"https:\\\/\\\/msc-werlte.de\\\/index.php\\\/ein-abend-voller-jubel-und-wertschaetzung-fuer-unseren-weltmeister\\\/#primaryimage\"},\"image\":{\"@id\":\"https:\\\/\\\/msc-werlte.de\\\/index.php\\\/ein-abend-voller-jubel-und-wertschaetzung-fuer-unseren-weltmeister\\\/#primaryimage\"},\"thumbnailUrl\":\"https:\\\/\\\/msc-werlte.de\\\/wp-content\\\/uploads\\\/2025\\\/09\\\/IMG_0207.jpg\",\"datePublished\":\"2025-09-22T16:00:41+00:00\",\"breadcrumb\":{\"@id\":\"https:\\\/\\\/msc-werlte.de\\\/index.php\\\/ein-abend-voller-jubel-und-wertschaetzung-fuer-unseren-weltmeister\\\/#breadcrumb\"},\"inLanguage\":\"de\",\"potentialAction\":[{\"@type\":\"ReadAction\",\"target\":[\"https:\\\/\\\/msc-werlte.de\\\/index.php\\\/ein-abend-voller-jubel-und-wertschaetzung-fuer-unseren-weltmeister\\\/\"]}]},{\"@type\":\"ImageObject\",\"inLanguage\":\"de\",\"@id\":\"https:\\\/\\\/msc-werlte.de\\\/index.php\\\/ein-abend-voller-jubel-und-wertschaetzung-fuer-unseren-weltmeister\\\/#primaryimage\",\"url\":\"https:\\\/\\\/msc-werlte.de\\\/wp-content\\\/uploads\\\/2025\\\/09\\\/IMG_0207.jpg\",\"contentUrl\":\"https:\\\/\\\/msc-werlte.de\\\/wp-content\\\/uploads\\\/2025\\\/09\\\/IMG_0207.jpg\",\"width\":1893,\"height\":1173},{\"@type\":\"BreadcrumbList\",\"@id\":\"https:\\\/\\\/msc-werlte.de\\\/index.php\\\/ein-abend-voller-jubel-und-wertschaetzung-fuer-unseren-weltmeister\\\/#breadcrumb\",\"itemListElement\":[{\"@type\":\"ListItem\",\"position\":1,\"name\":\"Startseite\",\"item\":\"https:\\\/\\\/msc-werlte.de\\\/\"},{\"@type\":\"ListItem\",\"position\":2,\"name\":\"Ein Abend voller Jubel und Wertsch\u00e4tzung f\u00fcr unseren Weltmeister\"}]},{\"@type\":\"WebSite\",\"@id\":\"https:\\\/\\\/msc-werlte.de\\\/#website\",\"url\":\"https:\\\/\\\/msc-werlte.de\\\/\",\"name\":\"MSC H\u00fcmmling Werlte\",\"description\":\"\",\"publisher\":{\"@id\":\"https:\\\/\\\/msc-werlte.de\\\/#organization\"},\"potentialAction\":[{\"@type\":\"SearchAction\",\"target\":{\"@type\":\"EntryPoint\",\"urlTemplate\":\"https:\\\/\\\/msc-werlte.de\\\/?s={search_term_string}\"},\"query-input\":{\"@type\":\"PropertyValueSpecification\",\"valueRequired\":true,\"valueName\":\"search_term_string\"}}],\"inLanguage\":\"de\"},{\"@type\":\"Organization\",\"@id\":\"https:\\\/\\\/msc-werlte.de\\\/#organization\",\"name\":\"MSC H\u00fcmmling Werlte\",\"url\":\"https:\\\/\\\/msc-werlte.de\\\/\",\"logo\":{\"@type\":\"ImageObject\",\"inLanguage\":\"de\",\"@id\":\"https:\\\/\\\/msc-werlte.de\\\/#\\\/schema\\\/logo\\\/image\\\/\",\"url\":\"https:\\\/\\\/msc-werlte.de\\\/wp-content\\\/uploads\\\/2022\\\/10\\\/MSC-Werlte_329px_Final.png\",\"contentUrl\":\"https:\\\/\\\/msc-werlte.de\\\/wp-content\\\/uploads\\\/2022\\\/10\\\/MSC-Werlte_329px_Final.png\",\"width\":329,\"height\":329,\"caption\":\"MSC H\u00fcmmling Werlte\"},\"image\":{\"@id\":\"https:\\\/\\\/msc-werlte.de\\\/#\\\/schema\\\/logo\\\/image\\\/\"},\"sameAs\":[\"https:\\\/\\\/www.facebook.com\\\/MscHummlingWerlteEvImAdac\"]},{\"@type\":\"Person\",\"@id\":\"https:\\\/\\\/msc-werlte.de\\\/#\\\/schema\\\/person\\\/2ca3dce1bd60dd976921168be8f7fd27\",\"name\":\"Redaktion\",\"image\":{\"@type\":\"ImageObject\",\"inLanguage\":\"de\",\"@id\":\"https:\\\/\\\/secure.gravatar.com\\\/avatar\\\/f453567527ece4e31e66e3a5fdbfef099714fb17581b77051f95588feb6f55ab?s=96&d=mm&r=g\",\"url\":\"https:\\\/\\\/secure.gravatar.com\\\/avatar\\\/f453567527ece4e31e66e3a5fdbfef099714fb17581b77051f95588feb6f55ab?s=96&d=mm&r=g\",\"contentUrl\":\"https:\\\/\\\/secure.gravatar.com\\\/avatar\\\/f453567527ece4e31e66e3a5fdbfef099714fb17581b77051f95588feb6f55ab?s=96&d=mm&r=g\",\"caption\":\"Redaktion\"},\"url\":\"https:\\\/\\\/msc-werlte.de\\\/index.php\\\/author\\\/readaktion\\\/\"}]}<\/script>\n<!-- \/ Yoast SEO plugin. -->","yoast_head_json":{"title":"Ein Abend voller Jubel und Wertsch\u00e4tzung f\u00fcr unseren Weltmeister - MSC H\u00fcmmling Werlte","robots":{"index":"index","follow":"follow","max-snippet":"max-snippet:-1","max-image-preview":"max-image-preview:large","max-video-preview":"max-video-preview:-1"},"canonical":"https:\/\/msc-werlte.de\/index.php\/ein-abend-voller-jubel-und-wertschaetzung-fuer-unseren-weltmeister\/","og_locale":"de_DE","og_type":"article","og_title":"Ein Abend voller Jubel und Wertsch\u00e4tzung f\u00fcr unseren Weltmeister - MSC H\u00fcmmling Werlte","og_description":"Gestern Abend fand im Clubheim der kurzfristig organisierte Empfang f\u00fcr unseren frischgebackenen Weltmeister Timo Wachs statt. Rund 50 Mitglieder und Freunde bereiteten ihm einen w\u00fcrdigen und unvergesslichen Abend. Die \u00dcberraschung war gro\u00df, als neben den Clubkameraden auch zahlreiche Ehreng\u00e4ste erschienen. Besonders freuten wir uns \u00fcber den Besuch von Thomas Burkhardt, Pr\u00e4sident des ADAC Weser-Ems sowie ADAC-Sportleiter J\u00fcrgen Riedemann. Ebenfalls anwesend [&hellip;]","og_url":"https:\/\/msc-werlte.de\/index.php\/ein-abend-voller-jubel-und-wertschaetzung-fuer-unseren-weltmeister\/","og_site_name":"MSC H\u00fcmmling Werlte","article_publisher":"https:\/\/www.facebook.com\/MscHummlingWerlteEvImAdac","article_published_time":"2025-09-22T16:00:41+00:00","og_image":[{"width":1893,"height":1173,"url":"https:\/\/msc-werlte.de\/wp-content\/uploads\/2025\/09\/IMG_0207.jpg","type":"image\/jpeg"}],"author":"Redaktion","twitter_card":"summary_large_image","twitter_misc":{"Verfasst von":"Redaktion","Gesch\u00e4tzte Lesezeit":"2\u00a0Minuten"},"schema":{"@context":"https:\/\/schema.org","@graph":[{"@type":"Article","@id":"https:\/\/msc-werlte.de\/index.php\/ein-abend-voller-jubel-und-wertschaetzung-fuer-unseren-weltmeister\/#article","isPartOf":{"@id":"https:\/\/msc-werlte.de\/index.php\/ein-abend-voller-jubel-und-wertschaetzung-fuer-unseren-weltmeister\/"},"author":{"name":"Redaktion","@id":"https:\/\/msc-werlte.de\/#\/schema\/person\/2ca3dce1bd60dd976921168be8f7fd27"},"headline":"Ein Abend voller Jubel und Wertsch\u00e4tzung f\u00fcr unseren Weltmeister","datePublished":"2025-09-22T16:00:41+00:00","mainEntityOfPage":{"@id":"https:\/\/msc-werlte.de\/index.php\/ein-abend-voller-jubel-und-wertschaetzung-fuer-unseren-weltmeister\/"},"wordCount":296,"publisher":{"@id":"https:\/\/msc-werlte.de\/#organization"},"image":{"@id":"https:\/\/msc-werlte.de\/index.php\/ein-abend-voller-jubel-und-wertschaetzung-fuer-unseren-weltmeister\/#primaryimage"},"thumbnailUrl":"https:\/\/msc-werlte.de\/wp-content\/uploads\/2025\/09\/IMG_0207.jpg","inLanguage":"de"},{"@type":"WebPage","@id":"https:\/\/msc-werlte.de\/index.php\/ein-abend-voller-jubel-und-wertschaetzung-fuer-unseren-weltmeister\/","url":"https:\/\/msc-werlte.de\/index.php\/ein-abend-voller-jubel-und-wertschaetzung-fuer-unseren-weltmeister\/","name":"Ein Abend voller Jubel und Wertsch\u00e4tzung f\u00fcr unseren Weltmeister - MSC H\u00fcmmling Werlte","isPartOf":{"@id":"https:\/\/msc-werlte.de\/#website"},"primaryImageOfPage":{"@id":"https:\/\/msc-werlte.de\/index.php\/ein-abend-voller-jubel-und-wertschaetzung-fuer-unseren-weltmeister\/#primaryimage"},"image":{"@id":"https:\/\/msc-werlte.de\/index.php\/ein-abend-voller-jubel-und-wertschaetzung-fuer-unseren-weltmeister\/#primaryimage"},"thumbnailUrl":"https:\/\/msc-werlte.de\/wp-content\/uploads\/2025\/09\/IMG_0207.jpg","datePublished":"2025-09-22T16:00:41+00:00","breadcrumb":{"@id":"https:\/\/msc-werlte.de\/index.php\/ein-abend-voller-jubel-und-wertschaetzung-fuer-unseren-weltmeister\/#breadcrumb"},"inLanguage":"de","potentialAction":[{"@type":"ReadAction","target":["https:\/\/msc-werlte.de\/index.php\/ein-abend-voller-jubel-und-wertschaetzung-fuer-unseren-weltmeister\/"]}]},{"@type":"ImageObject","inLanguage":"de","@id":"https:\/\/msc-werlte.de\/index.php\/ein-abend-voller-jubel-und-wertschaetzung-fuer-unseren-weltmeister\/#primaryimage","url":"https:\/\/msc-werlte.de\/wp-content\/uploads\/2025\/09\/IMG_0207.jpg","contentUrl":"https:\/\/msc-werlte.de\/wp-content\/uploads\/2025\/09\/IMG_0207.jpg","width":1893,"height":1173},{"@type":"BreadcrumbList","@id":"https:\/\/msc-werlte.de\/index.php\/ein-abend-voller-jubel-und-wertschaetzung-fuer-unseren-weltmeister\/#breadcrumb","itemListElement":[{"@type":"ListItem","position":1,"name":"Startseite","item":"https:\/\/msc-werlte.de\/"},{"@type":"ListItem","position":2,"name":"Ein Abend voller Jubel und Wertsch\u00e4tzung f\u00fcr unseren Weltmeister"}]},{"@type":"WebSite","@id":"https:\/\/msc-werlte.de\/#website","url":"https:\/\/msc-werlte.de\/","name":"MSC H\u00fcmmling Werlte","description":"","publisher":{"@id":"https:\/\/msc-werlte.de\/#organization"},"potentialAction":[{"@type":"SearchAction","target":{"@type":"EntryPoint","urlTemplate":"https:\/\/msc-werlte.de\/?s={search_term_string}"},"query-input":{"@type":"PropertyValueSpecification","valueRequired":true,"valueName":"search_term_string"}}],"inLanguage":"de"},{"@type":"Organization","@id":"https:\/\/msc-werlte.de\/#organization","name":"MSC H\u00fcmmling Werlte","url":"https:\/\/msc-werlte.de\/","logo":{"@type":"ImageObject","inLanguage":"de","@id":"https:\/\/msc-werlte.de\/#\/schema\/logo\/image\/","url":"https:\/\/msc-werlte.de\/wp-content\/uploads\/2022\/10\/MSC-Werlte_329px_Final.png","contentUrl":"https:\/\/msc-werlte.de\/wp-content\/uploads\/2022\/10\/MSC-Werlte_329px_Final.png","width":329,"height":329,"caption":"MSC H\u00fcmmling Werlte"},"image":{"@id":"https:\/\/msc-werlte.de\/#\/schema\/logo\/image\/"},"sameAs":["https:\/\/www.facebook.com\/MscHummlingWerlteEvImAdac"]},{"@type":"Person","@id":"https:\/\/msc-werlte.de\/#\/schema\/person\/2ca3dce1bd60dd976921168be8f7fd27","name":"Redaktion","image":{"@type":"ImageObject","inLanguage":"de","@id":"https:\/\/secure.gravatar.com\/avatar\/f453567527ece4e31e66e3a5fdbfef099714fb17581b77051f95588feb6f55ab?s=96&d=mm&r=g","url":"https:\/\/secure.gravatar.com\/avatar\/f453567527ece4e31e66e3a5fdbfef099714fb17581b77051f95588feb6f55ab?s=96&d=mm&r=g","contentUrl":"https:\/\/secure.gravatar.com\/avatar\/f453567527ece4e31e66e3a5fdbfef099714fb17581b77051f95588feb6f55ab?s=96&d=mm&r=g","caption":"Redaktion"},"url":"https:\/\/msc-werlte.de\/index.php\/author\/readaktion\/"}]}},"_links":{"self":[{"href":"https:\/\/msc-werlte.de\/index.php\/wp-json\/wp\/v2\/posts\/1384","targetHints":{"allow":["GET"]}}],"collection":[{"href":"https:\/\/msc-werlte.de\/index.php\/wp-json\/wp\/v2\/posts"}],"about":[{"href":"https:\/\/msc-werlte.de\/index.php\/wp-json\/wp\/v2\/types\/post"}],"author":[{"embeddable":true,"href":"https:\/\/msc-werlte.de\/index.php\/wp-json\/wp\/v2\/users\/2"}],"replies":[{"embeddable":true,"href":"https:\/\/msc-werlte.de\/index.php\/wp-json\/wp\/v2\/comments?post=1384"}],"version-history":[{"count":1,"href":"https:\/\/msc-werlte.de\/index.php\/wp-json\/wp\/v2\/posts\/1384\/revisions"}],"predecessor-version":[{"id":1385,"href":"https:\/\/msc-werlte.de\/index.php\/wp-json\/wp\/v2\/posts\/1384\/revisions\/1385"}],"wp:featuredmedia":[{"embeddable":true,"href":"https:\/\/msc-werlte.de\/index.php\/wp-json\/wp\/v2\/media\/1383"}],"wp:attachment":[{"href":"https:\/\/msc-werlte.de\/index.php\/wp-json\/wp\/v2\/media?parent=1384"}],"wp:term":[{"taxonomy":"category","embeddable":true,"href":"https:\/\/msc-werlte.de\/index.php\/wp-json\/wp\/v2\/categories?post=1384"},{"taxonomy":"post_tag","embeddable":true,"href":"https:\/\/msc-werlte.de\/index.php\/wp-json\/wp\/v2\/tags?post=1384"}],"curies":[{"name":"wp","href":"https:\/\/api.w.org\/{rel}","templated":true}]}}