{"id":1344,"date":"2025-09-16T18:34:32","date_gmt":"2025-09-16T16:34:32","guid":{"rendered":"https:\/\/msc-werlte.de\/?p=1344"},"modified":"2025-09-16T18:34:32","modified_gmt":"2025-09-16T16:34:32","slug":"familienfest-der-freiwilligen-feuerwehr-auf-dem-gelaende-des-msc-werlte","status":"publish","type":"post","link":"https:\/\/msc-werlte.de\/index.php\/familienfest-der-freiwilligen-feuerwehr-auf-dem-gelaende-des-msc-werlte\/","title":{"rendered":"Familienfest der Freiwilligen Feuerwehr auf dem Gel\u00e4nde des MSC Werlte"},"content":{"rendered":"<p>Am 6. September durften wir auf unserem Gel\u00e4nde rund 50 G\u00e4ste der Freiwilligen Feuerwehr zu ihrem Familienfest begr\u00fc\u00dfen. Bei strahlendem Wetter wurde gemeinsam gefeiert, gelacht und die Gelegenheit genutzt, Danke zu sagen: Wir haben uns herzlich bei der Freiwilligen Feuerwehr f\u00fcr die jahrelange Unterst\u00fctzung und die treue Begleitung bei unserem Rennen bedankt. Ebenso nutzten wir die Gelegenheit, um Feedback zur Veranstaltung auszutauschen und den Kameradinnen und Kameraden einen unbeschwerten Nachmittag in famili\u00e4rer Atmosph\u00e4re zu erm\u00f6glichen.<\/p>\n<p>F\u00fcr das leibliche Wohl hatte die Feuerwehr\u00a0 bestens gesorgt \u2013 mit Speisen, Getr\u00e4nken und kleinen Leckereien f\u00fcr Gro\u00df und Klein. Auch die j\u00fcngsten Besucher kamen nicht zu kurz: H\u00fcpfburgen und verschiedene Bewegungsspiele sorgten f\u00fcr Begeisterung und machten das Fest zu einem Erlebnis f\u00fcr die ganze Familie.<\/p>\n<p>Wir sind dankbar, die Freiwillige Feuerwehr in unserem Team zu haben, und hoffen weiterhin auf eine so gute und vertrauensvolle Zusammenarbeit.<\/p>\n<p>&nbsp;<\/p>\n<p><img loading=\"lazy\" decoding=\"async\" class=\"alignnone wp-image-1345 \" src=\"https:\/\/msc-werlte.de\/wp-content\/uploads\/2025\/09\/IMG_0130.jpg\" alt=\"\" width=\"244\" height=\"325\" srcset=\"https:\/\/msc-werlte.de\/wp-content\/uploads\/2025\/09\/IMG_0130.jpg 960w, https:\/\/msc-werlte.de\/wp-content\/uploads\/2025\/09\/IMG_0130-225x300.jpg 225w, https:\/\/msc-werlte.de\/wp-content\/uploads\/2025\/09\/IMG_0130-768x1024.jpg 768w\" sizes=\"auto, (max-width: 244px) 100vw, 244px\" \/><img loading=\"lazy\" decoding=\"async\" class=\"alignnone wp-image-1347 \" src=\"https:\/\/msc-werlte.de\/wp-content\/uploads\/2025\/09\/IMG_0132.jpg\" alt=\"\" width=\"245\" height=\"327\" srcset=\"https:\/\/msc-werlte.de\/wp-content\/uploads\/2025\/09\/IMG_0132.jpg 960w, https:\/\/msc-werlte.de\/wp-content\/uploads\/2025\/09\/IMG_0132-225x300.jpg 225w, https:\/\/msc-werlte.de\/wp-content\/uploads\/2025\/09\/IMG_0132-768x1024.jpg 768w\" sizes=\"auto, (max-width: 245px) 100vw, 245px\" \/><img loading=\"lazy\" decoding=\"async\" class=\"alignnone wp-image-1346 \" src=\"https:\/\/msc-werlte.de\/wp-content\/uploads\/2025\/09\/IMG_0131.jpg\" alt=\"\" width=\"247\" height=\"329\" srcset=\"https:\/\/msc-werlte.de\/wp-content\/uploads\/2025\/09\/IMG_0131.jpg 960w, https:\/\/msc-werlte.de\/wp-content\/uploads\/2025\/09\/IMG_0131-225x300.jpg 225w, https:\/\/msc-werlte.de\/wp-content\/uploads\/2025\/09\/IMG_0131-768x1024.jpg 768w\" sizes=\"auto, (max-width: 247px) 100vw, 247px\" \/><\/p>\n<p>&nbsp;<\/p>\n<div class=\"shariff\" data-services=\"facebook\" data-url=\"https:\/\/msc-werlte.de\/index.php\/familienfest-der-freiwilligen-feuerwehr-auf-dem-gelaende-des-msc-werlte\/\" data-timestamp=\"1758047672\" data-backendurl=\"https:\/\/msc-werlte.de\/wp-json\/shariff\/v1\/share_counts?\"><ul class=\"shariff-buttons theme-default orientation-horizontal buttonsize-medium\"><li class=\"shariff-button facebook shariff-nocustomcolor\" style=\"background-color:#4273c8\"><a href=\"https:\/\/www.facebook.com\/sharer\/sharer.php?u=https%3A%2F%2Fmsc-werlte.de%2Findex.php%2Ffamilienfest-der-freiwilligen-feuerwehr-auf-dem-gelaende-des-msc-werlte%2F\" title=\"Bei Facebook teilen\" aria-label=\"Bei Facebook teilen\" role=\"button\" rel=\"nofollow\" class=\"shariff-link\" style=\"; background-color:#3b5998; color:#fff\" target=\"_blank\"><span class=\"shariff-icon\" style=\"\"><svg width=\"32px\" height=\"20px\" xmlns=\"http:\/\/www.w3.org\/2000\/svg\" viewBox=\"0 0 18 32\"><path fill=\"#3b5998\" d=\"M17.1 0.2v4.7h-2.8q-1.5 0-2.1 0.6t-0.5 1.9v3.4h5.2l-0.7 5.3h-4.5v13.6h-5.5v-13.6h-4.5v-5.3h4.5v-3.9q0-3.3 1.9-5.2t5-1.8q2.6 0 4.1 0.2z\"\/><\/svg><\/span><span class=\"shariff-text\">teilen<\/span>&nbsp;<span data-service=\"facebook\" style=\"color:#3b5998\" class=\"shariff-count shariff-hidezero\"><\/span>&nbsp;<\/a><\/li><\/ul><\/div>","protected":false},"excerpt":{"rendered":"<p>Am 6. September durften wir auf unserem Gel\u00e4nde rund 50 G\u00e4ste der Freiwilligen Feuerwehr zu ihrem Familienfest begr\u00fc\u00dfen. Bei strahlendem Wetter wurde gemeinsam gefeiert, gelacht und die Gelegenheit genutzt, Danke zu sagen: Wir haben uns herzlich bei der Freiwilligen Feuerwehr f\u00fcr die jahrelange Unterst\u00fctzung und die treue Begleitung bei unserem Rennen bedankt. Ebenso nutzten wir die Gelegenheit, um Feedback zur [&hellip;]<\/p>\n","protected":false},"author":2,"featured_media":0,"comment_status":"closed","ping_status":"open","sticky":false,"template":"","format":"standard","meta":{"footnotes":""},"categories":[1],"tags":[],"class_list":["post-1344","post","type-post","status-publish","format-standard","hentry","category-allgemein"],"yoast_head":"<!-- This site is optimized with the Yoast SEO plugin v27.5 - https:\/\/yoast.com\/product\/yoast-seo-wordpress\/ -->\n<title>Familienfest der Freiwilligen Feuerwehr auf dem Gel\u00e4nde des MSC Werlte - MSC H\u00fcmmling Werlte<\/title>\n<meta name=\"robots\" content=\"index, follow, max-snippet:-1, max-image-preview:large, max-video-preview:-1\" \/>\n<link rel=\"canonical\" href=\"https:\/\/msc-werlte.de\/index.php\/familienfest-der-freiwilligen-feuerwehr-auf-dem-gelaende-des-msc-werlte\/\" \/>\n<meta property=\"og:locale\" content=\"de_DE\" \/>\n<meta property=\"og:type\" content=\"article\" \/>\n<meta property=\"og:title\" content=\"Familienfest der Freiwilligen Feuerwehr auf dem Gel\u00e4nde des MSC Werlte - MSC H\u00fcmmling Werlte\" \/>\n<meta property=\"og:description\" content=\"Am 6. September durften wir auf unserem Gel\u00e4nde rund 50 G\u00e4ste der Freiwilligen Feuerwehr zu ihrem Familienfest begr\u00fc\u00dfen. Bei strahlendem Wetter wurde gemeinsam gefeiert, gelacht und die Gelegenheit genutzt, Danke zu sagen: Wir haben uns herzlich bei der Freiwilligen Feuerwehr f\u00fcr die jahrelange Unterst\u00fctzung und die treue Begleitung bei unserem Rennen bedankt. Ebenso nutzten wir die Gelegenheit, um Feedback zur [&hellip;]\" \/>\n<meta property=\"og:url\" content=\"https:\/\/msc-werlte.de\/index.php\/familienfest-der-freiwilligen-feuerwehr-auf-dem-gelaende-des-msc-werlte\/\" \/>\n<meta property=\"og:site_name\" content=\"MSC H\u00fcmmling Werlte\" \/>\n<meta property=\"article:publisher\" content=\"https:\/\/www.facebook.com\/MscHummlingWerlteEvImAdac\" \/>\n<meta property=\"article:published_time\" content=\"2025-09-16T16:34:32+00:00\" \/>\n<meta property=\"og:image\" content=\"https:\/\/msc-werlte.de\/wp-content\/uploads\/2025\/09\/IMG_0130.jpg\" \/>\n\t<meta property=\"og:image:width\" content=\"960\" \/>\n\t<meta property=\"og:image:height\" content=\"1280\" \/>\n\t<meta property=\"og:image:type\" content=\"image\/jpeg\" \/>\n<meta name=\"author\" content=\"Redaktion\" \/>\n<meta name=\"twitter:card\" content=\"summary_large_image\" \/>\n<meta name=\"twitter:label1\" content=\"Verfasst von\" \/>\n\t<meta name=\"twitter:data1\" content=\"Redaktion\" \/>\n\t<meta name=\"twitter:label2\" content=\"Gesch\u00e4tzte Lesezeit\" \/>\n\t<meta name=\"twitter:data2\" content=\"2\u00a0Minuten\" \/>\n<script type=\"application\/ld+json\" class=\"yoast-schema-graph\">{\"@context\":\"https:\\\/\\\/schema.org\",\"@graph\":[{\"@type\":\"Article\",\"@id\":\"https:\\\/\\\/msc-werlte.de\\\/index.php\\\/familienfest-der-freiwilligen-feuerwehr-auf-dem-gelaende-des-msc-werlte\\\/#article\",\"isPartOf\":{\"@id\":\"https:\\\/\\\/msc-werlte.de\\\/index.php\\\/familienfest-der-freiwilligen-feuerwehr-auf-dem-gelaende-des-msc-werlte\\\/\"},\"author\":{\"name\":\"Redaktion\",\"@id\":\"https:\\\/\\\/msc-werlte.de\\\/#\\\/schema\\\/person\\\/2ca3dce1bd60dd976921168be8f7fd27\"},\"headline\":\"Familienfest der Freiwilligen Feuerwehr auf dem Gel\u00e4nde des MSC Werlte\",\"datePublished\":\"2025-09-16T16:34:32+00:00\",\"mainEntityOfPage\":{\"@id\":\"https:\\\/\\\/msc-werlte.de\\\/index.php\\\/familienfest-der-freiwilligen-feuerwehr-auf-dem-gelaende-des-msc-werlte\\\/\"},\"wordCount\":167,\"publisher\":{\"@id\":\"https:\\\/\\\/msc-werlte.de\\\/#organization\"},\"image\":{\"@id\":\"https:\\\/\\\/msc-werlte.de\\\/index.php\\\/familienfest-der-freiwilligen-feuerwehr-auf-dem-gelaende-des-msc-werlte\\\/#primaryimage\"},\"thumbnailUrl\":\"https:\\\/\\\/msc-werlte.de\\\/wp-content\\\/uploads\\\/2025\\\/09\\\/IMG_0130.jpg\",\"inLanguage\":\"de\"},{\"@type\":\"WebPage\",\"@id\":\"https:\\\/\\\/msc-werlte.de\\\/index.php\\\/familienfest-der-freiwilligen-feuerwehr-auf-dem-gelaende-des-msc-werlte\\\/\",\"url\":\"https:\\\/\\\/msc-werlte.de\\\/index.php\\\/familienfest-der-freiwilligen-feuerwehr-auf-dem-gelaende-des-msc-werlte\\\/\",\"name\":\"Familienfest der Freiwilligen Feuerwehr auf dem Gel\u00e4nde des MSC Werlte - MSC H\u00fcmmling Werlte\",\"isPartOf\":{\"@id\":\"https:\\\/\\\/msc-werlte.de\\\/#website\"},\"primaryImageOfPage\":{\"@id\":\"https:\\\/\\\/msc-werlte.de\\\/index.php\\\/familienfest-der-freiwilligen-feuerwehr-auf-dem-gelaende-des-msc-werlte\\\/#primaryimage\"},\"image\":{\"@id\":\"https:\\\/\\\/msc-werlte.de\\\/index.php\\\/familienfest-der-freiwilligen-feuerwehr-auf-dem-gelaende-des-msc-werlte\\\/#primaryimage\"},\"thumbnailUrl\":\"https:\\\/\\\/msc-werlte.de\\\/wp-content\\\/uploads\\\/2025\\\/09\\\/IMG_0130.jpg\",\"datePublished\":\"2025-09-16T16:34:32+00:00\",\"breadcrumb\":{\"@id\":\"https:\\\/\\\/msc-werlte.de\\\/index.php\\\/familienfest-der-freiwilligen-feuerwehr-auf-dem-gelaende-des-msc-werlte\\\/#breadcrumb\"},\"inLanguage\":\"de\",\"potentialAction\":[{\"@type\":\"ReadAction\",\"target\":[\"https:\\\/\\\/msc-werlte.de\\\/index.php\\\/familienfest-der-freiwilligen-feuerwehr-auf-dem-gelaende-des-msc-werlte\\\/\"]}]},{\"@type\":\"ImageObject\",\"inLanguage\":\"de\",\"@id\":\"https:\\\/\\\/msc-werlte.de\\\/index.php\\\/familienfest-der-freiwilligen-feuerwehr-auf-dem-gelaende-des-msc-werlte\\\/#primaryimage\",\"url\":\"https:\\\/\\\/msc-werlte.de\\\/wp-content\\\/uploads\\\/2025\\\/09\\\/IMG_0130.jpg\",\"contentUrl\":\"https:\\\/\\\/msc-werlte.de\\\/wp-content\\\/uploads\\\/2025\\\/09\\\/IMG_0130.jpg\",\"width\":960,\"height\":1280},{\"@type\":\"BreadcrumbList\",\"@id\":\"https:\\\/\\\/msc-werlte.de\\\/index.php\\\/familienfest-der-freiwilligen-feuerwehr-auf-dem-gelaende-des-msc-werlte\\\/#breadcrumb\",\"itemListElement\":[{\"@type\":\"ListItem\",\"position\":1,\"name\":\"Startseite\",\"item\":\"https:\\\/\\\/msc-werlte.de\\\/\"},{\"@type\":\"ListItem\",\"position\":2,\"name\":\"Familienfest der Freiwilligen Feuerwehr auf dem Gel\u00e4nde des MSC Werlte\"}]},{\"@type\":\"WebSite\",\"@id\":\"https:\\\/\\\/msc-werlte.de\\\/#website\",\"url\":\"https:\\\/\\\/msc-werlte.de\\\/\",\"name\":\"MSC H\u00fcmmling Werlte\",\"description\":\"\",\"publisher\":{\"@id\":\"https:\\\/\\\/msc-werlte.de\\\/#organization\"},\"potentialAction\":[{\"@type\":\"SearchAction\",\"target\":{\"@type\":\"EntryPoint\",\"urlTemplate\":\"https:\\\/\\\/msc-werlte.de\\\/?s={search_term_string}\"},\"query-input\":{\"@type\":\"PropertyValueSpecification\",\"valueRequired\":true,\"valueName\":\"search_term_string\"}}],\"inLanguage\":\"de\"},{\"@type\":\"Organization\",\"@id\":\"https:\\\/\\\/msc-werlte.de\\\/#organization\",\"name\":\"MSC H\u00fcmmling Werlte\",\"url\":\"https:\\\/\\\/msc-werlte.de\\\/\",\"logo\":{\"@type\":\"ImageObject\",\"inLanguage\":\"de\",\"@id\":\"https:\\\/\\\/msc-werlte.de\\\/#\\\/schema\\\/logo\\\/image\\\/\",\"url\":\"https:\\\/\\\/msc-werlte.de\\\/wp-content\\\/uploads\\\/2022\\\/10\\\/MSC-Werlte_329px_Final.png\",\"contentUrl\":\"https:\\\/\\\/msc-werlte.de\\\/wp-content\\\/uploads\\\/2022\\\/10\\\/MSC-Werlte_329px_Final.png\",\"width\":329,\"height\":329,\"caption\":\"MSC H\u00fcmmling Werlte\"},\"image\":{\"@id\":\"https:\\\/\\\/msc-werlte.de\\\/#\\\/schema\\\/logo\\\/image\\\/\"},\"sameAs\":[\"https:\\\/\\\/www.facebook.com\\\/MscHummlingWerlteEvImAdac\"]},{\"@type\":\"Person\",\"@id\":\"https:\\\/\\\/msc-werlte.de\\\/#\\\/schema\\\/person\\\/2ca3dce1bd60dd976921168be8f7fd27\",\"name\":\"Redaktion\",\"image\":{\"@type\":\"ImageObject\",\"inLanguage\":\"de\",\"@id\":\"https:\\\/\\\/secure.gravatar.com\\\/avatar\\\/f453567527ece4e31e66e3a5fdbfef099714fb17581b77051f95588feb6f55ab?s=96&d=mm&r=g\",\"url\":\"https:\\\/\\\/secure.gravatar.com\\\/avatar\\\/f453567527ece4e31e66e3a5fdbfef099714fb17581b77051f95588feb6f55ab?s=96&d=mm&r=g\",\"contentUrl\":\"https:\\\/\\\/secure.gravatar.com\\\/avatar\\\/f453567527ece4e31e66e3a5fdbfef099714fb17581b77051f95588feb6f55ab?s=96&d=mm&r=g\",\"caption\":\"Redaktion\"},\"url\":\"https:\\\/\\\/msc-werlte.de\\\/index.php\\\/author\\\/readaktion\\\/\"}]}<\/script>\n<!-- \/ Yoast SEO plugin. -->","yoast_head_json":{"title":"Familienfest der Freiwilligen Feuerwehr auf dem Gel\u00e4nde des MSC Werlte - MSC H\u00fcmmling Werlte","robots":{"index":"index","follow":"follow","max-snippet":"max-snippet:-1","max-image-preview":"max-image-preview:large","max-video-preview":"max-video-preview:-1"},"canonical":"https:\/\/msc-werlte.de\/index.php\/familienfest-der-freiwilligen-feuerwehr-auf-dem-gelaende-des-msc-werlte\/","og_locale":"de_DE","og_type":"article","og_title":"Familienfest der Freiwilligen Feuerwehr auf dem Gel\u00e4nde des MSC Werlte - MSC H\u00fcmmling Werlte","og_description":"Am 6. September durften wir auf unserem Gel\u00e4nde rund 50 G\u00e4ste der Freiwilligen Feuerwehr zu ihrem Familienfest begr\u00fc\u00dfen. Bei strahlendem Wetter wurde gemeinsam gefeiert, gelacht und die Gelegenheit genutzt, Danke zu sagen: Wir haben uns herzlich bei der Freiwilligen Feuerwehr f\u00fcr die jahrelange Unterst\u00fctzung und die treue Begleitung bei unserem Rennen bedankt. Ebenso nutzten wir die Gelegenheit, um Feedback zur [&hellip;]","og_url":"https:\/\/msc-werlte.de\/index.php\/familienfest-der-freiwilligen-feuerwehr-auf-dem-gelaende-des-msc-werlte\/","og_site_name":"MSC H\u00fcmmling Werlte","article_publisher":"https:\/\/www.facebook.com\/MscHummlingWerlteEvImAdac","article_published_time":"2025-09-16T16:34:32+00:00","og_image":[{"width":960,"height":1280,"url":"https:\/\/msc-werlte.de\/wp-content\/uploads\/2025\/09\/IMG_0130.jpg","type":"image\/jpeg"}],"author":"Redaktion","twitter_card":"summary_large_image","twitter_misc":{"Verfasst von":"Redaktion","Gesch\u00e4tzte Lesezeit":"2\u00a0Minuten"},"schema":{"@context":"https:\/\/schema.org","@graph":[{"@type":"Article","@id":"https:\/\/msc-werlte.de\/index.php\/familienfest-der-freiwilligen-feuerwehr-auf-dem-gelaende-des-msc-werlte\/#article","isPartOf":{"@id":"https:\/\/msc-werlte.de\/index.php\/familienfest-der-freiwilligen-feuerwehr-auf-dem-gelaende-des-msc-werlte\/"},"author":{"name":"Redaktion","@id":"https:\/\/msc-werlte.de\/#\/schema\/person\/2ca3dce1bd60dd976921168be8f7fd27"},"headline":"Familienfest der Freiwilligen Feuerwehr auf dem Gel\u00e4nde des MSC Werlte","datePublished":"2025-09-16T16:34:32+00:00","mainEntityOfPage":{"@id":"https:\/\/msc-werlte.de\/index.php\/familienfest-der-freiwilligen-feuerwehr-auf-dem-gelaende-des-msc-werlte\/"},"wordCount":167,"publisher":{"@id":"https:\/\/msc-werlte.de\/#organization"},"image":{"@id":"https:\/\/msc-werlte.de\/index.php\/familienfest-der-freiwilligen-feuerwehr-auf-dem-gelaende-des-msc-werlte\/#primaryimage"},"thumbnailUrl":"https:\/\/msc-werlte.de\/wp-content\/uploads\/2025\/09\/IMG_0130.jpg","inLanguage":"de"},{"@type":"WebPage","@id":"https:\/\/msc-werlte.de\/index.php\/familienfest-der-freiwilligen-feuerwehr-auf-dem-gelaende-des-msc-werlte\/","url":"https:\/\/msc-werlte.de\/index.php\/familienfest-der-freiwilligen-feuerwehr-auf-dem-gelaende-des-msc-werlte\/","name":"Familienfest der Freiwilligen Feuerwehr auf dem Gel\u00e4nde des MSC Werlte - MSC H\u00fcmmling Werlte","isPartOf":{"@id":"https:\/\/msc-werlte.de\/#website"},"primaryImageOfPage":{"@id":"https:\/\/msc-werlte.de\/index.php\/familienfest-der-freiwilligen-feuerwehr-auf-dem-gelaende-des-msc-werlte\/#primaryimage"},"image":{"@id":"https:\/\/msc-werlte.de\/index.php\/familienfest-der-freiwilligen-feuerwehr-auf-dem-gelaende-des-msc-werlte\/#primaryimage"},"thumbnailUrl":"https:\/\/msc-werlte.de\/wp-content\/uploads\/2025\/09\/IMG_0130.jpg","datePublished":"2025-09-16T16:34:32+00:00","breadcrumb":{"@id":"https:\/\/msc-werlte.de\/index.php\/familienfest-der-freiwilligen-feuerwehr-auf-dem-gelaende-des-msc-werlte\/#breadcrumb"},"inLanguage":"de","potentialAction":[{"@type":"ReadAction","target":["https:\/\/msc-werlte.de\/index.php\/familienfest-der-freiwilligen-feuerwehr-auf-dem-gelaende-des-msc-werlte\/"]}]},{"@type":"ImageObject","inLanguage":"de","@id":"https:\/\/msc-werlte.de\/index.php\/familienfest-der-freiwilligen-feuerwehr-auf-dem-gelaende-des-msc-werlte\/#primaryimage","url":"https:\/\/msc-werlte.de\/wp-content\/uploads\/2025\/09\/IMG_0130.jpg","contentUrl":"https:\/\/msc-werlte.de\/wp-content\/uploads\/2025\/09\/IMG_0130.jpg","width":960,"height":1280},{"@type":"BreadcrumbList","@id":"https:\/\/msc-werlte.de\/index.php\/familienfest-der-freiwilligen-feuerwehr-auf-dem-gelaende-des-msc-werlte\/#breadcrumb","itemListElement":[{"@type":"ListItem","position":1,"name":"Startseite","item":"https:\/\/msc-werlte.de\/"},{"@type":"ListItem","position":2,"name":"Familienfest der Freiwilligen Feuerwehr auf dem Gel\u00e4nde des MSC Werlte"}]},{"@type":"WebSite","@id":"https:\/\/msc-werlte.de\/#website","url":"https:\/\/msc-werlte.de\/","name":"MSC H\u00fcmmling Werlte","description":"","publisher":{"@id":"https:\/\/msc-werlte.de\/#organization"},"potentialAction":[{"@type":"SearchAction","target":{"@type":"EntryPoint","urlTemplate":"https:\/\/msc-werlte.de\/?s={search_term_string}"},"query-input":{"@type":"PropertyValueSpecification","valueRequired":true,"valueName":"search_term_string"}}],"inLanguage":"de"},{"@type":"Organization","@id":"https:\/\/msc-werlte.de\/#organization","name":"MSC H\u00fcmmling Werlte","url":"https:\/\/msc-werlte.de\/","logo":{"@type":"ImageObject","inLanguage":"de","@id":"https:\/\/msc-werlte.de\/#\/schema\/logo\/image\/","url":"https:\/\/msc-werlte.de\/wp-content\/uploads\/2022\/10\/MSC-Werlte_329px_Final.png","contentUrl":"https:\/\/msc-werlte.de\/wp-content\/uploads\/2022\/10\/MSC-Werlte_329px_Final.png","width":329,"height":329,"caption":"MSC H\u00fcmmling Werlte"},"image":{"@id":"https:\/\/msc-werlte.de\/#\/schema\/logo\/image\/"},"sameAs":["https:\/\/www.facebook.com\/MscHummlingWerlteEvImAdac"]},{"@type":"Person","@id":"https:\/\/msc-werlte.de\/#\/schema\/person\/2ca3dce1bd60dd976921168be8f7fd27","name":"Redaktion","image":{"@type":"ImageObject","inLanguage":"de","@id":"https:\/\/secure.gravatar.com\/avatar\/f453567527ece4e31e66e3a5fdbfef099714fb17581b77051f95588feb6f55ab?s=96&d=mm&r=g","url":"https:\/\/secure.gravatar.com\/avatar\/f453567527ece4e31e66e3a5fdbfef099714fb17581b77051f95588feb6f55ab?s=96&d=mm&r=g","contentUrl":"https:\/\/secure.gravatar.com\/avatar\/f453567527ece4e31e66e3a5fdbfef099714fb17581b77051f95588feb6f55ab?s=96&d=mm&r=g","caption":"Redaktion"},"url":"https:\/\/msc-werlte.de\/index.php\/author\/readaktion\/"}]}},"_links":{"self":[{"href":"https:\/\/msc-werlte.de\/index.php\/wp-json\/wp\/v2\/posts\/1344","targetHints":{"allow":["GET"]}}],"collection":[{"href":"https:\/\/msc-werlte.de\/index.php\/wp-json\/wp\/v2\/posts"}],"about":[{"href":"https:\/\/msc-werlte.de\/index.php\/wp-json\/wp\/v2\/types\/post"}],"author":[{"embeddable":true,"href":"https:\/\/msc-werlte.de\/index.php\/wp-json\/wp\/v2\/users\/2"}],"replies":[{"embeddable":true,"href":"https:\/\/msc-werlte.de\/index.php\/wp-json\/wp\/v2\/comments?post=1344"}],"version-history":[{"count":1,"href":"https:\/\/msc-werlte.de\/index.php\/wp-json\/wp\/v2\/posts\/1344\/revisions"}],"predecessor-version":[{"id":1348,"href":"https:\/\/msc-werlte.de\/index.php\/wp-json\/wp\/v2\/posts\/1344\/revisions\/1348"}],"wp:attachment":[{"href":"https:\/\/msc-werlte.de\/index.php\/wp-json\/wp\/v2\/media?parent=1344"}],"wp:term":[{"taxonomy":"category","embeddable":true,"href":"https:\/\/msc-werlte.de\/index.php\/wp-json\/wp\/v2\/categories?post=1344"},{"taxonomy":"post_tag","embeddable":true,"href":"https:\/\/msc-werlte.de\/index.php\/wp-json\/wp\/v2\/tags?post=1344"}],"curies":[{"name":"wp","href":"https:\/\/api.w.org\/{rel}","templated":true}]}}