{"id":1312,"date":"2025-07-28T11:14:10","date_gmt":"2025-07-28T09:14:10","guid":{"rendered":"https:\/\/msc-werlte.de\/?p=1312"},"modified":"2025-07-28T11:16:26","modified_gmt":"2025-07-28T09:16:26","slug":"m-semifinale-mit-grossartiger-kulisse-und-tollen-erfolgen-der-clubfahrer-abgeschlossen","status":"publish","type":"post","link":"https:\/\/msc-werlte.de\/index.php\/m-semifinale-mit-grossartiger-kulisse-und-tollen-erfolgen-der-clubfahrer-abgeschlossen\/","title":{"rendered":"EM-Semifinale mit gro\u00dfartiger Kulisse und tollen Erfolgen der Clubfahrer abgeschlossen"},"content":{"rendered":"<p>Am Samstag, den 26. Juli, war es endlich so weit: Das EM-Semifinale in der H\u00fcmmlingring Arena stand auf dem Plan \u2013 und was f\u00fcr eine Veranstaltung es war! Hinter uns liegt ein <strong>ereignisreicher Tag voller Spannung, Emotionen und sportlicher H\u00f6chstleistungen<\/strong>. Wir blicken \u00e4u\u00dferst zufrieden auf die Veranstaltung zur\u00fcck.<\/p>\n<p>Zun\u00e4chst m\u00f6chten wir an dieser Stelle unsere besten <strong>Genesungsw\u00fcnsche<\/strong> an die verunfallten Fahrer <strong>Nynke Sijbesma, Danny Repschl\u00e4ger und Milan Moravic<\/strong> richten. Alle drei konnten das Krankenhaus bereits wieder verlassen. Danny Repschl\u00e4ger steht allerdings noch eine weitere Operation bevor \u2013 hierf\u00fcr w\u00fcnschen wir ihm von Herzen alles Gute, eine erfolgreiche Behandlung und eine schnelle sowie vollst\u00e4ndige Reha. Kommt alle schnell \u00a0wieder auf die Beine \u2013 wir dr\u00fccken euch die Daumen und senden euch nur die besten W\u00fcnsche! Danny w\u00fcnschen wir zudem alles Gute f\u00fcr seine weitere pers\u00f6nliche Zukunft.<\/p>\n<p>Die H\u00fcmmlingring-Arena war bestens gef\u00fcllt, die <strong>Stimmung elektrisierend<\/strong>. Vom ersten Lauf an war klar: Die Fans standen voll hinter den Fahrern, feuerten sie unerm\u00fcdlich an und sorgten f\u00fcr eine atemberaubende Atmosph\u00e4re. Das Startband schnellte hoch, und auf der Bahn wurde gro\u00dfartiger Motorsport geboten \u2013 spannend, fair und mitrei\u00dfend.<\/p>\n<p>Angef\u00fchrt wurde das sportliche Geschehen vom \u00fcberragenden Dave Meijerink, der sich souver\u00e4n f\u00fcr das EM-Finale qualifizierte. Doch auch das Rahmenprogramm mit dem \u00fcberragenden Team Detz in der Seitenwagenklasse sowie der B-Lizenz Solo mit Marcel Sebastian, Danny Repschl\u00e4ger und Marlon Hegener sowie unsere Clubfahrer zeigten beeindruckende Leistungen:<\/p>\n<p><strong>Kenneth Kruse Hansen<\/strong> fuhr ein starkes Rennen und sicherte sich mit dem zweiten Platz sein Ticket f\u00fcr das Finale im niederl\u00e4ndischen Eenrum am 17. August.<\/p>\n<p><strong>Timo Wachs<\/strong> \u00fcberzeugte mit starken L\u00e4ufen , doch leider fehlte ihm am Ende ein Punkt zum Einzug ins Finale. <strong>Fabian Wachs<\/strong> r\u00fcckte nach dem Sturz von Milan Moravec als Reservefahrer ins Feld und nutzte seine Chance eindrucksvoll: Am Ende durfte auch er das EM-Ticket l\u00f6sen \u2013 eine fantastische Leistung! Wir <strong>gratulieren unseren Fahrern<\/strong> herzlich zu diesen tollen Erfolgen \u2013 ihr habt unseren Verein gro\u00dfartig vertreten!<\/p>\n<p>Ein riesiger <strong>Dank geht an alle Fans<\/strong>, die den Weg zu uns gefunden haben. Eure Unterst\u00fctzung war lautstark, herzlich und einfach \u00fcberw\u00e4ltigend \u2013 ihr habt die Arena beben lassen und diese Veranstaltung zu einem unvergesslichen Erlebnis gemacht.<\/p>\n<p>Ebenso m\u00f6chten wir unseren beiden <strong>Renn\u00e4rzten Dr. Jansen und Dr. Opolka danken<\/strong>, die wie immer hochprofessionell und mit gro\u00dfem Engagement im Einsatz waren. Ein herzliches Dankesch\u00f6n auch an das T<strong>eam vom DRK Werlte sowie an die Freiwillige Feuerwehr Werlte<\/strong> \u2013 auf euch ist immer Verlass, und wir sind froh, euch an unserer Seite zu wissen.<\/p>\n<p>Nicht zuletzt bedanken wir uns bei der Presse, beim NDR Niedersachsen und dem EMS-TV sowie bei unseren <strong>treuen Sponsoren<\/strong>, die durch ihre Unterst\u00fctzung dieses Event \u00fcberhaupt erst m\u00f6glich machen. Eure langj\u00e4hrige Verbundenheit mit unserem Verein ist keine Selbstverst\u00e4ndlichkeit \u2013 wir wissen das sehr zu sch\u00e4tzen! <strong>Danke!<\/strong><\/p>\n<p><strong>Und das Allerwichtigste: Unser gr\u00f6\u00dfter Dank geht an all die ehrenamtlichen Helferinnen und Helfer.<\/strong> Ohne euch w\u00e4re keine Veranstaltung dieser Gr\u00f6\u00dfenordnung m\u00f6glich. Ihr investiert eure Freizeit, packt mit an, denkt mit, organisiert und unterst\u00fctzt \u2013 oft im Hintergrund und dennoch absolut unverzichtbar. <strong>Ihr seid das Herzst\u00fcck dieses Vereins. Danke, dass es euch gibt.<\/strong><\/p>\n<p>Das EM-Semifinale 2025 war ein voller Erfolg. Wir freuen uns jetzt schon auf das Finale in Eenrum und auf alles, was die kommende Saison noch bereith\u00e4lt.<\/p>\n<p>Danke, Euer Team vom MSC Werlte<\/p>\n<p>&nbsp;<\/p>\n<p><span style=\"text-decoration: underline;\"><strong>Alle Ergebnisse sowie Bilder und den TV Bericht findet ihr hier:<\/strong><\/span><\/p>\n<p><a title=\"rennen 2025\" href=\"https:\/\/www.baansportfansite.nl\/nieuws\/2720\/werlte-ziet-meijerink-schitteren-perfecte-score-in-ek-semi-finale\" target=\"_blank\" rel=\"noopener\">https:\/\/www.baansportfansite.nl\/nieuws\/2720\/werlte-ziet-meijerink-schitteren-perfecte-score-in-ek-semi-finale<\/a><\/p>\n<p>&nbsp;<\/p>\n<p><a title=\"ndr rennen2025\" href=\"https:\/\/www.ardmediathek.de\/video\/hallo-niedersachsen\/rasantes-grasbahnrennen-in-werlte\/ndr\/Y3JpZDovL25kci5kZS8xMmMwNjI3Ny0zM2FjLTQ2MWMtOTRjOC04ZGRjNWY1NzBkN2E\" target=\"_blank\" rel=\"noopener\">https:\/\/www.ardmediathek.de\/video\/hallo-niedersachsen\/rasantes-grasbahnrennen-in-werlte\/ndr\/Y3JpZDovL25kci5kZS8xMmMwNjI3Ny0zM2FjLTQ2MWMtOTRjOC04ZGRjNWY1NzBkN2E<\/a><\/p>\n<p>&nbsp;<\/p>\n<p><a title=\"speedweek2025\" href=\"https:\/\/www.speedweek.com\/grasbahnem\/news\/239070\/Werlte-Grossartiger-Dave-Meijerink-siegt-mit-Maximum.html\" target=\"_blank\" rel=\"noopener\">https:\/\/www.speedweek.com\/grasbahnem\/news\/239070\/Werlte-Grossartiger-Dave-Meijerink-siegt-mit-Maximum.html<\/a><\/p>\n<p>&nbsp;<\/p>\n<p><a title=\"rennen2025-3\" href=\"https:\/\/www.bahndienst.com\/post\/lokalmatador-wird-zum-sensationsmann\" target=\"_blank\" rel=\"noopener\">https:\/\/www.bahndienst.com\/post\/lokalmatador-wird-zum-sensationsmann<\/a><\/p>\n<p>&nbsp;<\/p>\n<div class=\"shariff\" data-services=\"facebook\" data-url=\"https:\/\/msc-werlte.de\/index.php\/m-semifinale-mit-grossartiger-kulisse-und-tollen-erfolgen-der-clubfahrer-abgeschlossen\/\" data-timestamp=\"1753701386\" data-backendurl=\"https:\/\/msc-werlte.de\/wp-json\/shariff\/v1\/share_counts?\"><ul class=\"shariff-buttons theme-default orientation-horizontal buttonsize-medium\"><li class=\"shariff-button facebook shariff-nocustomcolor\" style=\"background-color:#4273c8\"><a href=\"https:\/\/www.facebook.com\/sharer\/sharer.php?u=https%3A%2F%2Fmsc-werlte.de%2Findex.php%2Fm-semifinale-mit-grossartiger-kulisse-und-tollen-erfolgen-der-clubfahrer-abgeschlossen%2F\" title=\"Bei Facebook teilen\" aria-label=\"Bei Facebook teilen\" role=\"button\" rel=\"nofollow\" class=\"shariff-link\" style=\"; background-color:#3b5998; color:#fff\" target=\"_blank\"><span class=\"shariff-icon\" style=\"\"><svg width=\"32px\" height=\"20px\" xmlns=\"http:\/\/www.w3.org\/2000\/svg\" viewBox=\"0 0 18 32\"><path fill=\"#3b5998\" d=\"M17.1 0.2v4.7h-2.8q-1.5 0-2.1 0.6t-0.5 1.9v3.4h5.2l-0.7 5.3h-4.5v13.6h-5.5v-13.6h-4.5v-5.3h4.5v-3.9q0-3.3 1.9-5.2t5-1.8q2.6 0 4.1 0.2z\"\/><\/svg><\/span><span class=\"shariff-text\">teilen<\/span>&nbsp;<span data-service=\"facebook\" style=\"color:#3b5998\" class=\"shariff-count shariff-hidezero\"><\/span>&nbsp;<\/a><\/li><\/ul><\/div>","protected":false},"excerpt":{"rendered":"<p>Am Samstag, den 26. Juli, war es endlich so weit: Das EM-Semifinale in der H\u00fcmmlingring Arena stand auf dem Plan \u2013 und was f\u00fcr eine Veranstaltung es war! Hinter uns liegt ein ereignisreicher Tag voller Spannung, Emotionen und sportlicher H\u00f6chstleistungen. Wir blicken \u00e4u\u00dferst zufrieden auf die Veranstaltung zur\u00fcck. Zun\u00e4chst m\u00f6chten wir an dieser Stelle unsere besten Genesungsw\u00fcnsche an die verunfallten [&hellip;]<\/p>\n","protected":false},"author":2,"featured_media":1313,"comment_status":"closed","ping_status":"open","sticky":false,"template":"","format":"standard","meta":{"footnotes":""},"categories":[1],"tags":[],"class_list":["post-1312","post","type-post","status-publish","format-standard","has-post-thumbnail","hentry","category-allgemein"],"yoast_head":"<!-- This site is optimized with the Yoast SEO plugin v27.5 - https:\/\/yoast.com\/product\/yoast-seo-wordpress\/ -->\n<title>EM-Semifinale mit gro\u00dfartiger Kulisse und tollen Erfolgen der Clubfahrer abgeschlossen - MSC H\u00fcmmling Werlte<\/title>\n<meta name=\"robots\" content=\"index, follow, max-snippet:-1, max-image-preview:large, max-video-preview:-1\" \/>\n<link rel=\"canonical\" href=\"https:\/\/msc-werlte.de\/index.php\/m-semifinale-mit-grossartiger-kulisse-und-tollen-erfolgen-der-clubfahrer-abgeschlossen\/\" \/>\n<meta property=\"og:locale\" content=\"de_DE\" \/>\n<meta property=\"og:type\" content=\"article\" \/>\n<meta property=\"og:title\" content=\"EM-Semifinale mit gro\u00dfartiger Kulisse und tollen Erfolgen der Clubfahrer abgeschlossen - MSC H\u00fcmmling Werlte\" \/>\n<meta property=\"og:description\" content=\"Am Samstag, den 26. Juli, war es endlich so weit: Das EM-Semifinale in der H\u00fcmmlingring Arena stand auf dem Plan \u2013 und was f\u00fcr eine Veranstaltung es war! Hinter uns liegt ein ereignisreicher Tag voller Spannung, Emotionen und sportlicher H\u00f6chstleistungen. Wir blicken \u00e4u\u00dferst zufrieden auf die Veranstaltung zur\u00fcck. Zun\u00e4chst m\u00f6chten wir an dieser Stelle unsere besten Genesungsw\u00fcnsche an die verunfallten [&hellip;]\" \/>\n<meta property=\"og:url\" content=\"https:\/\/msc-werlte.de\/index.php\/m-semifinale-mit-grossartiger-kulisse-und-tollen-erfolgen-der-clubfahrer-abgeschlossen\/\" \/>\n<meta property=\"og:site_name\" content=\"MSC H\u00fcmmling Werlte\" \/>\n<meta property=\"article:publisher\" content=\"https:\/\/www.facebook.com\/MscHummlingWerlteEvImAdac\" \/>\n<meta property=\"article:published_time\" content=\"2025-07-28T09:14:10+00:00\" \/>\n<meta property=\"article:modified_time\" content=\"2025-07-28T09:16:26+00:00\" \/>\n<meta property=\"og:image\" content=\"https:\/\/msc-werlte.de\/wp-content\/uploads\/2025\/07\/sieger-2025.jpg\" \/>\n\t<meta property=\"og:image:width\" content=\"1600\" \/>\n\t<meta property=\"og:image:height\" content=\"1067\" \/>\n\t<meta property=\"og:image:type\" content=\"image\/jpeg\" \/>\n<meta name=\"author\" content=\"Redaktion\" \/>\n<meta name=\"twitter:card\" content=\"summary_large_image\" \/>\n<meta name=\"twitter:label1\" content=\"Verfasst von\" \/>\n\t<meta name=\"twitter:data1\" content=\"Redaktion\" \/>\n\t<meta name=\"twitter:label2\" content=\"Gesch\u00e4tzte Lesezeit\" \/>\n\t<meta name=\"twitter:data2\" content=\"4\u00a0Minuten\" \/>\n<script type=\"application\/ld+json\" class=\"yoast-schema-graph\">{\"@context\":\"https:\\\/\\\/schema.org\",\"@graph\":[{\"@type\":\"Article\",\"@id\":\"https:\\\/\\\/msc-werlte.de\\\/index.php\\\/m-semifinale-mit-grossartiger-kulisse-und-tollen-erfolgen-der-clubfahrer-abgeschlossen\\\/#article\",\"isPartOf\":{\"@id\":\"https:\\\/\\\/msc-werlte.de\\\/index.php\\\/m-semifinale-mit-grossartiger-kulisse-und-tollen-erfolgen-der-clubfahrer-abgeschlossen\\\/\"},\"author\":{\"name\":\"Redaktion\",\"@id\":\"https:\\\/\\\/msc-werlte.de\\\/#\\\/schema\\\/person\\\/2ca3dce1bd60dd976921168be8f7fd27\"},\"headline\":\"EM-Semifinale mit gro\u00dfartiger Kulisse und tollen Erfolgen der Clubfahrer abgeschlossen\",\"datePublished\":\"2025-07-28T09:14:10+00:00\",\"dateModified\":\"2025-07-28T09:16:26+00:00\",\"mainEntityOfPage\":{\"@id\":\"https:\\\/\\\/msc-werlte.de\\\/index.php\\\/m-semifinale-mit-grossartiger-kulisse-und-tollen-erfolgen-der-clubfahrer-abgeschlossen\\\/\"},\"wordCount\":648,\"publisher\":{\"@id\":\"https:\\\/\\\/msc-werlte.de\\\/#organization\"},\"image\":{\"@id\":\"https:\\\/\\\/msc-werlte.de\\\/index.php\\\/m-semifinale-mit-grossartiger-kulisse-und-tollen-erfolgen-der-clubfahrer-abgeschlossen\\\/#primaryimage\"},\"thumbnailUrl\":\"https:\\\/\\\/msc-werlte.de\\\/wp-content\\\/uploads\\\/2025\\\/07\\\/sieger-2025.jpg\",\"inLanguage\":\"de\"},{\"@type\":\"WebPage\",\"@id\":\"https:\\\/\\\/msc-werlte.de\\\/index.php\\\/m-semifinale-mit-grossartiger-kulisse-und-tollen-erfolgen-der-clubfahrer-abgeschlossen\\\/\",\"url\":\"https:\\\/\\\/msc-werlte.de\\\/index.php\\\/m-semifinale-mit-grossartiger-kulisse-und-tollen-erfolgen-der-clubfahrer-abgeschlossen\\\/\",\"name\":\"EM-Semifinale mit gro\u00dfartiger Kulisse und tollen Erfolgen der Clubfahrer abgeschlossen - MSC H\u00fcmmling Werlte\",\"isPartOf\":{\"@id\":\"https:\\\/\\\/msc-werlte.de\\\/#website\"},\"primaryImageOfPage\":{\"@id\":\"https:\\\/\\\/msc-werlte.de\\\/index.php\\\/m-semifinale-mit-grossartiger-kulisse-und-tollen-erfolgen-der-clubfahrer-abgeschlossen\\\/#primaryimage\"},\"image\":{\"@id\":\"https:\\\/\\\/msc-werlte.de\\\/index.php\\\/m-semifinale-mit-grossartiger-kulisse-und-tollen-erfolgen-der-clubfahrer-abgeschlossen\\\/#primaryimage\"},\"thumbnailUrl\":\"https:\\\/\\\/msc-werlte.de\\\/wp-content\\\/uploads\\\/2025\\\/07\\\/sieger-2025.jpg\",\"datePublished\":\"2025-07-28T09:14:10+00:00\",\"dateModified\":\"2025-07-28T09:16:26+00:00\",\"breadcrumb\":{\"@id\":\"https:\\\/\\\/msc-werlte.de\\\/index.php\\\/m-semifinale-mit-grossartiger-kulisse-und-tollen-erfolgen-der-clubfahrer-abgeschlossen\\\/#breadcrumb\"},\"inLanguage\":\"de\",\"potentialAction\":[{\"@type\":\"ReadAction\",\"target\":[\"https:\\\/\\\/msc-werlte.de\\\/index.php\\\/m-semifinale-mit-grossartiger-kulisse-und-tollen-erfolgen-der-clubfahrer-abgeschlossen\\\/\"]}]},{\"@type\":\"ImageObject\",\"inLanguage\":\"de\",\"@id\":\"https:\\\/\\\/msc-werlte.de\\\/index.php\\\/m-semifinale-mit-grossartiger-kulisse-und-tollen-erfolgen-der-clubfahrer-abgeschlossen\\\/#primaryimage\",\"url\":\"https:\\\/\\\/msc-werlte.de\\\/wp-content\\\/uploads\\\/2025\\\/07\\\/sieger-2025.jpg\",\"contentUrl\":\"https:\\\/\\\/msc-werlte.de\\\/wp-content\\\/uploads\\\/2025\\\/07\\\/sieger-2025.jpg\",\"width\":1600,\"height\":1067},{\"@type\":\"BreadcrumbList\",\"@id\":\"https:\\\/\\\/msc-werlte.de\\\/index.php\\\/m-semifinale-mit-grossartiger-kulisse-und-tollen-erfolgen-der-clubfahrer-abgeschlossen\\\/#breadcrumb\",\"itemListElement\":[{\"@type\":\"ListItem\",\"position\":1,\"name\":\"Startseite\",\"item\":\"https:\\\/\\\/msc-werlte.de\\\/\"},{\"@type\":\"ListItem\",\"position\":2,\"name\":\"EM-Semifinale mit gro\u00dfartiger Kulisse und tollen Erfolgen der Clubfahrer abgeschlossen\"}]},{\"@type\":\"WebSite\",\"@id\":\"https:\\\/\\\/msc-werlte.de\\\/#website\",\"url\":\"https:\\\/\\\/msc-werlte.de\\\/\",\"name\":\"MSC H\u00fcmmling Werlte\",\"description\":\"\",\"publisher\":{\"@id\":\"https:\\\/\\\/msc-werlte.de\\\/#organization\"},\"potentialAction\":[{\"@type\":\"SearchAction\",\"target\":{\"@type\":\"EntryPoint\",\"urlTemplate\":\"https:\\\/\\\/msc-werlte.de\\\/?s={search_term_string}\"},\"query-input\":{\"@type\":\"PropertyValueSpecification\",\"valueRequired\":true,\"valueName\":\"search_term_string\"}}],\"inLanguage\":\"de\"},{\"@type\":\"Organization\",\"@id\":\"https:\\\/\\\/msc-werlte.de\\\/#organization\",\"name\":\"MSC H\u00fcmmling Werlte\",\"url\":\"https:\\\/\\\/msc-werlte.de\\\/\",\"logo\":{\"@type\":\"ImageObject\",\"inLanguage\":\"de\",\"@id\":\"https:\\\/\\\/msc-werlte.de\\\/#\\\/schema\\\/logo\\\/image\\\/\",\"url\":\"https:\\\/\\\/msc-werlte.de\\\/wp-content\\\/uploads\\\/2022\\\/10\\\/MSC-Werlte_329px_Final.png\",\"contentUrl\":\"https:\\\/\\\/msc-werlte.de\\\/wp-content\\\/uploads\\\/2022\\\/10\\\/MSC-Werlte_329px_Final.png\",\"width\":329,\"height\":329,\"caption\":\"MSC H\u00fcmmling Werlte\"},\"image\":{\"@id\":\"https:\\\/\\\/msc-werlte.de\\\/#\\\/schema\\\/logo\\\/image\\\/\"},\"sameAs\":[\"https:\\\/\\\/www.facebook.com\\\/MscHummlingWerlteEvImAdac\"]},{\"@type\":\"Person\",\"@id\":\"https:\\\/\\\/msc-werlte.de\\\/#\\\/schema\\\/person\\\/2ca3dce1bd60dd976921168be8f7fd27\",\"name\":\"Redaktion\",\"image\":{\"@type\":\"ImageObject\",\"inLanguage\":\"de\",\"@id\":\"https:\\\/\\\/secure.gravatar.com\\\/avatar\\\/f453567527ece4e31e66e3a5fdbfef099714fb17581b77051f95588feb6f55ab?s=96&d=mm&r=g\",\"url\":\"https:\\\/\\\/secure.gravatar.com\\\/avatar\\\/f453567527ece4e31e66e3a5fdbfef099714fb17581b77051f95588feb6f55ab?s=96&d=mm&r=g\",\"contentUrl\":\"https:\\\/\\\/secure.gravatar.com\\\/avatar\\\/f453567527ece4e31e66e3a5fdbfef099714fb17581b77051f95588feb6f55ab?s=96&d=mm&r=g\",\"caption\":\"Redaktion\"},\"url\":\"https:\\\/\\\/msc-werlte.de\\\/index.php\\\/author\\\/readaktion\\\/\"}]}<\/script>\n<!-- \/ Yoast SEO plugin. -->","yoast_head_json":{"title":"EM-Semifinale mit gro\u00dfartiger Kulisse und tollen Erfolgen der Clubfahrer abgeschlossen - MSC H\u00fcmmling Werlte","robots":{"index":"index","follow":"follow","max-snippet":"max-snippet:-1","max-image-preview":"max-image-preview:large","max-video-preview":"max-video-preview:-1"},"canonical":"https:\/\/msc-werlte.de\/index.php\/m-semifinale-mit-grossartiger-kulisse-und-tollen-erfolgen-der-clubfahrer-abgeschlossen\/","og_locale":"de_DE","og_type":"article","og_title":"EM-Semifinale mit gro\u00dfartiger Kulisse und tollen Erfolgen der Clubfahrer abgeschlossen - MSC H\u00fcmmling Werlte","og_description":"Am Samstag, den 26. Juli, war es endlich so weit: Das EM-Semifinale in der H\u00fcmmlingring Arena stand auf dem Plan \u2013 und was f\u00fcr eine Veranstaltung es war! Hinter uns liegt ein ereignisreicher Tag voller Spannung, Emotionen und sportlicher H\u00f6chstleistungen. Wir blicken \u00e4u\u00dferst zufrieden auf die Veranstaltung zur\u00fcck. Zun\u00e4chst m\u00f6chten wir an dieser Stelle unsere besten Genesungsw\u00fcnsche an die verunfallten [&hellip;]","og_url":"https:\/\/msc-werlte.de\/index.php\/m-semifinale-mit-grossartiger-kulisse-und-tollen-erfolgen-der-clubfahrer-abgeschlossen\/","og_site_name":"MSC H\u00fcmmling Werlte","article_publisher":"https:\/\/www.facebook.com\/MscHummlingWerlteEvImAdac","article_published_time":"2025-07-28T09:14:10+00:00","article_modified_time":"2025-07-28T09:16:26+00:00","og_image":[{"width":1600,"height":1067,"url":"https:\/\/msc-werlte.de\/wp-content\/uploads\/2025\/07\/sieger-2025.jpg","type":"image\/jpeg"}],"author":"Redaktion","twitter_card":"summary_large_image","twitter_misc":{"Verfasst von":"Redaktion","Gesch\u00e4tzte Lesezeit":"4\u00a0Minuten"},"schema":{"@context":"https:\/\/schema.org","@graph":[{"@type":"Article","@id":"https:\/\/msc-werlte.de\/index.php\/m-semifinale-mit-grossartiger-kulisse-und-tollen-erfolgen-der-clubfahrer-abgeschlossen\/#article","isPartOf":{"@id":"https:\/\/msc-werlte.de\/index.php\/m-semifinale-mit-grossartiger-kulisse-und-tollen-erfolgen-der-clubfahrer-abgeschlossen\/"},"author":{"name":"Redaktion","@id":"https:\/\/msc-werlte.de\/#\/schema\/person\/2ca3dce1bd60dd976921168be8f7fd27"},"headline":"EM-Semifinale mit gro\u00dfartiger Kulisse und tollen Erfolgen der Clubfahrer abgeschlossen","datePublished":"2025-07-28T09:14:10+00:00","dateModified":"2025-07-28T09:16:26+00:00","mainEntityOfPage":{"@id":"https:\/\/msc-werlte.de\/index.php\/m-semifinale-mit-grossartiger-kulisse-und-tollen-erfolgen-der-clubfahrer-abgeschlossen\/"},"wordCount":648,"publisher":{"@id":"https:\/\/msc-werlte.de\/#organization"},"image":{"@id":"https:\/\/msc-werlte.de\/index.php\/m-semifinale-mit-grossartiger-kulisse-und-tollen-erfolgen-der-clubfahrer-abgeschlossen\/#primaryimage"},"thumbnailUrl":"https:\/\/msc-werlte.de\/wp-content\/uploads\/2025\/07\/sieger-2025.jpg","inLanguage":"de"},{"@type":"WebPage","@id":"https:\/\/msc-werlte.de\/index.php\/m-semifinale-mit-grossartiger-kulisse-und-tollen-erfolgen-der-clubfahrer-abgeschlossen\/","url":"https:\/\/msc-werlte.de\/index.php\/m-semifinale-mit-grossartiger-kulisse-und-tollen-erfolgen-der-clubfahrer-abgeschlossen\/","name":"EM-Semifinale mit gro\u00dfartiger Kulisse und tollen Erfolgen der Clubfahrer abgeschlossen - MSC H\u00fcmmling Werlte","isPartOf":{"@id":"https:\/\/msc-werlte.de\/#website"},"primaryImageOfPage":{"@id":"https:\/\/msc-werlte.de\/index.php\/m-semifinale-mit-grossartiger-kulisse-und-tollen-erfolgen-der-clubfahrer-abgeschlossen\/#primaryimage"},"image":{"@id":"https:\/\/msc-werlte.de\/index.php\/m-semifinale-mit-grossartiger-kulisse-und-tollen-erfolgen-der-clubfahrer-abgeschlossen\/#primaryimage"},"thumbnailUrl":"https:\/\/msc-werlte.de\/wp-content\/uploads\/2025\/07\/sieger-2025.jpg","datePublished":"2025-07-28T09:14:10+00:00","dateModified":"2025-07-28T09:16:26+00:00","breadcrumb":{"@id":"https:\/\/msc-werlte.de\/index.php\/m-semifinale-mit-grossartiger-kulisse-und-tollen-erfolgen-der-clubfahrer-abgeschlossen\/#breadcrumb"},"inLanguage":"de","potentialAction":[{"@type":"ReadAction","target":["https:\/\/msc-werlte.de\/index.php\/m-semifinale-mit-grossartiger-kulisse-und-tollen-erfolgen-der-clubfahrer-abgeschlossen\/"]}]},{"@type":"ImageObject","inLanguage":"de","@id":"https:\/\/msc-werlte.de\/index.php\/m-semifinale-mit-grossartiger-kulisse-und-tollen-erfolgen-der-clubfahrer-abgeschlossen\/#primaryimage","url":"https:\/\/msc-werlte.de\/wp-content\/uploads\/2025\/07\/sieger-2025.jpg","contentUrl":"https:\/\/msc-werlte.de\/wp-content\/uploads\/2025\/07\/sieger-2025.jpg","width":1600,"height":1067},{"@type":"BreadcrumbList","@id":"https:\/\/msc-werlte.de\/index.php\/m-semifinale-mit-grossartiger-kulisse-und-tollen-erfolgen-der-clubfahrer-abgeschlossen\/#breadcrumb","itemListElement":[{"@type":"ListItem","position":1,"name":"Startseite","item":"https:\/\/msc-werlte.de\/"},{"@type":"ListItem","position":2,"name":"EM-Semifinale mit gro\u00dfartiger Kulisse und tollen Erfolgen der Clubfahrer abgeschlossen"}]},{"@type":"WebSite","@id":"https:\/\/msc-werlte.de\/#website","url":"https:\/\/msc-werlte.de\/","name":"MSC H\u00fcmmling Werlte","description":"","publisher":{"@id":"https:\/\/msc-werlte.de\/#organization"},"potentialAction":[{"@type":"SearchAction","target":{"@type":"EntryPoint","urlTemplate":"https:\/\/msc-werlte.de\/?s={search_term_string}"},"query-input":{"@type":"PropertyValueSpecification","valueRequired":true,"valueName":"search_term_string"}}],"inLanguage":"de"},{"@type":"Organization","@id":"https:\/\/msc-werlte.de\/#organization","name":"MSC H\u00fcmmling Werlte","url":"https:\/\/msc-werlte.de\/","logo":{"@type":"ImageObject","inLanguage":"de","@id":"https:\/\/msc-werlte.de\/#\/schema\/logo\/image\/","url":"https:\/\/msc-werlte.de\/wp-content\/uploads\/2022\/10\/MSC-Werlte_329px_Final.png","contentUrl":"https:\/\/msc-werlte.de\/wp-content\/uploads\/2022\/10\/MSC-Werlte_329px_Final.png","width":329,"height":329,"caption":"MSC H\u00fcmmling Werlte"},"image":{"@id":"https:\/\/msc-werlte.de\/#\/schema\/logo\/image\/"},"sameAs":["https:\/\/www.facebook.com\/MscHummlingWerlteEvImAdac"]},{"@type":"Person","@id":"https:\/\/msc-werlte.de\/#\/schema\/person\/2ca3dce1bd60dd976921168be8f7fd27","name":"Redaktion","image":{"@type":"ImageObject","inLanguage":"de","@id":"https:\/\/secure.gravatar.com\/avatar\/f453567527ece4e31e66e3a5fdbfef099714fb17581b77051f95588feb6f55ab?s=96&d=mm&r=g","url":"https:\/\/secure.gravatar.com\/avatar\/f453567527ece4e31e66e3a5fdbfef099714fb17581b77051f95588feb6f55ab?s=96&d=mm&r=g","contentUrl":"https:\/\/secure.gravatar.com\/avatar\/f453567527ece4e31e66e3a5fdbfef099714fb17581b77051f95588feb6f55ab?s=96&d=mm&r=g","caption":"Redaktion"},"url":"https:\/\/msc-werlte.de\/index.php\/author\/readaktion\/"}]}},"_links":{"self":[{"href":"https:\/\/msc-werlte.de\/index.php\/wp-json\/wp\/v2\/posts\/1312","targetHints":{"allow":["GET"]}}],"collection":[{"href":"https:\/\/msc-werlte.de\/index.php\/wp-json\/wp\/v2\/posts"}],"about":[{"href":"https:\/\/msc-werlte.de\/index.php\/wp-json\/wp\/v2\/types\/post"}],"author":[{"embeddable":true,"href":"https:\/\/msc-werlte.de\/index.php\/wp-json\/wp\/v2\/users\/2"}],"replies":[{"embeddable":true,"href":"https:\/\/msc-werlte.de\/index.php\/wp-json\/wp\/v2\/comments?post=1312"}],"version-history":[{"count":4,"href":"https:\/\/msc-werlte.de\/index.php\/wp-json\/wp\/v2\/posts\/1312\/revisions"}],"predecessor-version":[{"id":1317,"href":"https:\/\/msc-werlte.de\/index.php\/wp-json\/wp\/v2\/posts\/1312\/revisions\/1317"}],"wp:featuredmedia":[{"embeddable":true,"href":"https:\/\/msc-werlte.de\/index.php\/wp-json\/wp\/v2\/media\/1313"}],"wp:attachment":[{"href":"https:\/\/msc-werlte.de\/index.php\/wp-json\/wp\/v2\/media?parent=1312"}],"wp:term":[{"taxonomy":"category","embeddable":true,"href":"https:\/\/msc-werlte.de\/index.php\/wp-json\/wp\/v2\/categories?post=1312"},{"taxonomy":"post_tag","embeddable":true,"href":"https:\/\/msc-werlte.de\/index.php\/wp-json\/wp\/v2\/tags?post=1312"}],"curies":[{"name":"wp","href":"https:\/\/api.w.org\/{rel}","templated":true}]}}