{"id":1308,"date":"2025-07-14T18:30:11","date_gmt":"2025-07-14T16:30:11","guid":{"rendered":"https:\/\/msc-werlte.de\/?p=1308"},"modified":"2025-07-14T18:30:11","modified_gmt":"2025-07-14T16:30:11","slug":"hochspannung-beim-em-semi-am-26-07-2025","status":"publish","type":"post","link":"https:\/\/msc-werlte.de\/index.php\/hochspannung-beim-em-semi-am-26-07-2025\/","title":{"rendered":"Hochspannung beim EM Semi am 26.07.2025"},"content":{"rendered":"<p><strong>Flutlichtrennen-Grasbahnrennen 2025: Europameisterschafts-Semi zu Gast in Werlte!<\/strong><\/p>\n<p>Am 26. Juli 2025 hei\u00dft es wieder: Flutlicht an, Motoren aufheulen lassen \u2013 das traditionelle Grasbahnrennen in der H\u00fcmmlingring-Arena steht bevor! Und in diesem Jahr wartet ein ganz besonderes Highlight auf alle Bahnsportfans: Der MSC Werlte hat die gro\u00dfe Ehre, das Semifinale 2 der Grasbahn-Europameisterschaft auszurichten.<\/p>\n<p>15 Spitzenfahrer + 2 Reservefahrer aus ganz Europa k\u00e4mpfen in Werlte um den Einzug ins EM-Finale im niederl\u00e4ndischen Eenrum. Nur die besten neun sichern sich das Ticket zum gro\u00dfen Showdown. Das vollst\u00e4ndige Fahrerfeld wird noch bekannt gegeben \u2013 doch eins steht schon fest: Unsere deutschen Vertreter sind mit dabei! Timo Wachs, Stephan Katt und Mario Niedermeier gehen f\u00fcr Deutschland und unseren Verein an den Start. Als Reservefahrer wird au\u00dferdem Fabian Wachs in der Arena bereitstehen.<\/p>\n<p>Nat\u00fcrlich darf auch unser beliebtes Rahmenprogramm nicht fehlen. Die internationalen Seitenwagen-Teams sorgen f\u00fcr atemberaubende Action, und auch in der B-Lizenz-Klasse geben die Fahrer ihr Bestes, um den Zuschauern hei\u00dfe Rennen zu bieten.<\/p>\n<p>Ein zus\u00e4tzliches Highlight gibt es in der Seitenwagenklasse: Die Deka-Pokale werden in diesem Jahr exklusiv im Finallauf vergeben! Der Finalsieger ist im Finale der DEKA Pokalgewinner, aber nicht unbedingt der Tagessieger, denn das wird das Gespann mit den meisten Punkten sein.<\/p>\n<p><strong>Der Zeitplan f\u00fcr alle Fans:<\/strong><\/p>\n<ul>\n<li><strong>Training Rahmenprogramm ab 13:00 Uhr<\/strong><\/li>\n<li><strong>Training EM Semi ab 14:30 Uhr<\/strong><\/li>\n<li><strong>Autogrammstunde von 16.40-17.00 Uhr<\/strong><\/li>\n<li><strong>Fahrervorstellung um 18:00 Uhr<\/strong><\/li>\n<li><strong>Erstes Rennen unter Flutlicht ab 18:30 Uhr<\/strong><\/li>\n<\/ul>\n<p>Freut euch auf spannende Rennen, hochklassigen Motorsport, internationale Top-Fahrer und die ganz besondere Atmosph\u00e4re unserer H\u00fcmmlingring-Arena mit pyrotechnischen Effekten unter Flutlicht. Wer das verpasst, verpasst einen der absoluten H\u00f6hepunkte der Grasbahnsaison 2025!<\/p>\n<p>Alle Infos rund um das Rennen findet ihr hier auf unserer Website \u2013 bleibt dran und schaut regelm\u00e4\u00dfig vorbei!<\/p>\n<p>&nbsp;<\/p>\n<p>Zeitplan zum Download:<\/p>\n<p><a href=\"https:\/\/msc-werlte.de\/wp-content\/uploads\/2025\/06\/Zeitplan-2025-variante-2.pdf\" target=\"_blank\" rel=\"noopener\">https:\/\/msc-werlte.de\/wp-content\/uploads\/2025\/06\/Zeitplan-2025-variante-2.pdf<\/a><\/p>\n<div class=\"shariff\" data-services=\"facebook\" data-url=\"https:\/\/msc-werlte.de\/index.php\/hochspannung-beim-em-semi-am-26-07-2025\/\" data-timestamp=\"1752517811\" data-backendurl=\"https:\/\/msc-werlte.de\/wp-json\/shariff\/v1\/share_counts?\"><ul class=\"shariff-buttons theme-default orientation-horizontal buttonsize-medium\"><li class=\"shariff-button facebook shariff-nocustomcolor\" style=\"background-color:#4273c8\"><a href=\"https:\/\/www.facebook.com\/sharer\/sharer.php?u=https%3A%2F%2Fmsc-werlte.de%2Findex.php%2Fhochspannung-beim-em-semi-am-26-07-2025%2F\" title=\"Bei Facebook teilen\" aria-label=\"Bei Facebook teilen\" role=\"button\" rel=\"nofollow\" class=\"shariff-link\" style=\"; background-color:#3b5998; color:#fff\" target=\"_blank\"><span class=\"shariff-icon\" style=\"\"><svg width=\"32px\" height=\"20px\" xmlns=\"http:\/\/www.w3.org\/2000\/svg\" viewBox=\"0 0 18 32\"><path fill=\"#3b5998\" d=\"M17.1 0.2v4.7h-2.8q-1.5 0-2.1 0.6t-0.5 1.9v3.4h5.2l-0.7 5.3h-4.5v13.6h-5.5v-13.6h-4.5v-5.3h4.5v-3.9q0-3.3 1.9-5.2t5-1.8q2.6 0 4.1 0.2z\"\/><\/svg><\/span><span class=\"shariff-text\">teilen<\/span>&nbsp;<span data-service=\"facebook\" style=\"color:#3b5998\" class=\"shariff-count shariff-hidezero\"><\/span>&nbsp;<\/a><\/li><\/ul><\/div>","protected":false},"excerpt":{"rendered":"<p>Flutlichtrennen-Grasbahnrennen 2025: Europameisterschafts-Semi zu Gast in Werlte! Am 26. Juli 2025 hei\u00dft es wieder: Flutlicht an, Motoren aufheulen lassen \u2013 das traditionelle Grasbahnrennen in der H\u00fcmmlingring-Arena steht bevor! Und in diesem Jahr wartet ein ganz besonderes Highlight auf alle Bahnsportfans: Der MSC Werlte hat die gro\u00dfe Ehre, das Semifinale 2 der Grasbahn-Europameisterschaft auszurichten. 15 Spitzenfahrer + 2 Reservefahrer aus ganz [&hellip;]<\/p>\n","protected":false},"author":2,"featured_media":1181,"comment_status":"closed","ping_status":"open","sticky":false,"template":"","format":"standard","meta":{"footnotes":""},"categories":[1],"tags":[],"class_list":["post-1308","post","type-post","status-publish","format-standard","has-post-thumbnail","hentry","category-allgemein"],"yoast_head":"<!-- This site is optimized with the Yoast SEO plugin v27.5 - https:\/\/yoast.com\/product\/yoast-seo-wordpress\/ -->\n<title>Hochspannung beim EM Semi am 26.07.2025 - MSC H\u00fcmmling Werlte<\/title>\n<meta name=\"robots\" content=\"index, follow, max-snippet:-1, max-image-preview:large, max-video-preview:-1\" \/>\n<link rel=\"canonical\" href=\"https:\/\/msc-werlte.de\/index.php\/hochspannung-beim-em-semi-am-26-07-2025\/\" \/>\n<meta property=\"og:locale\" content=\"de_DE\" \/>\n<meta property=\"og:type\" content=\"article\" \/>\n<meta property=\"og:title\" content=\"Hochspannung beim EM Semi am 26.07.2025 - MSC H\u00fcmmling Werlte\" \/>\n<meta property=\"og:description\" content=\"Flutlichtrennen-Grasbahnrennen 2025: Europameisterschafts-Semi zu Gast in Werlte! Am 26. Juli 2025 hei\u00dft es wieder: Flutlicht an, Motoren aufheulen lassen \u2013 das traditionelle Grasbahnrennen in der H\u00fcmmlingring-Arena steht bevor! Und in diesem Jahr wartet ein ganz besonderes Highlight auf alle Bahnsportfans: Der MSC Werlte hat die gro\u00dfe Ehre, das Semifinale 2 der Grasbahn-Europameisterschaft auszurichten. 15 Spitzenfahrer + 2 Reservefahrer aus ganz [&hellip;]\" \/>\n<meta property=\"og:url\" content=\"https:\/\/msc-werlte.de\/index.php\/hochspannung-beim-em-semi-am-26-07-2025\/\" \/>\n<meta property=\"og:site_name\" content=\"MSC H\u00fcmmling Werlte\" \/>\n<meta property=\"article:publisher\" content=\"https:\/\/www.facebook.com\/MscHummlingWerlteEvImAdac\" \/>\n<meta property=\"article:published_time\" content=\"2025-07-14T16:30:11+00:00\" \/>\n<meta property=\"og:image\" content=\"https:\/\/msc-werlte.de\/wp-content\/uploads\/2025\/03\/139427-MSC-Werlte_Plakat-2025-scaled.jpg\" \/>\n\t<meta property=\"og:image:width\" content=\"1810\" \/>\n\t<meta property=\"og:image:height\" content=\"2560\" \/>\n\t<meta property=\"og:image:type\" content=\"image\/jpeg\" \/>\n<meta name=\"author\" content=\"Redaktion\" \/>\n<meta name=\"twitter:card\" content=\"summary_large_image\" \/>\n<meta name=\"twitter:label1\" content=\"Verfasst von\" \/>\n\t<meta name=\"twitter:data1\" content=\"Redaktion\" \/>\n\t<meta name=\"twitter:label2\" content=\"Gesch\u00e4tzte Lesezeit\" \/>\n\t<meta name=\"twitter:data2\" content=\"2\u00a0Minuten\" \/>\n<script type=\"application\/ld+json\" class=\"yoast-schema-graph\">{\"@context\":\"https:\\\/\\\/schema.org\",\"@graph\":[{\"@type\":\"Article\",\"@id\":\"https:\\\/\\\/msc-werlte.de\\\/index.php\\\/hochspannung-beim-em-semi-am-26-07-2025\\\/#article\",\"isPartOf\":{\"@id\":\"https:\\\/\\\/msc-werlte.de\\\/index.php\\\/hochspannung-beim-em-semi-am-26-07-2025\\\/\"},\"author\":{\"name\":\"Redaktion\",\"@id\":\"https:\\\/\\\/msc-werlte.de\\\/#\\\/schema\\\/person\\\/2ca3dce1bd60dd976921168be8f7fd27\"},\"headline\":\"Hochspannung beim EM Semi am 26.07.2025\",\"datePublished\":\"2025-07-14T16:30:11+00:00\",\"mainEntityOfPage\":{\"@id\":\"https:\\\/\\\/msc-werlte.de\\\/index.php\\\/hochspannung-beim-em-semi-am-26-07-2025\\\/\"},\"wordCount\":303,\"publisher\":{\"@id\":\"https:\\\/\\\/msc-werlte.de\\\/#organization\"},\"image\":{\"@id\":\"https:\\\/\\\/msc-werlte.de\\\/index.php\\\/hochspannung-beim-em-semi-am-26-07-2025\\\/#primaryimage\"},\"thumbnailUrl\":\"https:\\\/\\\/msc-werlte.de\\\/wp-content\\\/uploads\\\/2025\\\/03\\\/139427-MSC-Werlte_Plakat-2025-scaled.jpg\",\"inLanguage\":\"de\"},{\"@type\":\"WebPage\",\"@id\":\"https:\\\/\\\/msc-werlte.de\\\/index.php\\\/hochspannung-beim-em-semi-am-26-07-2025\\\/\",\"url\":\"https:\\\/\\\/msc-werlte.de\\\/index.php\\\/hochspannung-beim-em-semi-am-26-07-2025\\\/\",\"name\":\"Hochspannung beim EM Semi am 26.07.2025 - MSC H\u00fcmmling Werlte\",\"isPartOf\":{\"@id\":\"https:\\\/\\\/msc-werlte.de\\\/#website\"},\"primaryImageOfPage\":{\"@id\":\"https:\\\/\\\/msc-werlte.de\\\/index.php\\\/hochspannung-beim-em-semi-am-26-07-2025\\\/#primaryimage\"},\"image\":{\"@id\":\"https:\\\/\\\/msc-werlte.de\\\/index.php\\\/hochspannung-beim-em-semi-am-26-07-2025\\\/#primaryimage\"},\"thumbnailUrl\":\"https:\\\/\\\/msc-werlte.de\\\/wp-content\\\/uploads\\\/2025\\\/03\\\/139427-MSC-Werlte_Plakat-2025-scaled.jpg\",\"datePublished\":\"2025-07-14T16:30:11+00:00\",\"breadcrumb\":{\"@id\":\"https:\\\/\\\/msc-werlte.de\\\/index.php\\\/hochspannung-beim-em-semi-am-26-07-2025\\\/#breadcrumb\"},\"inLanguage\":\"de\",\"potentialAction\":[{\"@type\":\"ReadAction\",\"target\":[\"https:\\\/\\\/msc-werlte.de\\\/index.php\\\/hochspannung-beim-em-semi-am-26-07-2025\\\/\"]}]},{\"@type\":\"ImageObject\",\"inLanguage\":\"de\",\"@id\":\"https:\\\/\\\/msc-werlte.de\\\/index.php\\\/hochspannung-beim-em-semi-am-26-07-2025\\\/#primaryimage\",\"url\":\"https:\\\/\\\/msc-werlte.de\\\/wp-content\\\/uploads\\\/2025\\\/03\\\/139427-MSC-Werlte_Plakat-2025-scaled.jpg\",\"contentUrl\":\"https:\\\/\\\/msc-werlte.de\\\/wp-content\\\/uploads\\\/2025\\\/03\\\/139427-MSC-Werlte_Plakat-2025-scaled.jpg\",\"width\":1810,\"height\":2560},{\"@type\":\"BreadcrumbList\",\"@id\":\"https:\\\/\\\/msc-werlte.de\\\/index.php\\\/hochspannung-beim-em-semi-am-26-07-2025\\\/#breadcrumb\",\"itemListElement\":[{\"@type\":\"ListItem\",\"position\":1,\"name\":\"Startseite\",\"item\":\"https:\\\/\\\/msc-werlte.de\\\/\"},{\"@type\":\"ListItem\",\"position\":2,\"name\":\"Hochspannung beim EM Semi am 26.07.2025\"}]},{\"@type\":\"WebSite\",\"@id\":\"https:\\\/\\\/msc-werlte.de\\\/#website\",\"url\":\"https:\\\/\\\/msc-werlte.de\\\/\",\"name\":\"MSC H\u00fcmmling Werlte\",\"description\":\"\",\"publisher\":{\"@id\":\"https:\\\/\\\/msc-werlte.de\\\/#organization\"},\"potentialAction\":[{\"@type\":\"SearchAction\",\"target\":{\"@type\":\"EntryPoint\",\"urlTemplate\":\"https:\\\/\\\/msc-werlte.de\\\/?s={search_term_string}\"},\"query-input\":{\"@type\":\"PropertyValueSpecification\",\"valueRequired\":true,\"valueName\":\"search_term_string\"}}],\"inLanguage\":\"de\"},{\"@type\":\"Organization\",\"@id\":\"https:\\\/\\\/msc-werlte.de\\\/#organization\",\"name\":\"MSC H\u00fcmmling Werlte\",\"url\":\"https:\\\/\\\/msc-werlte.de\\\/\",\"logo\":{\"@type\":\"ImageObject\",\"inLanguage\":\"de\",\"@id\":\"https:\\\/\\\/msc-werlte.de\\\/#\\\/schema\\\/logo\\\/image\\\/\",\"url\":\"https:\\\/\\\/msc-werlte.de\\\/wp-content\\\/uploads\\\/2022\\\/10\\\/MSC-Werlte_329px_Final.png\",\"contentUrl\":\"https:\\\/\\\/msc-werlte.de\\\/wp-content\\\/uploads\\\/2022\\\/10\\\/MSC-Werlte_329px_Final.png\",\"width\":329,\"height\":329,\"caption\":\"MSC H\u00fcmmling Werlte\"},\"image\":{\"@id\":\"https:\\\/\\\/msc-werlte.de\\\/#\\\/schema\\\/logo\\\/image\\\/\"},\"sameAs\":[\"https:\\\/\\\/www.facebook.com\\\/MscHummlingWerlteEvImAdac\"]},{\"@type\":\"Person\",\"@id\":\"https:\\\/\\\/msc-werlte.de\\\/#\\\/schema\\\/person\\\/2ca3dce1bd60dd976921168be8f7fd27\",\"name\":\"Redaktion\",\"image\":{\"@type\":\"ImageObject\",\"inLanguage\":\"de\",\"@id\":\"https:\\\/\\\/secure.gravatar.com\\\/avatar\\\/f453567527ece4e31e66e3a5fdbfef099714fb17581b77051f95588feb6f55ab?s=96&d=mm&r=g\",\"url\":\"https:\\\/\\\/secure.gravatar.com\\\/avatar\\\/f453567527ece4e31e66e3a5fdbfef099714fb17581b77051f95588feb6f55ab?s=96&d=mm&r=g\",\"contentUrl\":\"https:\\\/\\\/secure.gravatar.com\\\/avatar\\\/f453567527ece4e31e66e3a5fdbfef099714fb17581b77051f95588feb6f55ab?s=96&d=mm&r=g\",\"caption\":\"Redaktion\"},\"url\":\"https:\\\/\\\/msc-werlte.de\\\/index.php\\\/author\\\/readaktion\\\/\"}]}<\/script>\n<!-- \/ Yoast SEO plugin. -->","yoast_head_json":{"title":"Hochspannung beim EM Semi am 26.07.2025 - MSC H\u00fcmmling Werlte","robots":{"index":"index","follow":"follow","max-snippet":"max-snippet:-1","max-image-preview":"max-image-preview:large","max-video-preview":"max-video-preview:-1"},"canonical":"https:\/\/msc-werlte.de\/index.php\/hochspannung-beim-em-semi-am-26-07-2025\/","og_locale":"de_DE","og_type":"article","og_title":"Hochspannung beim EM Semi am 26.07.2025 - MSC H\u00fcmmling Werlte","og_description":"Flutlichtrennen-Grasbahnrennen 2025: Europameisterschafts-Semi zu Gast in Werlte! Am 26. Juli 2025 hei\u00dft es wieder: Flutlicht an, Motoren aufheulen lassen \u2013 das traditionelle Grasbahnrennen in der H\u00fcmmlingring-Arena steht bevor! Und in diesem Jahr wartet ein ganz besonderes Highlight auf alle Bahnsportfans: Der MSC Werlte hat die gro\u00dfe Ehre, das Semifinale 2 der Grasbahn-Europameisterschaft auszurichten. 15 Spitzenfahrer + 2 Reservefahrer aus ganz [&hellip;]","og_url":"https:\/\/msc-werlte.de\/index.php\/hochspannung-beim-em-semi-am-26-07-2025\/","og_site_name":"MSC H\u00fcmmling Werlte","article_publisher":"https:\/\/www.facebook.com\/MscHummlingWerlteEvImAdac","article_published_time":"2025-07-14T16:30:11+00:00","og_image":[{"width":1810,"height":2560,"url":"https:\/\/msc-werlte.de\/wp-content\/uploads\/2025\/03\/139427-MSC-Werlte_Plakat-2025-scaled.jpg","type":"image\/jpeg"}],"author":"Redaktion","twitter_card":"summary_large_image","twitter_misc":{"Verfasst von":"Redaktion","Gesch\u00e4tzte Lesezeit":"2\u00a0Minuten"},"schema":{"@context":"https:\/\/schema.org","@graph":[{"@type":"Article","@id":"https:\/\/msc-werlte.de\/index.php\/hochspannung-beim-em-semi-am-26-07-2025\/#article","isPartOf":{"@id":"https:\/\/msc-werlte.de\/index.php\/hochspannung-beim-em-semi-am-26-07-2025\/"},"author":{"name":"Redaktion","@id":"https:\/\/msc-werlte.de\/#\/schema\/person\/2ca3dce1bd60dd976921168be8f7fd27"},"headline":"Hochspannung beim EM Semi am 26.07.2025","datePublished":"2025-07-14T16:30:11+00:00","mainEntityOfPage":{"@id":"https:\/\/msc-werlte.de\/index.php\/hochspannung-beim-em-semi-am-26-07-2025\/"},"wordCount":303,"publisher":{"@id":"https:\/\/msc-werlte.de\/#organization"},"image":{"@id":"https:\/\/msc-werlte.de\/index.php\/hochspannung-beim-em-semi-am-26-07-2025\/#primaryimage"},"thumbnailUrl":"https:\/\/msc-werlte.de\/wp-content\/uploads\/2025\/03\/139427-MSC-Werlte_Plakat-2025-scaled.jpg","inLanguage":"de"},{"@type":"WebPage","@id":"https:\/\/msc-werlte.de\/index.php\/hochspannung-beim-em-semi-am-26-07-2025\/","url":"https:\/\/msc-werlte.de\/index.php\/hochspannung-beim-em-semi-am-26-07-2025\/","name":"Hochspannung beim EM Semi am 26.07.2025 - MSC H\u00fcmmling Werlte","isPartOf":{"@id":"https:\/\/msc-werlte.de\/#website"},"primaryImageOfPage":{"@id":"https:\/\/msc-werlte.de\/index.php\/hochspannung-beim-em-semi-am-26-07-2025\/#primaryimage"},"image":{"@id":"https:\/\/msc-werlte.de\/index.php\/hochspannung-beim-em-semi-am-26-07-2025\/#primaryimage"},"thumbnailUrl":"https:\/\/msc-werlte.de\/wp-content\/uploads\/2025\/03\/139427-MSC-Werlte_Plakat-2025-scaled.jpg","datePublished":"2025-07-14T16:30:11+00:00","breadcrumb":{"@id":"https:\/\/msc-werlte.de\/index.php\/hochspannung-beim-em-semi-am-26-07-2025\/#breadcrumb"},"inLanguage":"de","potentialAction":[{"@type":"ReadAction","target":["https:\/\/msc-werlte.de\/index.php\/hochspannung-beim-em-semi-am-26-07-2025\/"]}]},{"@type":"ImageObject","inLanguage":"de","@id":"https:\/\/msc-werlte.de\/index.php\/hochspannung-beim-em-semi-am-26-07-2025\/#primaryimage","url":"https:\/\/msc-werlte.de\/wp-content\/uploads\/2025\/03\/139427-MSC-Werlte_Plakat-2025-scaled.jpg","contentUrl":"https:\/\/msc-werlte.de\/wp-content\/uploads\/2025\/03\/139427-MSC-Werlte_Plakat-2025-scaled.jpg","width":1810,"height":2560},{"@type":"BreadcrumbList","@id":"https:\/\/msc-werlte.de\/index.php\/hochspannung-beim-em-semi-am-26-07-2025\/#breadcrumb","itemListElement":[{"@type":"ListItem","position":1,"name":"Startseite","item":"https:\/\/msc-werlte.de\/"},{"@type":"ListItem","position":2,"name":"Hochspannung beim EM Semi am 26.07.2025"}]},{"@type":"WebSite","@id":"https:\/\/msc-werlte.de\/#website","url":"https:\/\/msc-werlte.de\/","name":"MSC H\u00fcmmling Werlte","description":"","publisher":{"@id":"https:\/\/msc-werlte.de\/#organization"},"potentialAction":[{"@type":"SearchAction","target":{"@type":"EntryPoint","urlTemplate":"https:\/\/msc-werlte.de\/?s={search_term_string}"},"query-input":{"@type":"PropertyValueSpecification","valueRequired":true,"valueName":"search_term_string"}}],"inLanguage":"de"},{"@type":"Organization","@id":"https:\/\/msc-werlte.de\/#organization","name":"MSC H\u00fcmmling Werlte","url":"https:\/\/msc-werlte.de\/","logo":{"@type":"ImageObject","inLanguage":"de","@id":"https:\/\/msc-werlte.de\/#\/schema\/logo\/image\/","url":"https:\/\/msc-werlte.de\/wp-content\/uploads\/2022\/10\/MSC-Werlte_329px_Final.png","contentUrl":"https:\/\/msc-werlte.de\/wp-content\/uploads\/2022\/10\/MSC-Werlte_329px_Final.png","width":329,"height":329,"caption":"MSC H\u00fcmmling Werlte"},"image":{"@id":"https:\/\/msc-werlte.de\/#\/schema\/logo\/image\/"},"sameAs":["https:\/\/www.facebook.com\/MscHummlingWerlteEvImAdac"]},{"@type":"Person","@id":"https:\/\/msc-werlte.de\/#\/schema\/person\/2ca3dce1bd60dd976921168be8f7fd27","name":"Redaktion","image":{"@type":"ImageObject","inLanguage":"de","@id":"https:\/\/secure.gravatar.com\/avatar\/f453567527ece4e31e66e3a5fdbfef099714fb17581b77051f95588feb6f55ab?s=96&d=mm&r=g","url":"https:\/\/secure.gravatar.com\/avatar\/f453567527ece4e31e66e3a5fdbfef099714fb17581b77051f95588feb6f55ab?s=96&d=mm&r=g","contentUrl":"https:\/\/secure.gravatar.com\/avatar\/f453567527ece4e31e66e3a5fdbfef099714fb17581b77051f95588feb6f55ab?s=96&d=mm&r=g","caption":"Redaktion"},"url":"https:\/\/msc-werlte.de\/index.php\/author\/readaktion\/"}]}},"_links":{"self":[{"href":"https:\/\/msc-werlte.de\/index.php\/wp-json\/wp\/v2\/posts\/1308","targetHints":{"allow":["GET"]}}],"collection":[{"href":"https:\/\/msc-werlte.de\/index.php\/wp-json\/wp\/v2\/posts"}],"about":[{"href":"https:\/\/msc-werlte.de\/index.php\/wp-json\/wp\/v2\/types\/post"}],"author":[{"embeddable":true,"href":"https:\/\/msc-werlte.de\/index.php\/wp-json\/wp\/v2\/users\/2"}],"replies":[{"embeddable":true,"href":"https:\/\/msc-werlte.de\/index.php\/wp-json\/wp\/v2\/comments?post=1308"}],"version-history":[{"count":1,"href":"https:\/\/msc-werlte.de\/index.php\/wp-json\/wp\/v2\/posts\/1308\/revisions"}],"predecessor-version":[{"id":1309,"href":"https:\/\/msc-werlte.de\/index.php\/wp-json\/wp\/v2\/posts\/1308\/revisions\/1309"}],"wp:featuredmedia":[{"embeddable":true,"href":"https:\/\/msc-werlte.de\/index.php\/wp-json\/wp\/v2\/media\/1181"}],"wp:attachment":[{"href":"https:\/\/msc-werlte.de\/index.php\/wp-json\/wp\/v2\/media?parent=1308"}],"wp:term":[{"taxonomy":"category","embeddable":true,"href":"https:\/\/msc-werlte.de\/index.php\/wp-json\/wp\/v2\/categories?post=1308"},{"taxonomy":"post_tag","embeddable":true,"href":"https:\/\/msc-werlte.de\/index.php\/wp-json\/wp\/v2\/tags?post=1308"}],"curies":[{"name":"wp","href":"https:\/\/api.w.org\/{rel}","templated":true}]}}