{"id":1283,"date":"2025-07-14T15:24:59","date_gmt":"2025-07-14T13:24:59","guid":{"rendered":"https:\/\/msc-werlte.de\/?p=1283"},"modified":"2025-07-14T16:19:41","modified_gmt":"2025-07-14T14:19:41","slug":"2-kompanie-der-schuetzenbruderschaft-zu-gast-beim-msc-werlte","status":"publish","type":"post","link":"https:\/\/msc-werlte.de\/index.php\/2-kompanie-der-schuetzenbruderschaft-zu-gast-beim-msc-werlte\/","title":{"rendered":"2. Kompanie der Sch\u00fctzenbruderschaft zu Gast beim MSC Werlte"},"content":{"rendered":"<p><strong>2. Kompanie der Sch\u00fctzenbruderschaft zu Gast beim MSC Werlte<\/strong><\/p>\n<p>&nbsp;<\/p>\n<p>Mit guter Laune und gro\u00dfem Interesse durften wir k\u00fcrzlich die 2. Kompanie der Sch\u00fctzenbruderschaft auf dem Gel\u00e4nde des MSC Welte begr\u00fc\u00dfen. Die Gruppe rund um Friedhelm Hukelmann zeigte sich offen und neugierig f\u00fcr alles rund um unseren Verein und den Bahnsport.<\/p>\n<p>Vorsitzender Josef Hukelmann vermittelte in einer kurzen Einf\u00fchrung spannende Einblicke in den Motorsport und stellte den MSC sowie die Besonderheiten des Sports anschaulich vor. Ein besonderes Highlight war die M\u00f6glichkeit, selbst eine Proberunde auf der Speedwaybahn zu drehen \u2013 zwar mit dem Trecker, aber es war dennoch ein Erlebnis, das sichtlich Freude bereitete.<\/p>\n<p>Der MSC bedankt sich herzlich f\u00fcr den Besuch, das Interesse und den regen Austausch. Wir w\u00fcnschen der 2. Kompanie viel Erfolg beim bevorstehenden Sch\u00fctzenfest und stets ein sicheres Auge sowie eine ruhige Hand f\u00fcr den perfekten Treffer beim K\u00f6nigsschie\u00dfen!<\/p>\n<p>&nbsp;<\/p>\n\n\t\t<style type=\"text\/css\">\n\t\t\t#gallery-1 {\n\t\t\t\tmargin: auto;\n\t\t\t}\n\t\t\t#gallery-1 .gallery-item {\n\t\t\t\tfloat: left;\n\t\t\t\tmargin-top: 10px;\n\t\t\t\ttext-align: center;\n\t\t\t\twidth: 50%;\n\t\t\t}\n\t\t\t#gallery-1 img {\n\t\t\t\tborder: 2px solid #cfcfcf;\n\t\t\t}\n\t\t\t#gallery-1 .gallery-caption {\n\t\t\t\tmargin-left: 0;\n\t\t\t}\n\t\t\t\/* see gallery_shortcode() in wp-includes\/media.php *\/\n\t\t<\/style>\n\t\t<div id='gallery-1' class='gallery galleryid-1283 gallery-columns-2 gallery-size-medium'><dl class='gallery-item'>\n\t\t\t<dt class='gallery-icon portrait'>\n\t\t\t\t<a href='https:\/\/msc-werlte.de\/wp-content\/uploads\/2025\/07\/IMG_9286.jpg'><img loading=\"lazy\" decoding=\"async\" width=\"225\" height=\"300\" src=\"https:\/\/msc-werlte.de\/wp-content\/uploads\/2025\/07\/IMG_9286-225x300.jpg\" class=\"attachment-medium size-medium\" alt=\"\" srcset=\"https:\/\/msc-werlte.de\/wp-content\/uploads\/2025\/07\/IMG_9286-225x300.jpg 225w, https:\/\/msc-werlte.de\/wp-content\/uploads\/2025\/07\/IMG_9286-768x1024.jpg 768w, https:\/\/msc-werlte.de\/wp-content\/uploads\/2025\/07\/IMG_9286-1152x1536.jpg 1152w, https:\/\/msc-werlte.de\/wp-content\/uploads\/2025\/07\/IMG_9286.jpg 1200w\" sizes=\"auto, (max-width: 225px) 100vw, 225px\" \/><\/a>\n\t\t\t<\/dt><\/dl><dl class='gallery-item'>\n\t\t\t<dt class='gallery-icon portrait'>\n\t\t\t\t<a href='https:\/\/msc-werlte.de\/wp-content\/uploads\/2025\/07\/IMG_9285.jpg'><img loading=\"lazy\" decoding=\"async\" width=\"225\" height=\"300\" src=\"https:\/\/msc-werlte.de\/wp-content\/uploads\/2025\/07\/IMG_9285-225x300.jpg\" class=\"attachment-medium size-medium\" alt=\"\" srcset=\"https:\/\/msc-werlte.de\/wp-content\/uploads\/2025\/07\/IMG_9285-225x300.jpg 225w, https:\/\/msc-werlte.de\/wp-content\/uploads\/2025\/07\/IMG_9285.jpg 480w\" sizes=\"auto, (max-width: 225px) 100vw, 225px\" \/><\/a>\n\t\t\t<\/dt><\/dl><br style=\"clear: both\" \/><dl class='gallery-item'>\n\t\t\t<dt class='gallery-icon landscape'>\n\t\t\t\t<a href='https:\/\/msc-werlte.de\/wp-content\/uploads\/2025\/07\/IMG_9284.jpg'><img loading=\"lazy\" decoding=\"async\" width=\"300\" height=\"225\" src=\"https:\/\/msc-werlte.de\/wp-content\/uploads\/2025\/07\/IMG_9284-300x225.jpg\" class=\"attachment-medium size-medium\" alt=\"\" srcset=\"https:\/\/msc-werlte.de\/wp-content\/uploads\/2025\/07\/IMG_9284-300x225.jpg 300w, https:\/\/msc-werlte.de\/wp-content\/uploads\/2025\/07\/IMG_9284.jpg 640w\" sizes=\"auto, (max-width: 300px) 100vw, 300px\" \/><\/a>\n\t\t\t<\/dt><\/dl><dl class='gallery-item'>\n\t\t\t<dt class='gallery-icon landscape'>\n\t\t\t\t<a href='https:\/\/msc-werlte.de\/wp-content\/uploads\/2025\/07\/IMG_9283.jpg'><img loading=\"lazy\" decoding=\"async\" width=\"300\" height=\"225\" src=\"https:\/\/msc-werlte.de\/wp-content\/uploads\/2025\/07\/IMG_9283-300x225.jpg\" class=\"attachment-medium size-medium\" alt=\"\" srcset=\"https:\/\/msc-werlte.de\/wp-content\/uploads\/2025\/07\/IMG_9283-300x225.jpg 300w, https:\/\/msc-werlte.de\/wp-content\/uploads\/2025\/07\/IMG_9283.jpg 640w\" sizes=\"auto, (max-width: 300px) 100vw, 300px\" \/><\/a>\n\t\t\t<\/dt><\/dl><br style=\"clear: both\" \/><dl class='gallery-item'>\n\t\t\t<dt class='gallery-icon portrait'>\n\t\t\t\t<a href='https:\/\/msc-werlte.de\/wp-content\/uploads\/2025\/07\/IMG_9282.jpg'><img loading=\"lazy\" decoding=\"async\" width=\"225\" height=\"300\" src=\"https:\/\/msc-werlte.de\/wp-content\/uploads\/2025\/07\/IMG_9282-225x300.jpg\" class=\"attachment-medium size-medium\" alt=\"\" srcset=\"https:\/\/msc-werlte.de\/wp-content\/uploads\/2025\/07\/IMG_9282-225x300.jpg 225w, https:\/\/msc-werlte.de\/wp-content\/uploads\/2025\/07\/IMG_9282-768x1024.jpg 768w, https:\/\/msc-werlte.de\/wp-content\/uploads\/2025\/07\/IMG_9282-1152x1536.jpg 1152w, https:\/\/msc-werlte.de\/wp-content\/uploads\/2025\/07\/IMG_9282.jpg 1200w\" sizes=\"auto, (max-width: 225px) 100vw, 225px\" \/><\/a>\n\t\t\t<\/dt><\/dl>\n\t\t\t<br style='clear: both' \/>\n\t\t<\/div>\n\n<div class=\"shariff\" data-services=\"facebook\" data-url=\"https:\/\/msc-werlte.de\/index.php\/2-kompanie-der-schuetzenbruderschaft-zu-gast-beim-msc-werlte\/\" data-timestamp=\"1752509981\" data-backendurl=\"https:\/\/msc-werlte.de\/wp-json\/shariff\/v1\/share_counts?\"><ul class=\"shariff-buttons theme-default orientation-horizontal buttonsize-medium\"><li class=\"shariff-button facebook shariff-nocustomcolor\" style=\"background-color:#4273c8\"><a href=\"https:\/\/www.facebook.com\/sharer\/sharer.php?u=https%3A%2F%2Fmsc-werlte.de%2Findex.php%2F2-kompanie-der-schuetzenbruderschaft-zu-gast-beim-msc-werlte%2F\" title=\"Bei Facebook teilen\" aria-label=\"Bei Facebook teilen\" role=\"button\" rel=\"nofollow\" class=\"shariff-link\" style=\"; background-color:#3b5998; color:#fff\" target=\"_blank\"><span class=\"shariff-icon\" style=\"\"><svg width=\"32px\" height=\"20px\" xmlns=\"http:\/\/www.w3.org\/2000\/svg\" viewBox=\"0 0 18 32\"><path fill=\"#3b5998\" d=\"M17.1 0.2v4.7h-2.8q-1.5 0-2.1 0.6t-0.5 1.9v3.4h5.2l-0.7 5.3h-4.5v13.6h-5.5v-13.6h-4.5v-5.3h4.5v-3.9q0-3.3 1.9-5.2t5-1.8q2.6 0 4.1 0.2z\"\/><\/svg><\/span><span class=\"shariff-text\">teilen<\/span>&nbsp;<span data-service=\"facebook\" style=\"color:#3b5998\" class=\"shariff-count shariff-hidezero\"><\/span>&nbsp;<\/a><\/li><\/ul><\/div>","protected":false},"excerpt":{"rendered":"<p>2. Kompanie der Sch\u00fctzenbruderschaft zu Gast beim MSC Werlte &nbsp; Mit guter Laune und gro\u00dfem Interesse durften wir k\u00fcrzlich die 2. Kompanie der Sch\u00fctzenbruderschaft auf dem Gel\u00e4nde des MSC Welte begr\u00fc\u00dfen. Die Gruppe rund um Friedhelm Hukelmann zeigte sich offen und neugierig f\u00fcr alles rund um unseren Verein und den Bahnsport. Vorsitzender Josef Hukelmann vermittelte in einer kurzen Einf\u00fchrung spannende [&hellip;]<\/p>\n","protected":false},"author":2,"featured_media":1285,"comment_status":"closed","ping_status":"open","sticky":false,"template":"","format":"standard","meta":{"footnotes":""},"categories":[1],"tags":[],"class_list":["post-1283","post","type-post","status-publish","format-standard","has-post-thumbnail","hentry","category-allgemein"],"yoast_head":"<!-- This site is optimized with the Yoast SEO plugin v27.5 - https:\/\/yoast.com\/product\/yoast-seo-wordpress\/ -->\n<title>2. Kompanie der Sch\u00fctzenbruderschaft zu Gast beim MSC Werlte - MSC H\u00fcmmling Werlte<\/title>\n<meta name=\"robots\" content=\"index, follow, max-snippet:-1, max-image-preview:large, max-video-preview:-1\" \/>\n<link rel=\"canonical\" href=\"https:\/\/msc-werlte.de\/index.php\/2-kompanie-der-schuetzenbruderschaft-zu-gast-beim-msc-werlte\/\" \/>\n<meta property=\"og:locale\" content=\"de_DE\" \/>\n<meta property=\"og:type\" content=\"article\" \/>\n<meta property=\"og:title\" content=\"2. Kompanie der Sch\u00fctzenbruderschaft zu Gast beim MSC Werlte - MSC H\u00fcmmling Werlte\" \/>\n<meta property=\"og:description\" content=\"2. Kompanie der Sch\u00fctzenbruderschaft zu Gast beim MSC Werlte &nbsp; Mit guter Laune und gro\u00dfem Interesse durften wir k\u00fcrzlich die 2. Kompanie der Sch\u00fctzenbruderschaft auf dem Gel\u00e4nde des MSC Welte begr\u00fc\u00dfen. Die Gruppe rund um Friedhelm Hukelmann zeigte sich offen und neugierig f\u00fcr alles rund um unseren Verein und den Bahnsport. Vorsitzender Josef Hukelmann vermittelte in einer kurzen Einf\u00fchrung spannende [&hellip;]\" \/>\n<meta property=\"og:url\" content=\"https:\/\/msc-werlte.de\/index.php\/2-kompanie-der-schuetzenbruderschaft-zu-gast-beim-msc-werlte\/\" \/>\n<meta property=\"og:site_name\" content=\"MSC H\u00fcmmling Werlte\" \/>\n<meta property=\"article:publisher\" content=\"https:\/\/www.facebook.com\/MscHummlingWerlteEvImAdac\" \/>\n<meta property=\"article:published_time\" content=\"2025-07-14T13:24:59+00:00\" \/>\n<meta property=\"article:modified_time\" content=\"2025-07-14T14:19:41+00:00\" \/>\n<meta property=\"og:image\" content=\"https:\/\/msc-werlte.de\/wp-content\/uploads\/2025\/07\/IMG_9283.jpg\" \/>\n\t<meta property=\"og:image:width\" content=\"640\" \/>\n\t<meta property=\"og:image:height\" content=\"480\" \/>\n\t<meta property=\"og:image:type\" content=\"image\/jpeg\" \/>\n<meta name=\"author\" content=\"Redaktion\" \/>\n<meta name=\"twitter:card\" content=\"summary_large_image\" \/>\n<meta name=\"twitter:label1\" content=\"Verfasst von\" \/>\n\t<meta name=\"twitter:data1\" content=\"Redaktion\" \/>\n\t<meta name=\"twitter:label2\" content=\"Gesch\u00e4tzte Lesezeit\" \/>\n\t<meta name=\"twitter:data2\" content=\"2\u00a0Minuten\" \/>\n<script type=\"application\/ld+json\" class=\"yoast-schema-graph\">{\"@context\":\"https:\\\/\\\/schema.org\",\"@graph\":[{\"@type\":\"Article\",\"@id\":\"https:\\\/\\\/msc-werlte.de\\\/index.php\\\/2-kompanie-der-schuetzenbruderschaft-zu-gast-beim-msc-werlte\\\/#article\",\"isPartOf\":{\"@id\":\"https:\\\/\\\/msc-werlte.de\\\/index.php\\\/2-kompanie-der-schuetzenbruderschaft-zu-gast-beim-msc-werlte\\\/\"},\"author\":{\"name\":\"Redaktion\",\"@id\":\"https:\\\/\\\/msc-werlte.de\\\/#\\\/schema\\\/person\\\/2ca3dce1bd60dd976921168be8f7fd27\"},\"headline\":\"2. Kompanie der Sch\u00fctzenbruderschaft zu Gast beim MSC Werlte\",\"datePublished\":\"2025-07-14T13:24:59+00:00\",\"dateModified\":\"2025-07-14T14:19:41+00:00\",\"mainEntityOfPage\":{\"@id\":\"https:\\\/\\\/msc-werlte.de\\\/index.php\\\/2-kompanie-der-schuetzenbruderschaft-zu-gast-beim-msc-werlte\\\/\"},\"wordCount\":173,\"publisher\":{\"@id\":\"https:\\\/\\\/msc-werlte.de\\\/#organization\"},\"image\":{\"@id\":\"https:\\\/\\\/msc-werlte.de\\\/index.php\\\/2-kompanie-der-schuetzenbruderschaft-zu-gast-beim-msc-werlte\\\/#primaryimage\"},\"thumbnailUrl\":\"https:\\\/\\\/msc-werlte.de\\\/wp-content\\\/uploads\\\/2025\\\/07\\\/IMG_9283.jpg\",\"inLanguage\":\"de\"},{\"@type\":\"WebPage\",\"@id\":\"https:\\\/\\\/msc-werlte.de\\\/index.php\\\/2-kompanie-der-schuetzenbruderschaft-zu-gast-beim-msc-werlte\\\/\",\"url\":\"https:\\\/\\\/msc-werlte.de\\\/index.php\\\/2-kompanie-der-schuetzenbruderschaft-zu-gast-beim-msc-werlte\\\/\",\"name\":\"2. Kompanie der Sch\u00fctzenbruderschaft zu Gast beim MSC Werlte - MSC H\u00fcmmling Werlte\",\"isPartOf\":{\"@id\":\"https:\\\/\\\/msc-werlte.de\\\/#website\"},\"primaryImageOfPage\":{\"@id\":\"https:\\\/\\\/msc-werlte.de\\\/index.php\\\/2-kompanie-der-schuetzenbruderschaft-zu-gast-beim-msc-werlte\\\/#primaryimage\"},\"image\":{\"@id\":\"https:\\\/\\\/msc-werlte.de\\\/index.php\\\/2-kompanie-der-schuetzenbruderschaft-zu-gast-beim-msc-werlte\\\/#primaryimage\"},\"thumbnailUrl\":\"https:\\\/\\\/msc-werlte.de\\\/wp-content\\\/uploads\\\/2025\\\/07\\\/IMG_9283.jpg\",\"datePublished\":\"2025-07-14T13:24:59+00:00\",\"dateModified\":\"2025-07-14T14:19:41+00:00\",\"breadcrumb\":{\"@id\":\"https:\\\/\\\/msc-werlte.de\\\/index.php\\\/2-kompanie-der-schuetzenbruderschaft-zu-gast-beim-msc-werlte\\\/#breadcrumb\"},\"inLanguage\":\"de\",\"potentialAction\":[{\"@type\":\"ReadAction\",\"target\":[\"https:\\\/\\\/msc-werlte.de\\\/index.php\\\/2-kompanie-der-schuetzenbruderschaft-zu-gast-beim-msc-werlte\\\/\"]}]},{\"@type\":\"ImageObject\",\"inLanguage\":\"de\",\"@id\":\"https:\\\/\\\/msc-werlte.de\\\/index.php\\\/2-kompanie-der-schuetzenbruderschaft-zu-gast-beim-msc-werlte\\\/#primaryimage\",\"url\":\"https:\\\/\\\/msc-werlte.de\\\/wp-content\\\/uploads\\\/2025\\\/07\\\/IMG_9283.jpg\",\"contentUrl\":\"https:\\\/\\\/msc-werlte.de\\\/wp-content\\\/uploads\\\/2025\\\/07\\\/IMG_9283.jpg\",\"width\":640,\"height\":480},{\"@type\":\"BreadcrumbList\",\"@id\":\"https:\\\/\\\/msc-werlte.de\\\/index.php\\\/2-kompanie-der-schuetzenbruderschaft-zu-gast-beim-msc-werlte\\\/#breadcrumb\",\"itemListElement\":[{\"@type\":\"ListItem\",\"position\":1,\"name\":\"Startseite\",\"item\":\"https:\\\/\\\/msc-werlte.de\\\/\"},{\"@type\":\"ListItem\",\"position\":2,\"name\":\"2. Kompanie der Sch\u00fctzenbruderschaft zu Gast beim MSC Werlte\"}]},{\"@type\":\"WebSite\",\"@id\":\"https:\\\/\\\/msc-werlte.de\\\/#website\",\"url\":\"https:\\\/\\\/msc-werlte.de\\\/\",\"name\":\"MSC H\u00fcmmling Werlte\",\"description\":\"\",\"publisher\":{\"@id\":\"https:\\\/\\\/msc-werlte.de\\\/#organization\"},\"potentialAction\":[{\"@type\":\"SearchAction\",\"target\":{\"@type\":\"EntryPoint\",\"urlTemplate\":\"https:\\\/\\\/msc-werlte.de\\\/?s={search_term_string}\"},\"query-input\":{\"@type\":\"PropertyValueSpecification\",\"valueRequired\":true,\"valueName\":\"search_term_string\"}}],\"inLanguage\":\"de\"},{\"@type\":\"Organization\",\"@id\":\"https:\\\/\\\/msc-werlte.de\\\/#organization\",\"name\":\"MSC H\u00fcmmling Werlte\",\"url\":\"https:\\\/\\\/msc-werlte.de\\\/\",\"logo\":{\"@type\":\"ImageObject\",\"inLanguage\":\"de\",\"@id\":\"https:\\\/\\\/msc-werlte.de\\\/#\\\/schema\\\/logo\\\/image\\\/\",\"url\":\"https:\\\/\\\/msc-werlte.de\\\/wp-content\\\/uploads\\\/2022\\\/10\\\/MSC-Werlte_329px_Final.png\",\"contentUrl\":\"https:\\\/\\\/msc-werlte.de\\\/wp-content\\\/uploads\\\/2022\\\/10\\\/MSC-Werlte_329px_Final.png\",\"width\":329,\"height\":329,\"caption\":\"MSC H\u00fcmmling Werlte\"},\"image\":{\"@id\":\"https:\\\/\\\/msc-werlte.de\\\/#\\\/schema\\\/logo\\\/image\\\/\"},\"sameAs\":[\"https:\\\/\\\/www.facebook.com\\\/MscHummlingWerlteEvImAdac\"]},{\"@type\":\"Person\",\"@id\":\"https:\\\/\\\/msc-werlte.de\\\/#\\\/schema\\\/person\\\/2ca3dce1bd60dd976921168be8f7fd27\",\"name\":\"Redaktion\",\"image\":{\"@type\":\"ImageObject\",\"inLanguage\":\"de\",\"@id\":\"https:\\\/\\\/secure.gravatar.com\\\/avatar\\\/f453567527ece4e31e66e3a5fdbfef099714fb17581b77051f95588feb6f55ab?s=96&d=mm&r=g\",\"url\":\"https:\\\/\\\/secure.gravatar.com\\\/avatar\\\/f453567527ece4e31e66e3a5fdbfef099714fb17581b77051f95588feb6f55ab?s=96&d=mm&r=g\",\"contentUrl\":\"https:\\\/\\\/secure.gravatar.com\\\/avatar\\\/f453567527ece4e31e66e3a5fdbfef099714fb17581b77051f95588feb6f55ab?s=96&d=mm&r=g\",\"caption\":\"Redaktion\"},\"url\":\"https:\\\/\\\/msc-werlte.de\\\/index.php\\\/author\\\/readaktion\\\/\"}]}<\/script>\n<!-- \/ Yoast SEO plugin. -->","yoast_head_json":{"title":"2. Kompanie der Sch\u00fctzenbruderschaft zu Gast beim MSC Werlte - MSC H\u00fcmmling Werlte","robots":{"index":"index","follow":"follow","max-snippet":"max-snippet:-1","max-image-preview":"max-image-preview:large","max-video-preview":"max-video-preview:-1"},"canonical":"https:\/\/msc-werlte.de\/index.php\/2-kompanie-der-schuetzenbruderschaft-zu-gast-beim-msc-werlte\/","og_locale":"de_DE","og_type":"article","og_title":"2. Kompanie der Sch\u00fctzenbruderschaft zu Gast beim MSC Werlte - MSC H\u00fcmmling Werlte","og_description":"2. Kompanie der Sch\u00fctzenbruderschaft zu Gast beim MSC Werlte &nbsp; Mit guter Laune und gro\u00dfem Interesse durften wir k\u00fcrzlich die 2. Kompanie der Sch\u00fctzenbruderschaft auf dem Gel\u00e4nde des MSC Welte begr\u00fc\u00dfen. Die Gruppe rund um Friedhelm Hukelmann zeigte sich offen und neugierig f\u00fcr alles rund um unseren Verein und den Bahnsport. Vorsitzender Josef Hukelmann vermittelte in einer kurzen Einf\u00fchrung spannende [&hellip;]","og_url":"https:\/\/msc-werlte.de\/index.php\/2-kompanie-der-schuetzenbruderschaft-zu-gast-beim-msc-werlte\/","og_site_name":"MSC H\u00fcmmling Werlte","article_publisher":"https:\/\/www.facebook.com\/MscHummlingWerlteEvImAdac","article_published_time":"2025-07-14T13:24:59+00:00","article_modified_time":"2025-07-14T14:19:41+00:00","og_image":[{"width":640,"height":480,"url":"https:\/\/msc-werlte.de\/wp-content\/uploads\/2025\/07\/IMG_9283.jpg","type":"image\/jpeg"}],"author":"Redaktion","twitter_card":"summary_large_image","twitter_misc":{"Verfasst von":"Redaktion","Gesch\u00e4tzte Lesezeit":"2\u00a0Minuten"},"schema":{"@context":"https:\/\/schema.org","@graph":[{"@type":"Article","@id":"https:\/\/msc-werlte.de\/index.php\/2-kompanie-der-schuetzenbruderschaft-zu-gast-beim-msc-werlte\/#article","isPartOf":{"@id":"https:\/\/msc-werlte.de\/index.php\/2-kompanie-der-schuetzenbruderschaft-zu-gast-beim-msc-werlte\/"},"author":{"name":"Redaktion","@id":"https:\/\/msc-werlte.de\/#\/schema\/person\/2ca3dce1bd60dd976921168be8f7fd27"},"headline":"2. Kompanie der Sch\u00fctzenbruderschaft zu Gast beim MSC Werlte","datePublished":"2025-07-14T13:24:59+00:00","dateModified":"2025-07-14T14:19:41+00:00","mainEntityOfPage":{"@id":"https:\/\/msc-werlte.de\/index.php\/2-kompanie-der-schuetzenbruderschaft-zu-gast-beim-msc-werlte\/"},"wordCount":173,"publisher":{"@id":"https:\/\/msc-werlte.de\/#organization"},"image":{"@id":"https:\/\/msc-werlte.de\/index.php\/2-kompanie-der-schuetzenbruderschaft-zu-gast-beim-msc-werlte\/#primaryimage"},"thumbnailUrl":"https:\/\/msc-werlte.de\/wp-content\/uploads\/2025\/07\/IMG_9283.jpg","inLanguage":"de"},{"@type":"WebPage","@id":"https:\/\/msc-werlte.de\/index.php\/2-kompanie-der-schuetzenbruderschaft-zu-gast-beim-msc-werlte\/","url":"https:\/\/msc-werlte.de\/index.php\/2-kompanie-der-schuetzenbruderschaft-zu-gast-beim-msc-werlte\/","name":"2. Kompanie der Sch\u00fctzenbruderschaft zu Gast beim MSC Werlte - MSC H\u00fcmmling Werlte","isPartOf":{"@id":"https:\/\/msc-werlte.de\/#website"},"primaryImageOfPage":{"@id":"https:\/\/msc-werlte.de\/index.php\/2-kompanie-der-schuetzenbruderschaft-zu-gast-beim-msc-werlte\/#primaryimage"},"image":{"@id":"https:\/\/msc-werlte.de\/index.php\/2-kompanie-der-schuetzenbruderschaft-zu-gast-beim-msc-werlte\/#primaryimage"},"thumbnailUrl":"https:\/\/msc-werlte.de\/wp-content\/uploads\/2025\/07\/IMG_9283.jpg","datePublished":"2025-07-14T13:24:59+00:00","dateModified":"2025-07-14T14:19:41+00:00","breadcrumb":{"@id":"https:\/\/msc-werlte.de\/index.php\/2-kompanie-der-schuetzenbruderschaft-zu-gast-beim-msc-werlte\/#breadcrumb"},"inLanguage":"de","potentialAction":[{"@type":"ReadAction","target":["https:\/\/msc-werlte.de\/index.php\/2-kompanie-der-schuetzenbruderschaft-zu-gast-beim-msc-werlte\/"]}]},{"@type":"ImageObject","inLanguage":"de","@id":"https:\/\/msc-werlte.de\/index.php\/2-kompanie-der-schuetzenbruderschaft-zu-gast-beim-msc-werlte\/#primaryimage","url":"https:\/\/msc-werlte.de\/wp-content\/uploads\/2025\/07\/IMG_9283.jpg","contentUrl":"https:\/\/msc-werlte.de\/wp-content\/uploads\/2025\/07\/IMG_9283.jpg","width":640,"height":480},{"@type":"BreadcrumbList","@id":"https:\/\/msc-werlte.de\/index.php\/2-kompanie-der-schuetzenbruderschaft-zu-gast-beim-msc-werlte\/#breadcrumb","itemListElement":[{"@type":"ListItem","position":1,"name":"Startseite","item":"https:\/\/msc-werlte.de\/"},{"@type":"ListItem","position":2,"name":"2. Kompanie der Sch\u00fctzenbruderschaft zu Gast beim MSC Werlte"}]},{"@type":"WebSite","@id":"https:\/\/msc-werlte.de\/#website","url":"https:\/\/msc-werlte.de\/","name":"MSC H\u00fcmmling Werlte","description":"","publisher":{"@id":"https:\/\/msc-werlte.de\/#organization"},"potentialAction":[{"@type":"SearchAction","target":{"@type":"EntryPoint","urlTemplate":"https:\/\/msc-werlte.de\/?s={search_term_string}"},"query-input":{"@type":"PropertyValueSpecification","valueRequired":true,"valueName":"search_term_string"}}],"inLanguage":"de"},{"@type":"Organization","@id":"https:\/\/msc-werlte.de\/#organization","name":"MSC H\u00fcmmling Werlte","url":"https:\/\/msc-werlte.de\/","logo":{"@type":"ImageObject","inLanguage":"de","@id":"https:\/\/msc-werlte.de\/#\/schema\/logo\/image\/","url":"https:\/\/msc-werlte.de\/wp-content\/uploads\/2022\/10\/MSC-Werlte_329px_Final.png","contentUrl":"https:\/\/msc-werlte.de\/wp-content\/uploads\/2022\/10\/MSC-Werlte_329px_Final.png","width":329,"height":329,"caption":"MSC H\u00fcmmling Werlte"},"image":{"@id":"https:\/\/msc-werlte.de\/#\/schema\/logo\/image\/"},"sameAs":["https:\/\/www.facebook.com\/MscHummlingWerlteEvImAdac"]},{"@type":"Person","@id":"https:\/\/msc-werlte.de\/#\/schema\/person\/2ca3dce1bd60dd976921168be8f7fd27","name":"Redaktion","image":{"@type":"ImageObject","inLanguage":"de","@id":"https:\/\/secure.gravatar.com\/avatar\/f453567527ece4e31e66e3a5fdbfef099714fb17581b77051f95588feb6f55ab?s=96&d=mm&r=g","url":"https:\/\/secure.gravatar.com\/avatar\/f453567527ece4e31e66e3a5fdbfef099714fb17581b77051f95588feb6f55ab?s=96&d=mm&r=g","contentUrl":"https:\/\/secure.gravatar.com\/avatar\/f453567527ece4e31e66e3a5fdbfef099714fb17581b77051f95588feb6f55ab?s=96&d=mm&r=g","caption":"Redaktion"},"url":"https:\/\/msc-werlte.de\/index.php\/author\/readaktion\/"}]}},"_links":{"self":[{"href":"https:\/\/msc-werlte.de\/index.php\/wp-json\/wp\/v2\/posts\/1283","targetHints":{"allow":["GET"]}}],"collection":[{"href":"https:\/\/msc-werlte.de\/index.php\/wp-json\/wp\/v2\/posts"}],"about":[{"href":"https:\/\/msc-werlte.de\/index.php\/wp-json\/wp\/v2\/types\/post"}],"author":[{"embeddable":true,"href":"https:\/\/msc-werlte.de\/index.php\/wp-json\/wp\/v2\/users\/2"}],"replies":[{"embeddable":true,"href":"https:\/\/msc-werlte.de\/index.php\/wp-json\/wp\/v2\/comments?post=1283"}],"version-history":[{"count":3,"href":"https:\/\/msc-werlte.de\/index.php\/wp-json\/wp\/v2\/posts\/1283\/revisions"}],"predecessor-version":[{"id":1306,"href":"https:\/\/msc-werlte.de\/index.php\/wp-json\/wp\/v2\/posts\/1283\/revisions\/1306"}],"wp:featuredmedia":[{"embeddable":true,"href":"https:\/\/msc-werlte.de\/index.php\/wp-json\/wp\/v2\/media\/1285"}],"wp:attachment":[{"href":"https:\/\/msc-werlte.de\/index.php\/wp-json\/wp\/v2\/media?parent=1283"}],"wp:term":[{"taxonomy":"category","embeddable":true,"href":"https:\/\/msc-werlte.de\/index.php\/wp-json\/wp\/v2\/categories?post=1283"},{"taxonomy":"post_tag","embeddable":true,"href":"https:\/\/msc-werlte.de\/index.php\/wp-json\/wp\/v2\/tags?post=1283"}],"curies":[{"name":"wp","href":"https:\/\/api.w.org\/{rel}","templated":true}]}}