{"id":1234,"date":"2025-04-09T19:12:52","date_gmt":"2025-04-09T17:12:52","guid":{"rendered":"https:\/\/msc-werlte.de\/?p=1234"},"modified":"2025-04-09T19:12:52","modified_gmt":"2025-04-09T17:12:52","slug":"mit-volldampf-in-den-april-gestartet","status":"publish","type":"post","link":"https:\/\/msc-werlte.de\/index.php\/mit-volldampf-in-den-april-gestartet\/","title":{"rendered":"Mit Volldampf in den April gestartet"},"content":{"rendered":"<p>Am Samstag, 5. April 2025 lud der MSC Werlte erneut zum beliebten Schnuppertraining auf sein Renngel\u00e4nde ein \u2013 und der Einladung folgten 27 begeisterte Kinder, die ihre ersten Erfahrungen auf dem Motorrad sammeln wollten.<\/p>\n<p>&nbsp;<\/p>\n<p>Unterst\u00fctzt von den ausgebildeten Trainern des Vereins wagten sich die Nachwuchsfahrer auf die Strecke und konnten unter sicheren Bedingungen ein erstes Gef\u00fchl f\u00fcr den Motorsport entwickeln. Neben dem Fahrspa\u00df standen vor allem Freude, Neugier und das gemeinsame Erleben im Vordergrund.<\/p>\n<p>&nbsp;<\/p>\n<p>Der Tag war gepr\u00e4gt von einer rundum positiven Atmosph\u00e4re: Viele spannende Gespr\u00e4che wurden gef\u00fchrt, das Interesse an diesem faszinierenden Sport war gro\u00df \u2013 und nicht zuletzt konnten mit hoher Wahrscheinlichkeit neue Gesichter f\u00fcr die Jugendgruppe des Vereins gewonnen werden.<\/p>\n<p>&nbsp;<\/p>\n<p>Der MSC Werlte bedankt sich herzlich bei allen Teilnehmerinnen und Teilnehmern, den engagierten Helferinnen und Helfern sowie allen, die zum Gelingen dieser gelungenen Veranstaltung beigetragen haben. Wir freuen uns auf ein Wiedersehen \u2013 mit einigen, vielen oder vielleicht sogar allen, die dabei waren!<\/p>\n<p>&nbsp;<\/p>\n<div class=\"shariff\" data-services=\"facebook\" data-url=\"https:\/\/msc-werlte.de\/index.php\/mit-volldampf-in-den-april-gestartet\/\" data-timestamp=\"1744225972\" data-backendurl=\"https:\/\/msc-werlte.de\/wp-json\/shariff\/v1\/share_counts?\"><ul class=\"shariff-buttons theme-default orientation-horizontal buttonsize-medium\"><li class=\"shariff-button facebook shariff-nocustomcolor\" style=\"background-color:#4273c8\"><a href=\"https:\/\/www.facebook.com\/sharer\/sharer.php?u=https%3A%2F%2Fmsc-werlte.de%2Findex.php%2Fmit-volldampf-in-den-april-gestartet%2F\" title=\"Bei Facebook teilen\" aria-label=\"Bei Facebook teilen\" role=\"button\" rel=\"nofollow\" class=\"shariff-link\" style=\"; background-color:#3b5998; color:#fff\" target=\"_blank\"><span class=\"shariff-icon\" style=\"\"><svg width=\"32px\" height=\"20px\" xmlns=\"http:\/\/www.w3.org\/2000\/svg\" viewBox=\"0 0 18 32\"><path fill=\"#3b5998\" d=\"M17.1 0.2v4.7h-2.8q-1.5 0-2.1 0.6t-0.5 1.9v3.4h5.2l-0.7 5.3h-4.5v13.6h-5.5v-13.6h-4.5v-5.3h4.5v-3.9q0-3.3 1.9-5.2t5-1.8q2.6 0 4.1 0.2z\"\/><\/svg><\/span><span class=\"shariff-text\">teilen<\/span>&nbsp;<span data-service=\"facebook\" style=\"color:#3b5998\" class=\"shariff-count shariff-hidezero\"><\/span>&nbsp;<\/a><\/li><\/ul><\/div>","protected":false},"excerpt":{"rendered":"<p>Am Samstag, 5. April 2025 lud der MSC Werlte erneut zum beliebten Schnuppertraining auf sein Renngel\u00e4nde ein \u2013 und der Einladung folgten 27 begeisterte Kinder, die ihre ersten Erfahrungen auf dem Motorrad sammeln wollten. &nbsp; Unterst\u00fctzt von den ausgebildeten Trainern des Vereins wagten sich die Nachwuchsfahrer auf die Strecke und konnten unter sicheren Bedingungen ein erstes Gef\u00fchl f\u00fcr den Motorsport [&hellip;]<\/p>\n","protected":false},"author":2,"featured_media":749,"comment_status":"closed","ping_status":"open","sticky":false,"template":"","format":"standard","meta":{"footnotes":""},"categories":[1],"tags":[],"class_list":["post-1234","post","type-post","status-publish","format-standard","has-post-thumbnail","hentry","category-allgemein"],"yoast_head":"<!-- This site is optimized with the Yoast SEO plugin v27.5 - https:\/\/yoast.com\/product\/yoast-seo-wordpress\/ -->\n<title>Mit Volldampf in den April gestartet - MSC H\u00fcmmling Werlte<\/title>\n<meta name=\"robots\" content=\"index, follow, max-snippet:-1, max-image-preview:large, max-video-preview:-1\" \/>\n<link rel=\"canonical\" href=\"https:\/\/msc-werlte.de\/index.php\/mit-volldampf-in-den-april-gestartet\/\" \/>\n<meta property=\"og:locale\" content=\"de_DE\" \/>\n<meta property=\"og:type\" content=\"article\" \/>\n<meta property=\"og:title\" content=\"Mit Volldampf in den April gestartet - MSC H\u00fcmmling Werlte\" \/>\n<meta property=\"og:description\" content=\"Am Samstag, 5. April 2025 lud der MSC Werlte erneut zum beliebten Schnuppertraining auf sein Renngel\u00e4nde ein \u2013 und der Einladung folgten 27 begeisterte Kinder, die ihre ersten Erfahrungen auf dem Motorrad sammeln wollten. &nbsp; Unterst\u00fctzt von den ausgebildeten Trainern des Vereins wagten sich die Nachwuchsfahrer auf die Strecke und konnten unter sicheren Bedingungen ein erstes Gef\u00fchl f\u00fcr den Motorsport [&hellip;]\" \/>\n<meta property=\"og:url\" content=\"https:\/\/msc-werlte.de\/index.php\/mit-volldampf-in-den-april-gestartet\/\" \/>\n<meta property=\"og:site_name\" content=\"MSC H\u00fcmmling Werlte\" \/>\n<meta property=\"article:publisher\" content=\"https:\/\/www.facebook.com\/MscHummlingWerlteEvImAdac\" \/>\n<meta property=\"article:published_time\" content=\"2025-04-09T17:12:52+00:00\" \/>\n<meta property=\"og:image\" content=\"https:\/\/msc-werlte.de\/wp-content\/uploads\/2024\/06\/IMG_3729.jpg\" \/>\n\t<meta property=\"og:image:width\" content=\"1280\" \/>\n\t<meta property=\"og:image:height\" content=\"960\" \/>\n\t<meta property=\"og:image:type\" content=\"image\/jpeg\" \/>\n<meta name=\"author\" content=\"Redaktion\" \/>\n<meta name=\"twitter:card\" content=\"summary_large_image\" \/>\n<meta name=\"twitter:label1\" content=\"Verfasst von\" \/>\n\t<meta name=\"twitter:data1\" content=\"Redaktion\" \/>\n\t<meta name=\"twitter:label2\" content=\"Gesch\u00e4tzte Lesezeit\" \/>\n\t<meta name=\"twitter:data2\" content=\"2\u00a0Minuten\" \/>\n<script type=\"application\/ld+json\" class=\"yoast-schema-graph\">{\"@context\":\"https:\\\/\\\/schema.org\",\"@graph\":[{\"@type\":\"Article\",\"@id\":\"https:\\\/\\\/msc-werlte.de\\\/index.php\\\/mit-volldampf-in-den-april-gestartet\\\/#article\",\"isPartOf\":{\"@id\":\"https:\\\/\\\/msc-werlte.de\\\/index.php\\\/mit-volldampf-in-den-april-gestartet\\\/\"},\"author\":{\"name\":\"Redaktion\",\"@id\":\"https:\\\/\\\/msc-werlte.de\\\/#\\\/schema\\\/person\\\/2ca3dce1bd60dd976921168be8f7fd27\"},\"headline\":\"Mit Volldampf in den April gestartet\",\"datePublished\":\"2025-04-09T17:12:52+00:00\",\"mainEntityOfPage\":{\"@id\":\"https:\\\/\\\/msc-werlte.de\\\/index.php\\\/mit-volldampf-in-den-april-gestartet\\\/\"},\"wordCount\":169,\"publisher\":{\"@id\":\"https:\\\/\\\/msc-werlte.de\\\/#organization\"},\"image\":{\"@id\":\"https:\\\/\\\/msc-werlte.de\\\/index.php\\\/mit-volldampf-in-den-april-gestartet\\\/#primaryimage\"},\"thumbnailUrl\":\"https:\\\/\\\/msc-werlte.de\\\/wp-content\\\/uploads\\\/2024\\\/06\\\/IMG_3729.jpg\",\"inLanguage\":\"de\"},{\"@type\":\"WebPage\",\"@id\":\"https:\\\/\\\/msc-werlte.de\\\/index.php\\\/mit-volldampf-in-den-april-gestartet\\\/\",\"url\":\"https:\\\/\\\/msc-werlte.de\\\/index.php\\\/mit-volldampf-in-den-april-gestartet\\\/\",\"name\":\"Mit Volldampf in den April gestartet - MSC H\u00fcmmling Werlte\",\"isPartOf\":{\"@id\":\"https:\\\/\\\/msc-werlte.de\\\/#website\"},\"primaryImageOfPage\":{\"@id\":\"https:\\\/\\\/msc-werlte.de\\\/index.php\\\/mit-volldampf-in-den-april-gestartet\\\/#primaryimage\"},\"image\":{\"@id\":\"https:\\\/\\\/msc-werlte.de\\\/index.php\\\/mit-volldampf-in-den-april-gestartet\\\/#primaryimage\"},\"thumbnailUrl\":\"https:\\\/\\\/msc-werlte.de\\\/wp-content\\\/uploads\\\/2024\\\/06\\\/IMG_3729.jpg\",\"datePublished\":\"2025-04-09T17:12:52+00:00\",\"breadcrumb\":{\"@id\":\"https:\\\/\\\/msc-werlte.de\\\/index.php\\\/mit-volldampf-in-den-april-gestartet\\\/#breadcrumb\"},\"inLanguage\":\"de\",\"potentialAction\":[{\"@type\":\"ReadAction\",\"target\":[\"https:\\\/\\\/msc-werlte.de\\\/index.php\\\/mit-volldampf-in-den-april-gestartet\\\/\"]}]},{\"@type\":\"ImageObject\",\"inLanguage\":\"de\",\"@id\":\"https:\\\/\\\/msc-werlte.de\\\/index.php\\\/mit-volldampf-in-den-april-gestartet\\\/#primaryimage\",\"url\":\"https:\\\/\\\/msc-werlte.de\\\/wp-content\\\/uploads\\\/2024\\\/06\\\/IMG_3729.jpg\",\"contentUrl\":\"https:\\\/\\\/msc-werlte.de\\\/wp-content\\\/uploads\\\/2024\\\/06\\\/IMG_3729.jpg\",\"width\":1280,\"height\":960},{\"@type\":\"BreadcrumbList\",\"@id\":\"https:\\\/\\\/msc-werlte.de\\\/index.php\\\/mit-volldampf-in-den-april-gestartet\\\/#breadcrumb\",\"itemListElement\":[{\"@type\":\"ListItem\",\"position\":1,\"name\":\"Startseite\",\"item\":\"https:\\\/\\\/msc-werlte.de\\\/\"},{\"@type\":\"ListItem\",\"position\":2,\"name\":\"Mit Volldampf in den April gestartet\"}]},{\"@type\":\"WebSite\",\"@id\":\"https:\\\/\\\/msc-werlte.de\\\/#website\",\"url\":\"https:\\\/\\\/msc-werlte.de\\\/\",\"name\":\"MSC H\u00fcmmling Werlte\",\"description\":\"\",\"publisher\":{\"@id\":\"https:\\\/\\\/msc-werlte.de\\\/#organization\"},\"potentialAction\":[{\"@type\":\"SearchAction\",\"target\":{\"@type\":\"EntryPoint\",\"urlTemplate\":\"https:\\\/\\\/msc-werlte.de\\\/?s={search_term_string}\"},\"query-input\":{\"@type\":\"PropertyValueSpecification\",\"valueRequired\":true,\"valueName\":\"search_term_string\"}}],\"inLanguage\":\"de\"},{\"@type\":\"Organization\",\"@id\":\"https:\\\/\\\/msc-werlte.de\\\/#organization\",\"name\":\"MSC H\u00fcmmling Werlte\",\"url\":\"https:\\\/\\\/msc-werlte.de\\\/\",\"logo\":{\"@type\":\"ImageObject\",\"inLanguage\":\"de\",\"@id\":\"https:\\\/\\\/msc-werlte.de\\\/#\\\/schema\\\/logo\\\/image\\\/\",\"url\":\"https:\\\/\\\/msc-werlte.de\\\/wp-content\\\/uploads\\\/2022\\\/10\\\/MSC-Werlte_329px_Final.png\",\"contentUrl\":\"https:\\\/\\\/msc-werlte.de\\\/wp-content\\\/uploads\\\/2022\\\/10\\\/MSC-Werlte_329px_Final.png\",\"width\":329,\"height\":329,\"caption\":\"MSC H\u00fcmmling Werlte\"},\"image\":{\"@id\":\"https:\\\/\\\/msc-werlte.de\\\/#\\\/schema\\\/logo\\\/image\\\/\"},\"sameAs\":[\"https:\\\/\\\/www.facebook.com\\\/MscHummlingWerlteEvImAdac\"]},{\"@type\":\"Person\",\"@id\":\"https:\\\/\\\/msc-werlte.de\\\/#\\\/schema\\\/person\\\/2ca3dce1bd60dd976921168be8f7fd27\",\"name\":\"Redaktion\",\"image\":{\"@type\":\"ImageObject\",\"inLanguage\":\"de\",\"@id\":\"https:\\\/\\\/secure.gravatar.com\\\/avatar\\\/f453567527ece4e31e66e3a5fdbfef099714fb17581b77051f95588feb6f55ab?s=96&d=mm&r=g\",\"url\":\"https:\\\/\\\/secure.gravatar.com\\\/avatar\\\/f453567527ece4e31e66e3a5fdbfef099714fb17581b77051f95588feb6f55ab?s=96&d=mm&r=g\",\"contentUrl\":\"https:\\\/\\\/secure.gravatar.com\\\/avatar\\\/f453567527ece4e31e66e3a5fdbfef099714fb17581b77051f95588feb6f55ab?s=96&d=mm&r=g\",\"caption\":\"Redaktion\"},\"url\":\"https:\\\/\\\/msc-werlte.de\\\/index.php\\\/author\\\/readaktion\\\/\"}]}<\/script>\n<!-- \/ Yoast SEO plugin. -->","yoast_head_json":{"title":"Mit Volldampf in den April gestartet - MSC H\u00fcmmling Werlte","robots":{"index":"index","follow":"follow","max-snippet":"max-snippet:-1","max-image-preview":"max-image-preview:large","max-video-preview":"max-video-preview:-1"},"canonical":"https:\/\/msc-werlte.de\/index.php\/mit-volldampf-in-den-april-gestartet\/","og_locale":"de_DE","og_type":"article","og_title":"Mit Volldampf in den April gestartet - MSC H\u00fcmmling Werlte","og_description":"Am Samstag, 5. April 2025 lud der MSC Werlte erneut zum beliebten Schnuppertraining auf sein Renngel\u00e4nde ein \u2013 und der Einladung folgten 27 begeisterte Kinder, die ihre ersten Erfahrungen auf dem Motorrad sammeln wollten. &nbsp; Unterst\u00fctzt von den ausgebildeten Trainern des Vereins wagten sich die Nachwuchsfahrer auf die Strecke und konnten unter sicheren Bedingungen ein erstes Gef\u00fchl f\u00fcr den Motorsport [&hellip;]","og_url":"https:\/\/msc-werlte.de\/index.php\/mit-volldampf-in-den-april-gestartet\/","og_site_name":"MSC H\u00fcmmling Werlte","article_publisher":"https:\/\/www.facebook.com\/MscHummlingWerlteEvImAdac","article_published_time":"2025-04-09T17:12:52+00:00","og_image":[{"width":1280,"height":960,"url":"https:\/\/msc-werlte.de\/wp-content\/uploads\/2024\/06\/IMG_3729.jpg","type":"image\/jpeg"}],"author":"Redaktion","twitter_card":"summary_large_image","twitter_misc":{"Verfasst von":"Redaktion","Gesch\u00e4tzte Lesezeit":"2\u00a0Minuten"},"schema":{"@context":"https:\/\/schema.org","@graph":[{"@type":"Article","@id":"https:\/\/msc-werlte.de\/index.php\/mit-volldampf-in-den-april-gestartet\/#article","isPartOf":{"@id":"https:\/\/msc-werlte.de\/index.php\/mit-volldampf-in-den-april-gestartet\/"},"author":{"name":"Redaktion","@id":"https:\/\/msc-werlte.de\/#\/schema\/person\/2ca3dce1bd60dd976921168be8f7fd27"},"headline":"Mit Volldampf in den April gestartet","datePublished":"2025-04-09T17:12:52+00:00","mainEntityOfPage":{"@id":"https:\/\/msc-werlte.de\/index.php\/mit-volldampf-in-den-april-gestartet\/"},"wordCount":169,"publisher":{"@id":"https:\/\/msc-werlte.de\/#organization"},"image":{"@id":"https:\/\/msc-werlte.de\/index.php\/mit-volldampf-in-den-april-gestartet\/#primaryimage"},"thumbnailUrl":"https:\/\/msc-werlte.de\/wp-content\/uploads\/2024\/06\/IMG_3729.jpg","inLanguage":"de"},{"@type":"WebPage","@id":"https:\/\/msc-werlte.de\/index.php\/mit-volldampf-in-den-april-gestartet\/","url":"https:\/\/msc-werlte.de\/index.php\/mit-volldampf-in-den-april-gestartet\/","name":"Mit Volldampf in den April gestartet - MSC H\u00fcmmling Werlte","isPartOf":{"@id":"https:\/\/msc-werlte.de\/#website"},"primaryImageOfPage":{"@id":"https:\/\/msc-werlte.de\/index.php\/mit-volldampf-in-den-april-gestartet\/#primaryimage"},"image":{"@id":"https:\/\/msc-werlte.de\/index.php\/mit-volldampf-in-den-april-gestartet\/#primaryimage"},"thumbnailUrl":"https:\/\/msc-werlte.de\/wp-content\/uploads\/2024\/06\/IMG_3729.jpg","datePublished":"2025-04-09T17:12:52+00:00","breadcrumb":{"@id":"https:\/\/msc-werlte.de\/index.php\/mit-volldampf-in-den-april-gestartet\/#breadcrumb"},"inLanguage":"de","potentialAction":[{"@type":"ReadAction","target":["https:\/\/msc-werlte.de\/index.php\/mit-volldampf-in-den-april-gestartet\/"]}]},{"@type":"ImageObject","inLanguage":"de","@id":"https:\/\/msc-werlte.de\/index.php\/mit-volldampf-in-den-april-gestartet\/#primaryimage","url":"https:\/\/msc-werlte.de\/wp-content\/uploads\/2024\/06\/IMG_3729.jpg","contentUrl":"https:\/\/msc-werlte.de\/wp-content\/uploads\/2024\/06\/IMG_3729.jpg","width":1280,"height":960},{"@type":"BreadcrumbList","@id":"https:\/\/msc-werlte.de\/index.php\/mit-volldampf-in-den-april-gestartet\/#breadcrumb","itemListElement":[{"@type":"ListItem","position":1,"name":"Startseite","item":"https:\/\/msc-werlte.de\/"},{"@type":"ListItem","position":2,"name":"Mit Volldampf in den April gestartet"}]},{"@type":"WebSite","@id":"https:\/\/msc-werlte.de\/#website","url":"https:\/\/msc-werlte.de\/","name":"MSC H\u00fcmmling Werlte","description":"","publisher":{"@id":"https:\/\/msc-werlte.de\/#organization"},"potentialAction":[{"@type":"SearchAction","target":{"@type":"EntryPoint","urlTemplate":"https:\/\/msc-werlte.de\/?s={search_term_string}"},"query-input":{"@type":"PropertyValueSpecification","valueRequired":true,"valueName":"search_term_string"}}],"inLanguage":"de"},{"@type":"Organization","@id":"https:\/\/msc-werlte.de\/#organization","name":"MSC H\u00fcmmling Werlte","url":"https:\/\/msc-werlte.de\/","logo":{"@type":"ImageObject","inLanguage":"de","@id":"https:\/\/msc-werlte.de\/#\/schema\/logo\/image\/","url":"https:\/\/msc-werlte.de\/wp-content\/uploads\/2022\/10\/MSC-Werlte_329px_Final.png","contentUrl":"https:\/\/msc-werlte.de\/wp-content\/uploads\/2022\/10\/MSC-Werlte_329px_Final.png","width":329,"height":329,"caption":"MSC H\u00fcmmling Werlte"},"image":{"@id":"https:\/\/msc-werlte.de\/#\/schema\/logo\/image\/"},"sameAs":["https:\/\/www.facebook.com\/MscHummlingWerlteEvImAdac"]},{"@type":"Person","@id":"https:\/\/msc-werlte.de\/#\/schema\/person\/2ca3dce1bd60dd976921168be8f7fd27","name":"Redaktion","image":{"@type":"ImageObject","inLanguage":"de","@id":"https:\/\/secure.gravatar.com\/avatar\/f453567527ece4e31e66e3a5fdbfef099714fb17581b77051f95588feb6f55ab?s=96&d=mm&r=g","url":"https:\/\/secure.gravatar.com\/avatar\/f453567527ece4e31e66e3a5fdbfef099714fb17581b77051f95588feb6f55ab?s=96&d=mm&r=g","contentUrl":"https:\/\/secure.gravatar.com\/avatar\/f453567527ece4e31e66e3a5fdbfef099714fb17581b77051f95588feb6f55ab?s=96&d=mm&r=g","caption":"Redaktion"},"url":"https:\/\/msc-werlte.de\/index.php\/author\/readaktion\/"}]}},"_links":{"self":[{"href":"https:\/\/msc-werlte.de\/index.php\/wp-json\/wp\/v2\/posts\/1234","targetHints":{"allow":["GET"]}}],"collection":[{"href":"https:\/\/msc-werlte.de\/index.php\/wp-json\/wp\/v2\/posts"}],"about":[{"href":"https:\/\/msc-werlte.de\/index.php\/wp-json\/wp\/v2\/types\/post"}],"author":[{"embeddable":true,"href":"https:\/\/msc-werlte.de\/index.php\/wp-json\/wp\/v2\/users\/2"}],"replies":[{"embeddable":true,"href":"https:\/\/msc-werlte.de\/index.php\/wp-json\/wp\/v2\/comments?post=1234"}],"version-history":[{"count":1,"href":"https:\/\/msc-werlte.de\/index.php\/wp-json\/wp\/v2\/posts\/1234\/revisions"}],"predecessor-version":[{"id":1235,"href":"https:\/\/msc-werlte.de\/index.php\/wp-json\/wp\/v2\/posts\/1234\/revisions\/1235"}],"wp:featuredmedia":[{"embeddable":true,"href":"https:\/\/msc-werlte.de\/index.php\/wp-json\/wp\/v2\/media\/749"}],"wp:attachment":[{"href":"https:\/\/msc-werlte.de\/index.php\/wp-json\/wp\/v2\/media?parent=1234"}],"wp:term":[{"taxonomy":"category","embeddable":true,"href":"https:\/\/msc-werlte.de\/index.php\/wp-json\/wp\/v2\/categories?post=1234"},{"taxonomy":"post_tag","embeddable":true,"href":"https:\/\/msc-werlte.de\/index.php\/wp-json\/wp\/v2\/tags?post=1234"}],"curies":[{"name":"wp","href":"https:\/\/api.w.org\/{rel}","templated":true}]}}