{"id":1062,"date":"2025-02-20T17:33:52","date_gmt":"2025-02-20T16:33:52","guid":{"rendered":"https:\/\/msc-werlte.de\/?p=1062"},"modified":"2025-02-20T18:39:33","modified_gmt":"2025-02-20T17:39:33","slug":"sportler-ehrung-des-landkreises-emsland","status":"publish","type":"post","link":"https:\/\/msc-werlte.de\/index.php\/sportler-ehrung-des-landkreises-emsland\/","title":{"rendered":"Sportler-Ehrung des Landkreises Emsland"},"content":{"rendered":"<p><img loading=\"lazy\" decoding=\"async\" class=\"aligncenter wp-image-1063 \" src=\"https:\/\/msc-werlte.de\/wp-content\/uploads\/2025\/02\/bild-sportlererhrung.jpg\" alt=\"\" width=\"403\" height=\"227\" srcset=\"https:\/\/msc-werlte.de\/wp-content\/uploads\/2025\/02\/bild-sportlererhrung.jpg 1200w, https:\/\/msc-werlte.de\/wp-content\/uploads\/2025\/02\/bild-sportlererhrung-300x169.jpg 300w, https:\/\/msc-werlte.de\/wp-content\/uploads\/2025\/02\/bild-sportlererhrung-1024x576.jpg 1024w, https:\/\/msc-werlte.de\/wp-content\/uploads\/2025\/02\/bild-sportlererhrung-768x432.jpg 768w\" sizes=\"auto, (max-width: 403px) 100vw, 403px\" \/><\/p>\n<p><strong>Sportler-Ehrung des Landkreises Emsland &#8211; MSC Werlte erfolgreich vertreten<\/strong><\/p>\n<p>&nbsp;<\/p>\n<p>Am gestrigen Donnerstagabend fand die Sportler-Ehrung des Landkreises Emsland statt. Zahlreiche erfolgreiche Sportlerinnen und Sportler wurden f\u00fcr ihre herausragenden Leistungen ausgezeichnet und f\u00fcr ihren Einsatz im vergangenen Jahr gew\u00fcrdigt.<\/p>\n<p>&nbsp;<\/p>\n<p>Auch der MSC Werlte war bei der feierlichen Veranstaltung vertreten. Die Clubfahrer Nico Will, Fabian und Timo Wachs sowie Louis und Lenja Tebbe folgten der Einladung und wurden f\u00fcr ihre Erfolge im Bahnsport geehrt. Ebenso wurde unser Freund J\u00f6rg Tebbe und Tom Knese vom MSC Dohren an diesem Abend f\u00fcr ihre Erfolge geehrt. Ihre Leistungen auf nationaler und internationaler Ebene haben einmal mehr gezeigt, dass der MSC Werlte eine feste Gr\u00f6\u00dfe im Motorsport ist. Herzlichen Gl\u00fcckwunsch an dieser Stelle!!<\/p>\n<p>&nbsp;<\/p>\n<p>Der Verein ist stolz auf seine Athleten und gratuliert ihnen herzlich zu dieser verdienten Anerkennung. Gleichzeitig blicken alle voller Zuversicht auf die bevorstehende Saison, die in knapp zwei Wochen beim MSC Werlte mit dem ADAC Weser Ems Bahnsport Nachwuchs Cup beginnt.<\/p>\n<p>Der MSC Werlte bedankt sich beim Landkreis Emsland und dem KSB f\u00fcr die Unterst\u00fctzung und die Austragung einer w\u00fcrdigen Veranstaltung.<\/p>\n<p>Unseren Fahrern w\u00fcnschen wir eine erfolgreiche und unfallfreie Rennsaison sowie weiterhin sportliche H\u00f6chstleistungen.<\/p>\n<p>&nbsp;<\/p>\n<p>&nbsp;<\/p>\n<p>Bericht und Bilder vom Landkreis Emsland und KSB findet ihr hier:<\/p>\n<p><a title=\"Bildergalerie Sportlerehrung\" href=\"https:\/\/www.sporthilfe-emsland.de\/service\/bildergalerie\" target=\"_blank\" rel=\"noopener\">https:\/\/www.sporthilfe-emsland.de\/service\/bildergalerie<\/a><\/p>\n<p><a title=\"Bericht Sportlererhrung\" href=\"https:\/\/www.ksb-emsland.de\/aktuelles\/detail\/sportlerehrung-des-landkreises-emsland\" target=\"_blank\" rel=\"noopener\">https:\/\/www.ksb-emsland.de\/aktuelles\/detail\/sportlerehrung-des-landkreises-emsland<\/a><\/p>\n<div class=\"shariff\" data-services=\"facebook\" data-url=\"https:\/\/msc-werlte.de\/index.php\/sportler-ehrung-des-landkreises-emsland\/\" data-timestamp=\"1740076773\" data-backendurl=\"https:\/\/msc-werlte.de\/wp-json\/shariff\/v1\/share_counts?\"><ul class=\"shariff-buttons theme-default orientation-horizontal buttonsize-medium\"><li class=\"shariff-button facebook shariff-nocustomcolor\" style=\"background-color:#4273c8\"><a href=\"https:\/\/www.facebook.com\/sharer\/sharer.php?u=https%3A%2F%2Fmsc-werlte.de%2Findex.php%2Fsportler-ehrung-des-landkreises-emsland%2F\" title=\"Bei Facebook teilen\" aria-label=\"Bei Facebook teilen\" role=\"button\" rel=\"nofollow\" class=\"shariff-link\" style=\"; background-color:#3b5998; color:#fff\" target=\"_blank\"><span class=\"shariff-icon\" style=\"\"><svg width=\"32px\" height=\"20px\" xmlns=\"http:\/\/www.w3.org\/2000\/svg\" viewBox=\"0 0 18 32\"><path fill=\"#3b5998\" d=\"M17.1 0.2v4.7h-2.8q-1.5 0-2.1 0.6t-0.5 1.9v3.4h5.2l-0.7 5.3h-4.5v13.6h-5.5v-13.6h-4.5v-5.3h4.5v-3.9q0-3.3 1.9-5.2t5-1.8q2.6 0 4.1 0.2z\"\/><\/svg><\/span><span class=\"shariff-text\">teilen<\/span>&nbsp;<span data-service=\"facebook\" style=\"color:#3b5998\" class=\"shariff-count shariff-hidezero\"><\/span>&nbsp;<\/a><\/li><\/ul><\/div>","protected":false},"excerpt":{"rendered":"<p>Sportler-Ehrung des Landkreises Emsland &#8211; MSC Werlte erfolgreich vertreten &nbsp; Am gestrigen Donnerstagabend fand die Sportler-Ehrung des Landkreises Emsland statt. Zahlreiche erfolgreiche Sportlerinnen und Sportler wurden f\u00fcr ihre herausragenden Leistungen ausgezeichnet und f\u00fcr ihren Einsatz im vergangenen Jahr gew\u00fcrdigt. &nbsp; Auch der MSC Werlte war bei der feierlichen Veranstaltung vertreten. Die Clubfahrer Nico Will, Fabian und Timo Wachs sowie Louis [&hellip;]<\/p>\n","protected":false},"author":2,"featured_media":1063,"comment_status":"closed","ping_status":"open","sticky":false,"template":"","format":"standard","meta":{"footnotes":""},"categories":[1],"tags":[],"class_list":["post-1062","post","type-post","status-publish","format-standard","has-post-thumbnail","hentry","category-allgemein"],"yoast_head":"<!-- This site is optimized with the Yoast SEO plugin v27.5 - https:\/\/yoast.com\/product\/yoast-seo-wordpress\/ -->\n<title>Sportler-Ehrung des Landkreises Emsland - MSC H\u00fcmmling Werlte<\/title>\n<meta name=\"robots\" content=\"index, follow, max-snippet:-1, max-image-preview:large, max-video-preview:-1\" \/>\n<link rel=\"canonical\" href=\"https:\/\/msc-werlte.de\/index.php\/sportler-ehrung-des-landkreises-emsland\/\" \/>\n<meta property=\"og:locale\" content=\"de_DE\" \/>\n<meta property=\"og:type\" content=\"article\" \/>\n<meta property=\"og:title\" content=\"Sportler-Ehrung des Landkreises Emsland - MSC H\u00fcmmling Werlte\" \/>\n<meta property=\"og:description\" content=\"Sportler-Ehrung des Landkreises Emsland &#8211; MSC Werlte erfolgreich vertreten &nbsp; Am gestrigen Donnerstagabend fand die Sportler-Ehrung des Landkreises Emsland statt. Zahlreiche erfolgreiche Sportlerinnen und Sportler wurden f\u00fcr ihre herausragenden Leistungen ausgezeichnet und f\u00fcr ihren Einsatz im vergangenen Jahr gew\u00fcrdigt. &nbsp; Auch der MSC Werlte war bei der feierlichen Veranstaltung vertreten. Die Clubfahrer Nico Will, Fabian und Timo Wachs sowie Louis [&hellip;]\" \/>\n<meta property=\"og:url\" content=\"https:\/\/msc-werlte.de\/index.php\/sportler-ehrung-des-landkreises-emsland\/\" \/>\n<meta property=\"og:site_name\" content=\"MSC H\u00fcmmling Werlte\" \/>\n<meta property=\"article:publisher\" content=\"https:\/\/www.facebook.com\/MscHummlingWerlteEvImAdac\" \/>\n<meta property=\"article:published_time\" content=\"2025-02-20T16:33:52+00:00\" \/>\n<meta property=\"article:modified_time\" content=\"2025-02-20T17:39:33+00:00\" \/>\n<meta property=\"og:image\" content=\"https:\/\/msc-werlte.de\/wp-content\/uploads\/2025\/02\/bild-sportlererhrung.jpg\" \/>\n\t<meta property=\"og:image:width\" content=\"1200\" \/>\n\t<meta property=\"og:image:height\" content=\"675\" \/>\n\t<meta property=\"og:image:type\" content=\"image\/jpeg\" \/>\n<meta name=\"author\" content=\"Redaktion\" \/>\n<meta name=\"twitter:card\" content=\"summary_large_image\" \/>\n<meta name=\"twitter:label1\" content=\"Verfasst von\" \/>\n\t<meta name=\"twitter:data1\" content=\"Redaktion\" \/>\n\t<meta name=\"twitter:label2\" content=\"Gesch\u00e4tzte Lesezeit\" \/>\n\t<meta name=\"twitter:data2\" content=\"2\u00a0Minuten\" \/>\n<script type=\"application\/ld+json\" class=\"yoast-schema-graph\">{\"@context\":\"https:\\\/\\\/schema.org\",\"@graph\":[{\"@type\":\"Article\",\"@id\":\"https:\\\/\\\/msc-werlte.de\\\/index.php\\\/sportler-ehrung-des-landkreises-emsland\\\/#article\",\"isPartOf\":{\"@id\":\"https:\\\/\\\/msc-werlte.de\\\/index.php\\\/sportler-ehrung-des-landkreises-emsland\\\/\"},\"author\":{\"name\":\"Redaktion\",\"@id\":\"https:\\\/\\\/msc-werlte.de\\\/#\\\/schema\\\/person\\\/2ca3dce1bd60dd976921168be8f7fd27\"},\"headline\":\"Sportler-Ehrung des Landkreises Emsland\",\"datePublished\":\"2025-02-20T16:33:52+00:00\",\"dateModified\":\"2025-02-20T17:39:33+00:00\",\"mainEntityOfPage\":{\"@id\":\"https:\\\/\\\/msc-werlte.de\\\/index.php\\\/sportler-ehrung-des-landkreises-emsland\\\/\"},\"wordCount\":237,\"publisher\":{\"@id\":\"https:\\\/\\\/msc-werlte.de\\\/#organization\"},\"image\":{\"@id\":\"https:\\\/\\\/msc-werlte.de\\\/index.php\\\/sportler-ehrung-des-landkreises-emsland\\\/#primaryimage\"},\"thumbnailUrl\":\"https:\\\/\\\/msc-werlte.de\\\/wp-content\\\/uploads\\\/2025\\\/02\\\/bild-sportlererhrung.jpg\",\"inLanguage\":\"de\"},{\"@type\":\"WebPage\",\"@id\":\"https:\\\/\\\/msc-werlte.de\\\/index.php\\\/sportler-ehrung-des-landkreises-emsland\\\/\",\"url\":\"https:\\\/\\\/msc-werlte.de\\\/index.php\\\/sportler-ehrung-des-landkreises-emsland\\\/\",\"name\":\"Sportler-Ehrung des Landkreises Emsland - MSC H\u00fcmmling Werlte\",\"isPartOf\":{\"@id\":\"https:\\\/\\\/msc-werlte.de\\\/#website\"},\"primaryImageOfPage\":{\"@id\":\"https:\\\/\\\/msc-werlte.de\\\/index.php\\\/sportler-ehrung-des-landkreises-emsland\\\/#primaryimage\"},\"image\":{\"@id\":\"https:\\\/\\\/msc-werlte.de\\\/index.php\\\/sportler-ehrung-des-landkreises-emsland\\\/#primaryimage\"},\"thumbnailUrl\":\"https:\\\/\\\/msc-werlte.de\\\/wp-content\\\/uploads\\\/2025\\\/02\\\/bild-sportlererhrung.jpg\",\"datePublished\":\"2025-02-20T16:33:52+00:00\",\"dateModified\":\"2025-02-20T17:39:33+00:00\",\"breadcrumb\":{\"@id\":\"https:\\\/\\\/msc-werlte.de\\\/index.php\\\/sportler-ehrung-des-landkreises-emsland\\\/#breadcrumb\"},\"inLanguage\":\"de\",\"potentialAction\":[{\"@type\":\"ReadAction\",\"target\":[\"https:\\\/\\\/msc-werlte.de\\\/index.php\\\/sportler-ehrung-des-landkreises-emsland\\\/\"]}]},{\"@type\":\"ImageObject\",\"inLanguage\":\"de\",\"@id\":\"https:\\\/\\\/msc-werlte.de\\\/index.php\\\/sportler-ehrung-des-landkreises-emsland\\\/#primaryimage\",\"url\":\"https:\\\/\\\/msc-werlte.de\\\/wp-content\\\/uploads\\\/2025\\\/02\\\/bild-sportlererhrung.jpg\",\"contentUrl\":\"https:\\\/\\\/msc-werlte.de\\\/wp-content\\\/uploads\\\/2025\\\/02\\\/bild-sportlererhrung.jpg\",\"width\":1200,\"height\":675},{\"@type\":\"BreadcrumbList\",\"@id\":\"https:\\\/\\\/msc-werlte.de\\\/index.php\\\/sportler-ehrung-des-landkreises-emsland\\\/#breadcrumb\",\"itemListElement\":[{\"@type\":\"ListItem\",\"position\":1,\"name\":\"Startseite\",\"item\":\"https:\\\/\\\/msc-werlte.de\\\/\"},{\"@type\":\"ListItem\",\"position\":2,\"name\":\"Sportler-Ehrung des Landkreises Emsland\"}]},{\"@type\":\"WebSite\",\"@id\":\"https:\\\/\\\/msc-werlte.de\\\/#website\",\"url\":\"https:\\\/\\\/msc-werlte.de\\\/\",\"name\":\"MSC H\u00fcmmling Werlte\",\"description\":\"\",\"publisher\":{\"@id\":\"https:\\\/\\\/msc-werlte.de\\\/#organization\"},\"potentialAction\":[{\"@type\":\"SearchAction\",\"target\":{\"@type\":\"EntryPoint\",\"urlTemplate\":\"https:\\\/\\\/msc-werlte.de\\\/?s={search_term_string}\"},\"query-input\":{\"@type\":\"PropertyValueSpecification\",\"valueRequired\":true,\"valueName\":\"search_term_string\"}}],\"inLanguage\":\"de\"},{\"@type\":\"Organization\",\"@id\":\"https:\\\/\\\/msc-werlte.de\\\/#organization\",\"name\":\"MSC H\u00fcmmling Werlte\",\"url\":\"https:\\\/\\\/msc-werlte.de\\\/\",\"logo\":{\"@type\":\"ImageObject\",\"inLanguage\":\"de\",\"@id\":\"https:\\\/\\\/msc-werlte.de\\\/#\\\/schema\\\/logo\\\/image\\\/\",\"url\":\"https:\\\/\\\/msc-werlte.de\\\/wp-content\\\/uploads\\\/2022\\\/10\\\/MSC-Werlte_329px_Final.png\",\"contentUrl\":\"https:\\\/\\\/msc-werlte.de\\\/wp-content\\\/uploads\\\/2022\\\/10\\\/MSC-Werlte_329px_Final.png\",\"width\":329,\"height\":329,\"caption\":\"MSC H\u00fcmmling Werlte\"},\"image\":{\"@id\":\"https:\\\/\\\/msc-werlte.de\\\/#\\\/schema\\\/logo\\\/image\\\/\"},\"sameAs\":[\"https:\\\/\\\/www.facebook.com\\\/MscHummlingWerlteEvImAdac\"]},{\"@type\":\"Person\",\"@id\":\"https:\\\/\\\/msc-werlte.de\\\/#\\\/schema\\\/person\\\/2ca3dce1bd60dd976921168be8f7fd27\",\"name\":\"Redaktion\",\"image\":{\"@type\":\"ImageObject\",\"inLanguage\":\"de\",\"@id\":\"https:\\\/\\\/secure.gravatar.com\\\/avatar\\\/f453567527ece4e31e66e3a5fdbfef099714fb17581b77051f95588feb6f55ab?s=96&d=mm&r=g\",\"url\":\"https:\\\/\\\/secure.gravatar.com\\\/avatar\\\/f453567527ece4e31e66e3a5fdbfef099714fb17581b77051f95588feb6f55ab?s=96&d=mm&r=g\",\"contentUrl\":\"https:\\\/\\\/secure.gravatar.com\\\/avatar\\\/f453567527ece4e31e66e3a5fdbfef099714fb17581b77051f95588feb6f55ab?s=96&d=mm&r=g\",\"caption\":\"Redaktion\"},\"url\":\"https:\\\/\\\/msc-werlte.de\\\/index.php\\\/author\\\/readaktion\\\/\"}]}<\/script>\n<!-- \/ Yoast SEO plugin. -->","yoast_head_json":{"title":"Sportler-Ehrung des Landkreises Emsland - MSC H\u00fcmmling Werlte","robots":{"index":"index","follow":"follow","max-snippet":"max-snippet:-1","max-image-preview":"max-image-preview:large","max-video-preview":"max-video-preview:-1"},"canonical":"https:\/\/msc-werlte.de\/index.php\/sportler-ehrung-des-landkreises-emsland\/","og_locale":"de_DE","og_type":"article","og_title":"Sportler-Ehrung des Landkreises Emsland - MSC H\u00fcmmling Werlte","og_description":"Sportler-Ehrung des Landkreises Emsland &#8211; MSC Werlte erfolgreich vertreten &nbsp; Am gestrigen Donnerstagabend fand die Sportler-Ehrung des Landkreises Emsland statt. Zahlreiche erfolgreiche Sportlerinnen und Sportler wurden f\u00fcr ihre herausragenden Leistungen ausgezeichnet und f\u00fcr ihren Einsatz im vergangenen Jahr gew\u00fcrdigt. &nbsp; Auch der MSC Werlte war bei der feierlichen Veranstaltung vertreten. Die Clubfahrer Nico Will, Fabian und Timo Wachs sowie Louis [&hellip;]","og_url":"https:\/\/msc-werlte.de\/index.php\/sportler-ehrung-des-landkreises-emsland\/","og_site_name":"MSC H\u00fcmmling Werlte","article_publisher":"https:\/\/www.facebook.com\/MscHummlingWerlteEvImAdac","article_published_time":"2025-02-20T16:33:52+00:00","article_modified_time":"2025-02-20T17:39:33+00:00","og_image":[{"width":1200,"height":675,"url":"https:\/\/msc-werlte.de\/wp-content\/uploads\/2025\/02\/bild-sportlererhrung.jpg","type":"image\/jpeg"}],"author":"Redaktion","twitter_card":"summary_large_image","twitter_misc":{"Verfasst von":"Redaktion","Gesch\u00e4tzte Lesezeit":"2\u00a0Minuten"},"schema":{"@context":"https:\/\/schema.org","@graph":[{"@type":"Article","@id":"https:\/\/msc-werlte.de\/index.php\/sportler-ehrung-des-landkreises-emsland\/#article","isPartOf":{"@id":"https:\/\/msc-werlte.de\/index.php\/sportler-ehrung-des-landkreises-emsland\/"},"author":{"name":"Redaktion","@id":"https:\/\/msc-werlte.de\/#\/schema\/person\/2ca3dce1bd60dd976921168be8f7fd27"},"headline":"Sportler-Ehrung des Landkreises Emsland","datePublished":"2025-02-20T16:33:52+00:00","dateModified":"2025-02-20T17:39:33+00:00","mainEntityOfPage":{"@id":"https:\/\/msc-werlte.de\/index.php\/sportler-ehrung-des-landkreises-emsland\/"},"wordCount":237,"publisher":{"@id":"https:\/\/msc-werlte.de\/#organization"},"image":{"@id":"https:\/\/msc-werlte.de\/index.php\/sportler-ehrung-des-landkreises-emsland\/#primaryimage"},"thumbnailUrl":"https:\/\/msc-werlte.de\/wp-content\/uploads\/2025\/02\/bild-sportlererhrung.jpg","inLanguage":"de"},{"@type":"WebPage","@id":"https:\/\/msc-werlte.de\/index.php\/sportler-ehrung-des-landkreises-emsland\/","url":"https:\/\/msc-werlte.de\/index.php\/sportler-ehrung-des-landkreises-emsland\/","name":"Sportler-Ehrung des Landkreises Emsland - MSC H\u00fcmmling Werlte","isPartOf":{"@id":"https:\/\/msc-werlte.de\/#website"},"primaryImageOfPage":{"@id":"https:\/\/msc-werlte.de\/index.php\/sportler-ehrung-des-landkreises-emsland\/#primaryimage"},"image":{"@id":"https:\/\/msc-werlte.de\/index.php\/sportler-ehrung-des-landkreises-emsland\/#primaryimage"},"thumbnailUrl":"https:\/\/msc-werlte.de\/wp-content\/uploads\/2025\/02\/bild-sportlererhrung.jpg","datePublished":"2025-02-20T16:33:52+00:00","dateModified":"2025-02-20T17:39:33+00:00","breadcrumb":{"@id":"https:\/\/msc-werlte.de\/index.php\/sportler-ehrung-des-landkreises-emsland\/#breadcrumb"},"inLanguage":"de","potentialAction":[{"@type":"ReadAction","target":["https:\/\/msc-werlte.de\/index.php\/sportler-ehrung-des-landkreises-emsland\/"]}]},{"@type":"ImageObject","inLanguage":"de","@id":"https:\/\/msc-werlte.de\/index.php\/sportler-ehrung-des-landkreises-emsland\/#primaryimage","url":"https:\/\/msc-werlte.de\/wp-content\/uploads\/2025\/02\/bild-sportlererhrung.jpg","contentUrl":"https:\/\/msc-werlte.de\/wp-content\/uploads\/2025\/02\/bild-sportlererhrung.jpg","width":1200,"height":675},{"@type":"BreadcrumbList","@id":"https:\/\/msc-werlte.de\/index.php\/sportler-ehrung-des-landkreises-emsland\/#breadcrumb","itemListElement":[{"@type":"ListItem","position":1,"name":"Startseite","item":"https:\/\/msc-werlte.de\/"},{"@type":"ListItem","position":2,"name":"Sportler-Ehrung des Landkreises Emsland"}]},{"@type":"WebSite","@id":"https:\/\/msc-werlte.de\/#website","url":"https:\/\/msc-werlte.de\/","name":"MSC H\u00fcmmling Werlte","description":"","publisher":{"@id":"https:\/\/msc-werlte.de\/#organization"},"potentialAction":[{"@type":"SearchAction","target":{"@type":"EntryPoint","urlTemplate":"https:\/\/msc-werlte.de\/?s={search_term_string}"},"query-input":{"@type":"PropertyValueSpecification","valueRequired":true,"valueName":"search_term_string"}}],"inLanguage":"de"},{"@type":"Organization","@id":"https:\/\/msc-werlte.de\/#organization","name":"MSC H\u00fcmmling Werlte","url":"https:\/\/msc-werlte.de\/","logo":{"@type":"ImageObject","inLanguage":"de","@id":"https:\/\/msc-werlte.de\/#\/schema\/logo\/image\/","url":"https:\/\/msc-werlte.de\/wp-content\/uploads\/2022\/10\/MSC-Werlte_329px_Final.png","contentUrl":"https:\/\/msc-werlte.de\/wp-content\/uploads\/2022\/10\/MSC-Werlte_329px_Final.png","width":329,"height":329,"caption":"MSC H\u00fcmmling Werlte"},"image":{"@id":"https:\/\/msc-werlte.de\/#\/schema\/logo\/image\/"},"sameAs":["https:\/\/www.facebook.com\/MscHummlingWerlteEvImAdac"]},{"@type":"Person","@id":"https:\/\/msc-werlte.de\/#\/schema\/person\/2ca3dce1bd60dd976921168be8f7fd27","name":"Redaktion","image":{"@type":"ImageObject","inLanguage":"de","@id":"https:\/\/secure.gravatar.com\/avatar\/f453567527ece4e31e66e3a5fdbfef099714fb17581b77051f95588feb6f55ab?s=96&d=mm&r=g","url":"https:\/\/secure.gravatar.com\/avatar\/f453567527ece4e31e66e3a5fdbfef099714fb17581b77051f95588feb6f55ab?s=96&d=mm&r=g","contentUrl":"https:\/\/secure.gravatar.com\/avatar\/f453567527ece4e31e66e3a5fdbfef099714fb17581b77051f95588feb6f55ab?s=96&d=mm&r=g","caption":"Redaktion"},"url":"https:\/\/msc-werlte.de\/index.php\/author\/readaktion\/"}]}},"_links":{"self":[{"href":"https:\/\/msc-werlte.de\/index.php\/wp-json\/wp\/v2\/posts\/1062","targetHints":{"allow":["GET"]}}],"collection":[{"href":"https:\/\/msc-werlte.de\/index.php\/wp-json\/wp\/v2\/posts"}],"about":[{"href":"https:\/\/msc-werlte.de\/index.php\/wp-json\/wp\/v2\/types\/post"}],"author":[{"embeddable":true,"href":"https:\/\/msc-werlte.de\/index.php\/wp-json\/wp\/v2\/users\/2"}],"replies":[{"embeddable":true,"href":"https:\/\/msc-werlte.de\/index.php\/wp-json\/wp\/v2\/comments?post=1062"}],"version-history":[{"count":2,"href":"https:\/\/msc-werlte.de\/index.php\/wp-json\/wp\/v2\/posts\/1062\/revisions"}],"predecessor-version":[{"id":1065,"href":"https:\/\/msc-werlte.de\/index.php\/wp-json\/wp\/v2\/posts\/1062\/revisions\/1065"}],"wp:featuredmedia":[{"embeddable":true,"href":"https:\/\/msc-werlte.de\/index.php\/wp-json\/wp\/v2\/media\/1063"}],"wp:attachment":[{"href":"https:\/\/msc-werlte.de\/index.php\/wp-json\/wp\/v2\/media?parent=1062"}],"wp:term":[{"taxonomy":"category","embeddable":true,"href":"https:\/\/msc-werlte.de\/index.php\/wp-json\/wp\/v2\/categories?post=1062"},{"taxonomy":"post_tag","embeddable":true,"href":"https:\/\/msc-werlte.de\/index.php\/wp-json\/wp\/v2\/tags?post=1062"}],"curies":[{"name":"wp","href":"https:\/\/api.w.org\/{rel}","templated":true}]}}