{"id":1055,"date":"2025-02-05T17:28:51","date_gmt":"2025-02-05T16:28:51","guid":{"rendered":"https:\/\/msc-werlte.de\/?p=1055"},"modified":"2025-02-24T19:16:53","modified_gmt":"2025-02-24T18:16:53","slug":"adac-weser-ems-bahnsport-nachwuchs-cup-8-3-2025","status":"publish","type":"post","link":"https:\/\/msc-werlte.de\/index.php\/adac-weser-ems-bahnsport-nachwuchs-cup-8-3-2025\/","title":{"rendered":"ADAC Weser Ems Bahnsport Nachwuchs Cup, 8.3.2025"},"content":{"rendered":"<div>\n<p>Saisonauftakt im Bahnsport: Nachwuchsrennen beim MSC Werlte am 8. M\u00e4rz 2025<\/p>\n<p>&nbsp;<\/p>\n<p>In vier Wochen beginnt die neue Rennsaison \u00a0und der Startschuss f\u00e4llt mit einem echten Highlight f\u00fcr den Nachwuchs. Am 8. M\u00e4rz l\u00e4dt der MSC Werlte Fahrer und Fans auf seine Speedwaybahn zu einem spannenden Renntag, bei dem junge Talente ihr K\u00f6nnen unter Beweis stellen, ein.<\/p>\n<p>In den Juniorklassen A, PW50, B, C\/D, der U21 sowie der Top-500-Klasse k\u00e4mpfen die Nachwuchsfahrer um den Sieg und werden den Fans packenden Motorsport bieten. Besonders stolz ist der MSC Werlte darauf, mit seinen eigenen Clubfahrern an den Start zu gehen: Lian Will, Luca Dammeier, Nico Will, Louis und Lenja Tebbe werden vor heimischem Publikum antreten.<\/p>\n<p>F\u00fcr Zuschauer ist der Eintritt frei und der Verein hofft auf zahlreiche Unterst\u00fctzung von den R\u00e4ngen, um den jungen Motorsportlern eine gro\u00dfartige Kulisse zu bieten. Der Renntag beginnt gegen 11 Uhr mit dem Training, bevor es nach einer Mittagspause um 13.30 Uhr mit den Wertungsl\u00e4ufen richtig losgeht.<\/p>\n<p>Der MSC Werlte freut sich auf einen erfolgreichen Saisonstart und auf zahlreiche Besucher, die mit ihrer Begeisterung den Nachwuchs im Bahnsport unterst\u00fctzen!<\/p>\n<p>&nbsp;<\/p>\n<p>Ausschreibung f\u00fcr den ADAC Cup klicke hier:<\/p>\n<p><a title=\"ausschreibung adac cup 2025\" href=\"https:\/\/msc-werlte.de\/wp-content\/uploads\/2025\/02\/Ausschreibung_adac-cup-werlte-2025.pdf\">https:\/\/msc-werlte.de\/wp-content\/uploads\/2025\/02\/Ausschreibung_adac-cup-werlte-2025.pdf<\/a><\/p>\n<\/div>\n<div class=\"shariff\" data-services=\"facebook\" data-url=\"https:\/\/msc-werlte.de\/index.php\/adac-weser-ems-bahnsport-nachwuchs-cup-8-3-2025\/\" data-timestamp=\"1740424613\" data-backendurl=\"https:\/\/msc-werlte.de\/wp-json\/shariff\/v1\/share_counts?\"><ul class=\"shariff-buttons theme-default orientation-horizontal buttonsize-medium\"><li class=\"shariff-button facebook shariff-nocustomcolor\" style=\"background-color:#4273c8\"><a href=\"https:\/\/www.facebook.com\/sharer\/sharer.php?u=https%3A%2F%2Fmsc-werlte.de%2Findex.php%2Fadac-weser-ems-bahnsport-nachwuchs-cup-8-3-2025%2F\" title=\"Bei Facebook teilen\" aria-label=\"Bei Facebook teilen\" role=\"button\" rel=\"nofollow\" class=\"shariff-link\" style=\"; background-color:#3b5998; color:#fff\" target=\"_blank\"><span class=\"shariff-icon\" style=\"\"><svg width=\"32px\" height=\"20px\" xmlns=\"http:\/\/www.w3.org\/2000\/svg\" viewBox=\"0 0 18 32\"><path fill=\"#3b5998\" d=\"M17.1 0.2v4.7h-2.8q-1.5 0-2.1 0.6t-0.5 1.9v3.4h5.2l-0.7 5.3h-4.5v13.6h-5.5v-13.6h-4.5v-5.3h4.5v-3.9q0-3.3 1.9-5.2t5-1.8q2.6 0 4.1 0.2z\"\/><\/svg><\/span><span class=\"shariff-text\">teilen<\/span>&nbsp;<span data-service=\"facebook\" style=\"color:#3b5998\" class=\"shariff-count shariff-hidezero\"><\/span>&nbsp;<\/a><\/li><\/ul><\/div>","protected":false},"excerpt":{"rendered":"<p>Saisonauftakt im Bahnsport: Nachwuchsrennen beim MSC Werlte am 8. M\u00e4rz 2025 &nbsp; In vier Wochen beginnt die neue Rennsaison \u00a0und der Startschuss f\u00e4llt mit einem echten Highlight f\u00fcr den Nachwuchs. Am 8. M\u00e4rz l\u00e4dt der MSC Werlte Fahrer und Fans auf seine Speedwaybahn zu einem spannenden Renntag, bei dem junge Talente ihr K\u00f6nnen unter Beweis stellen, ein. In den Juniorklassen [&hellip;]<\/p>\n","protected":false},"author":2,"featured_media":1056,"comment_status":"closed","ping_status":"open","sticky":false,"template":"","format":"standard","meta":{"footnotes":""},"categories":[1],"tags":[],"class_list":["post-1055","post","type-post","status-publish","format-standard","has-post-thumbnail","hentry","category-allgemein"],"yoast_head":"<!-- This site is optimized with the Yoast SEO plugin v27.5 - https:\/\/yoast.com\/product\/yoast-seo-wordpress\/ -->\n<title>ADAC Weser Ems Bahnsport Nachwuchs Cup, 8.3.2025 - MSC H\u00fcmmling Werlte<\/title>\n<meta name=\"robots\" content=\"index, follow, max-snippet:-1, max-image-preview:large, max-video-preview:-1\" \/>\n<link rel=\"canonical\" href=\"https:\/\/msc-werlte.de\/index.php\/adac-weser-ems-bahnsport-nachwuchs-cup-8-3-2025\/\" \/>\n<meta property=\"og:locale\" content=\"de_DE\" \/>\n<meta property=\"og:type\" content=\"article\" \/>\n<meta property=\"og:title\" content=\"ADAC Weser Ems Bahnsport Nachwuchs Cup, 8.3.2025 - MSC H\u00fcmmling Werlte\" \/>\n<meta property=\"og:description\" content=\"Saisonauftakt im Bahnsport: Nachwuchsrennen beim MSC Werlte am 8. M\u00e4rz 2025 &nbsp; In vier Wochen beginnt die neue Rennsaison \u00a0und der Startschuss f\u00e4llt mit einem echten Highlight f\u00fcr den Nachwuchs. Am 8. M\u00e4rz l\u00e4dt der MSC Werlte Fahrer und Fans auf seine Speedwaybahn zu einem spannenden Renntag, bei dem junge Talente ihr K\u00f6nnen unter Beweis stellen, ein. In den Juniorklassen [&hellip;]\" \/>\n<meta property=\"og:url\" content=\"https:\/\/msc-werlte.de\/index.php\/adac-weser-ems-bahnsport-nachwuchs-cup-8-3-2025\/\" \/>\n<meta property=\"og:site_name\" content=\"MSC H\u00fcmmling Werlte\" \/>\n<meta property=\"article:publisher\" content=\"https:\/\/www.facebook.com\/MscHummlingWerlteEvImAdac\" \/>\n<meta property=\"article:published_time\" content=\"2025-02-05T16:28:51+00:00\" \/>\n<meta property=\"article:modified_time\" content=\"2025-02-24T18:16:53+00:00\" \/>\n<meta name=\"author\" content=\"Redaktion\" \/>\n<meta name=\"twitter:card\" content=\"summary_large_image\" \/>\n<meta name=\"twitter:label1\" content=\"Verfasst von\" \/>\n\t<meta name=\"twitter:data1\" content=\"Redaktion\" \/>\n\t<meta name=\"twitter:label2\" content=\"Gesch\u00e4tzte Lesezeit\" \/>\n\t<meta name=\"twitter:data2\" content=\"2\u00a0Minuten\" \/>\n<script type=\"application\/ld+json\" class=\"yoast-schema-graph\">{\"@context\":\"https:\\\/\\\/schema.org\",\"@graph\":[{\"@type\":\"Article\",\"@id\":\"https:\\\/\\\/msc-werlte.de\\\/index.php\\\/adac-weser-ems-bahnsport-nachwuchs-cup-8-3-2025\\\/#article\",\"isPartOf\":{\"@id\":\"https:\\\/\\\/msc-werlte.de\\\/index.php\\\/adac-weser-ems-bahnsport-nachwuchs-cup-8-3-2025\\\/\"},\"author\":{\"name\":\"Redaktion\",\"@id\":\"https:\\\/\\\/msc-werlte.de\\\/#\\\/schema\\\/person\\\/2ca3dce1bd60dd976921168be8f7fd27\"},\"headline\":\"ADAC Weser Ems Bahnsport Nachwuchs Cup, 8.3.2025\",\"datePublished\":\"2025-02-05T16:28:51+00:00\",\"dateModified\":\"2025-02-24T18:16:53+00:00\",\"mainEntityOfPage\":{\"@id\":\"https:\\\/\\\/msc-werlte.de\\\/index.php\\\/adac-weser-ems-bahnsport-nachwuchs-cup-8-3-2025\\\/\"},\"wordCount\":215,\"publisher\":{\"@id\":\"https:\\\/\\\/msc-werlte.de\\\/#organization\"},\"image\":{\"@id\":\"https:\\\/\\\/msc-werlte.de\\\/index.php\\\/adac-weser-ems-bahnsport-nachwuchs-cup-8-3-2025\\\/#primaryimage\"},\"thumbnailUrl\":\"https:\\\/\\\/msc-werlte.de\\\/wp-content\\\/uploads\\\/2025\\\/02\\\/adac-cup-Werlte_Plakat_2025_A3-3-1-pdf.jpg\",\"inLanguage\":\"de\"},{\"@type\":\"WebPage\",\"@id\":\"https:\\\/\\\/msc-werlte.de\\\/index.php\\\/adac-weser-ems-bahnsport-nachwuchs-cup-8-3-2025\\\/\",\"url\":\"https:\\\/\\\/msc-werlte.de\\\/index.php\\\/adac-weser-ems-bahnsport-nachwuchs-cup-8-3-2025\\\/\",\"name\":\"ADAC Weser Ems Bahnsport Nachwuchs Cup, 8.3.2025 - MSC H\u00fcmmling Werlte\",\"isPartOf\":{\"@id\":\"https:\\\/\\\/msc-werlte.de\\\/#website\"},\"primaryImageOfPage\":{\"@id\":\"https:\\\/\\\/msc-werlte.de\\\/index.php\\\/adac-weser-ems-bahnsport-nachwuchs-cup-8-3-2025\\\/#primaryimage\"},\"image\":{\"@id\":\"https:\\\/\\\/msc-werlte.de\\\/index.php\\\/adac-weser-ems-bahnsport-nachwuchs-cup-8-3-2025\\\/#primaryimage\"},\"thumbnailUrl\":\"https:\\\/\\\/msc-werlte.de\\\/wp-content\\\/uploads\\\/2025\\\/02\\\/adac-cup-Werlte_Plakat_2025_A3-3-1-pdf.jpg\",\"datePublished\":\"2025-02-05T16:28:51+00:00\",\"dateModified\":\"2025-02-24T18:16:53+00:00\",\"breadcrumb\":{\"@id\":\"https:\\\/\\\/msc-werlte.de\\\/index.php\\\/adac-weser-ems-bahnsport-nachwuchs-cup-8-3-2025\\\/#breadcrumb\"},\"inLanguage\":\"de\",\"potentialAction\":[{\"@type\":\"ReadAction\",\"target\":[\"https:\\\/\\\/msc-werlte.de\\\/index.php\\\/adac-weser-ems-bahnsport-nachwuchs-cup-8-3-2025\\\/\"]}]},{\"@type\":\"ImageObject\",\"inLanguage\":\"de\",\"@id\":\"https:\\\/\\\/msc-werlte.de\\\/index.php\\\/adac-weser-ems-bahnsport-nachwuchs-cup-8-3-2025\\\/#primaryimage\",\"url\":\"https:\\\/\\\/msc-werlte.de\\\/wp-content\\\/uploads\\\/2025\\\/02\\\/adac-cup-Werlte_Plakat_2025_A3-3-1-pdf.jpg\",\"contentUrl\":\"https:\\\/\\\/msc-werlte.de\\\/wp-content\\\/uploads\\\/2025\\\/02\\\/adac-cup-Werlte_Plakat_2025_A3-3-1-pdf.jpg\"},{\"@type\":\"BreadcrumbList\",\"@id\":\"https:\\\/\\\/msc-werlte.de\\\/index.php\\\/adac-weser-ems-bahnsport-nachwuchs-cup-8-3-2025\\\/#breadcrumb\",\"itemListElement\":[{\"@type\":\"ListItem\",\"position\":1,\"name\":\"Startseite\",\"item\":\"https:\\\/\\\/msc-werlte.de\\\/\"},{\"@type\":\"ListItem\",\"position\":2,\"name\":\"ADAC Weser Ems Bahnsport Nachwuchs Cup, 8.3.2025\"}]},{\"@type\":\"WebSite\",\"@id\":\"https:\\\/\\\/msc-werlte.de\\\/#website\",\"url\":\"https:\\\/\\\/msc-werlte.de\\\/\",\"name\":\"MSC H\u00fcmmling Werlte\",\"description\":\"\",\"publisher\":{\"@id\":\"https:\\\/\\\/msc-werlte.de\\\/#organization\"},\"potentialAction\":[{\"@type\":\"SearchAction\",\"target\":{\"@type\":\"EntryPoint\",\"urlTemplate\":\"https:\\\/\\\/msc-werlte.de\\\/?s={search_term_string}\"},\"query-input\":{\"@type\":\"PropertyValueSpecification\",\"valueRequired\":true,\"valueName\":\"search_term_string\"}}],\"inLanguage\":\"de\"},{\"@type\":\"Organization\",\"@id\":\"https:\\\/\\\/msc-werlte.de\\\/#organization\",\"name\":\"MSC H\u00fcmmling Werlte\",\"url\":\"https:\\\/\\\/msc-werlte.de\\\/\",\"logo\":{\"@type\":\"ImageObject\",\"inLanguage\":\"de\",\"@id\":\"https:\\\/\\\/msc-werlte.de\\\/#\\\/schema\\\/logo\\\/image\\\/\",\"url\":\"https:\\\/\\\/msc-werlte.de\\\/wp-content\\\/uploads\\\/2022\\\/10\\\/MSC-Werlte_329px_Final.png\",\"contentUrl\":\"https:\\\/\\\/msc-werlte.de\\\/wp-content\\\/uploads\\\/2022\\\/10\\\/MSC-Werlte_329px_Final.png\",\"width\":329,\"height\":329,\"caption\":\"MSC H\u00fcmmling Werlte\"},\"image\":{\"@id\":\"https:\\\/\\\/msc-werlte.de\\\/#\\\/schema\\\/logo\\\/image\\\/\"},\"sameAs\":[\"https:\\\/\\\/www.facebook.com\\\/MscHummlingWerlteEvImAdac\"]},{\"@type\":\"Person\",\"@id\":\"https:\\\/\\\/msc-werlte.de\\\/#\\\/schema\\\/person\\\/2ca3dce1bd60dd976921168be8f7fd27\",\"name\":\"Redaktion\",\"image\":{\"@type\":\"ImageObject\",\"inLanguage\":\"de\",\"@id\":\"https:\\\/\\\/secure.gravatar.com\\\/avatar\\\/f453567527ece4e31e66e3a5fdbfef099714fb17581b77051f95588feb6f55ab?s=96&d=mm&r=g\",\"url\":\"https:\\\/\\\/secure.gravatar.com\\\/avatar\\\/f453567527ece4e31e66e3a5fdbfef099714fb17581b77051f95588feb6f55ab?s=96&d=mm&r=g\",\"contentUrl\":\"https:\\\/\\\/secure.gravatar.com\\\/avatar\\\/f453567527ece4e31e66e3a5fdbfef099714fb17581b77051f95588feb6f55ab?s=96&d=mm&r=g\",\"caption\":\"Redaktion\"},\"url\":\"https:\\\/\\\/msc-werlte.de\\\/index.php\\\/author\\\/readaktion\\\/\"}]}<\/script>\n<!-- \/ Yoast SEO plugin. -->","yoast_head_json":{"title":"ADAC Weser Ems Bahnsport Nachwuchs Cup, 8.3.2025 - MSC H\u00fcmmling Werlte","robots":{"index":"index","follow":"follow","max-snippet":"max-snippet:-1","max-image-preview":"max-image-preview:large","max-video-preview":"max-video-preview:-1"},"canonical":"https:\/\/msc-werlte.de\/index.php\/adac-weser-ems-bahnsport-nachwuchs-cup-8-3-2025\/","og_locale":"de_DE","og_type":"article","og_title":"ADAC Weser Ems Bahnsport Nachwuchs Cup, 8.3.2025 - MSC H\u00fcmmling Werlte","og_description":"Saisonauftakt im Bahnsport: Nachwuchsrennen beim MSC Werlte am 8. M\u00e4rz 2025 &nbsp; In vier Wochen beginnt die neue Rennsaison \u00a0und der Startschuss f\u00e4llt mit einem echten Highlight f\u00fcr den Nachwuchs. Am 8. M\u00e4rz l\u00e4dt der MSC Werlte Fahrer und Fans auf seine Speedwaybahn zu einem spannenden Renntag, bei dem junge Talente ihr K\u00f6nnen unter Beweis stellen, ein. In den Juniorklassen [&hellip;]","og_url":"https:\/\/msc-werlte.de\/index.php\/adac-weser-ems-bahnsport-nachwuchs-cup-8-3-2025\/","og_site_name":"MSC H\u00fcmmling Werlte","article_publisher":"https:\/\/www.facebook.com\/MscHummlingWerlteEvImAdac","article_published_time":"2025-02-05T16:28:51+00:00","article_modified_time":"2025-02-24T18:16:53+00:00","author":"Redaktion","twitter_card":"summary_large_image","twitter_misc":{"Verfasst von":"Redaktion","Gesch\u00e4tzte Lesezeit":"2\u00a0Minuten"},"schema":{"@context":"https:\/\/schema.org","@graph":[{"@type":"Article","@id":"https:\/\/msc-werlte.de\/index.php\/adac-weser-ems-bahnsport-nachwuchs-cup-8-3-2025\/#article","isPartOf":{"@id":"https:\/\/msc-werlte.de\/index.php\/adac-weser-ems-bahnsport-nachwuchs-cup-8-3-2025\/"},"author":{"name":"Redaktion","@id":"https:\/\/msc-werlte.de\/#\/schema\/person\/2ca3dce1bd60dd976921168be8f7fd27"},"headline":"ADAC Weser Ems Bahnsport Nachwuchs Cup, 8.3.2025","datePublished":"2025-02-05T16:28:51+00:00","dateModified":"2025-02-24T18:16:53+00:00","mainEntityOfPage":{"@id":"https:\/\/msc-werlte.de\/index.php\/adac-weser-ems-bahnsport-nachwuchs-cup-8-3-2025\/"},"wordCount":215,"publisher":{"@id":"https:\/\/msc-werlte.de\/#organization"},"image":{"@id":"https:\/\/msc-werlte.de\/index.php\/adac-weser-ems-bahnsport-nachwuchs-cup-8-3-2025\/#primaryimage"},"thumbnailUrl":"https:\/\/msc-werlte.de\/wp-content\/uploads\/2025\/02\/adac-cup-Werlte_Plakat_2025_A3-3-1-pdf.jpg","inLanguage":"de"},{"@type":"WebPage","@id":"https:\/\/msc-werlte.de\/index.php\/adac-weser-ems-bahnsport-nachwuchs-cup-8-3-2025\/","url":"https:\/\/msc-werlte.de\/index.php\/adac-weser-ems-bahnsport-nachwuchs-cup-8-3-2025\/","name":"ADAC Weser Ems Bahnsport Nachwuchs Cup, 8.3.2025 - MSC H\u00fcmmling Werlte","isPartOf":{"@id":"https:\/\/msc-werlte.de\/#website"},"primaryImageOfPage":{"@id":"https:\/\/msc-werlte.de\/index.php\/adac-weser-ems-bahnsport-nachwuchs-cup-8-3-2025\/#primaryimage"},"image":{"@id":"https:\/\/msc-werlte.de\/index.php\/adac-weser-ems-bahnsport-nachwuchs-cup-8-3-2025\/#primaryimage"},"thumbnailUrl":"https:\/\/msc-werlte.de\/wp-content\/uploads\/2025\/02\/adac-cup-Werlte_Plakat_2025_A3-3-1-pdf.jpg","datePublished":"2025-02-05T16:28:51+00:00","dateModified":"2025-02-24T18:16:53+00:00","breadcrumb":{"@id":"https:\/\/msc-werlte.de\/index.php\/adac-weser-ems-bahnsport-nachwuchs-cup-8-3-2025\/#breadcrumb"},"inLanguage":"de","potentialAction":[{"@type":"ReadAction","target":["https:\/\/msc-werlte.de\/index.php\/adac-weser-ems-bahnsport-nachwuchs-cup-8-3-2025\/"]}]},{"@type":"ImageObject","inLanguage":"de","@id":"https:\/\/msc-werlte.de\/index.php\/adac-weser-ems-bahnsport-nachwuchs-cup-8-3-2025\/#primaryimage","url":"https:\/\/msc-werlte.de\/wp-content\/uploads\/2025\/02\/adac-cup-Werlte_Plakat_2025_A3-3-1-pdf.jpg","contentUrl":"https:\/\/msc-werlte.de\/wp-content\/uploads\/2025\/02\/adac-cup-Werlte_Plakat_2025_A3-3-1-pdf.jpg"},{"@type":"BreadcrumbList","@id":"https:\/\/msc-werlte.de\/index.php\/adac-weser-ems-bahnsport-nachwuchs-cup-8-3-2025\/#breadcrumb","itemListElement":[{"@type":"ListItem","position":1,"name":"Startseite","item":"https:\/\/msc-werlte.de\/"},{"@type":"ListItem","position":2,"name":"ADAC Weser Ems Bahnsport Nachwuchs Cup, 8.3.2025"}]},{"@type":"WebSite","@id":"https:\/\/msc-werlte.de\/#website","url":"https:\/\/msc-werlte.de\/","name":"MSC H\u00fcmmling Werlte","description":"","publisher":{"@id":"https:\/\/msc-werlte.de\/#organization"},"potentialAction":[{"@type":"SearchAction","target":{"@type":"EntryPoint","urlTemplate":"https:\/\/msc-werlte.de\/?s={search_term_string}"},"query-input":{"@type":"PropertyValueSpecification","valueRequired":true,"valueName":"search_term_string"}}],"inLanguage":"de"},{"@type":"Organization","@id":"https:\/\/msc-werlte.de\/#organization","name":"MSC H\u00fcmmling Werlte","url":"https:\/\/msc-werlte.de\/","logo":{"@type":"ImageObject","inLanguage":"de","@id":"https:\/\/msc-werlte.de\/#\/schema\/logo\/image\/","url":"https:\/\/msc-werlte.de\/wp-content\/uploads\/2022\/10\/MSC-Werlte_329px_Final.png","contentUrl":"https:\/\/msc-werlte.de\/wp-content\/uploads\/2022\/10\/MSC-Werlte_329px_Final.png","width":329,"height":329,"caption":"MSC H\u00fcmmling Werlte"},"image":{"@id":"https:\/\/msc-werlte.de\/#\/schema\/logo\/image\/"},"sameAs":["https:\/\/www.facebook.com\/MscHummlingWerlteEvImAdac"]},{"@type":"Person","@id":"https:\/\/msc-werlte.de\/#\/schema\/person\/2ca3dce1bd60dd976921168be8f7fd27","name":"Redaktion","image":{"@type":"ImageObject","inLanguage":"de","@id":"https:\/\/secure.gravatar.com\/avatar\/f453567527ece4e31e66e3a5fdbfef099714fb17581b77051f95588feb6f55ab?s=96&d=mm&r=g","url":"https:\/\/secure.gravatar.com\/avatar\/f453567527ece4e31e66e3a5fdbfef099714fb17581b77051f95588feb6f55ab?s=96&d=mm&r=g","contentUrl":"https:\/\/secure.gravatar.com\/avatar\/f453567527ece4e31e66e3a5fdbfef099714fb17581b77051f95588feb6f55ab?s=96&d=mm&r=g","caption":"Redaktion"},"url":"https:\/\/msc-werlte.de\/index.php\/author\/readaktion\/"}]}},"_links":{"self":[{"href":"https:\/\/msc-werlte.de\/index.php\/wp-json\/wp\/v2\/posts\/1055","targetHints":{"allow":["GET"]}}],"collection":[{"href":"https:\/\/msc-werlte.de\/index.php\/wp-json\/wp\/v2\/posts"}],"about":[{"href":"https:\/\/msc-werlte.de\/index.php\/wp-json\/wp\/v2\/types\/post"}],"author":[{"embeddable":true,"href":"https:\/\/msc-werlte.de\/index.php\/wp-json\/wp\/v2\/users\/2"}],"replies":[{"embeddable":true,"href":"https:\/\/msc-werlte.de\/index.php\/wp-json\/wp\/v2\/comments?post=1055"}],"version-history":[{"count":4,"href":"https:\/\/msc-werlte.de\/index.php\/wp-json\/wp\/v2\/posts\/1055\/revisions"}],"predecessor-version":[{"id":1096,"href":"https:\/\/msc-werlte.de\/index.php\/wp-json\/wp\/v2\/posts\/1055\/revisions\/1096"}],"wp:featuredmedia":[{"embeddable":true,"href":"https:\/\/msc-werlte.de\/index.php\/wp-json\/wp\/v2\/media\/1056"}],"wp:attachment":[{"href":"https:\/\/msc-werlte.de\/index.php\/wp-json\/wp\/v2\/media?parent=1055"}],"wp:term":[{"taxonomy":"category","embeddable":true,"href":"https:\/\/msc-werlte.de\/index.php\/wp-json\/wp\/v2\/categories?post=1055"},{"taxonomy":"post_tag","embeddable":true,"href":"https:\/\/msc-werlte.de\/index.php\/wp-json\/wp\/v2\/tags?post=1055"}],"curies":[{"name":"wp","href":"https:\/\/api.w.org\/{rel}","templated":true}]}}