{"id":1009,"date":"2025-01-22T19:51:24","date_gmt":"2025-01-22T18:51:24","guid":{"rendered":"https:\/\/msc-werlte.de\/?p=1009"},"modified":"2025-01-22T21:25:34","modified_gmt":"2025-01-22T20:25:34","slug":"neujahrsempfang-bei-der-stadt-werlte","status":"publish","type":"post","link":"https:\/\/msc-werlte.de\/index.php\/neujahrsempfang-bei-der-stadt-werlte\/","title":{"rendered":"Neujahrsempfang bei der Stadt Werlte"},"content":{"rendered":"<p>MSC Werlte dankt der Stadt Werlte f\u00fcr einen gelungenen Neujahrsabend<\/p>\n<p>Der MSC Werlte bedankt sich herzlich f\u00fcr die Einladung zum Neujahrsempfang der Stadt Werlte. Der festliche Abend, der von viel Spa\u00df und Freude gepr\u00e4gt war, bot eine wunderbare Gelegenheit, das vergangene Jahr Revue passieren zu lassen und gemeinsam optimistisch in die Zukunft zu blicken.<\/p>\n<p>Die Veranstaltung wurde von B\u00fcrgermeister Thele und seinem Stellvertreter Kewe feierlich er\u00f6ffnet. Zu den Ehreng\u00e4sten des Abends z\u00e4hlten der Landtagsabgeordnete Hartmut Moorkamp, Landrat Marc-Andr\u00e9 Burgdorf sowie die Bundestagsabgeordnete Gitta Connemann. Gemeinsam mit allen Anwesenden sprachen sie die besten W\u00fcnsche f\u00fcr zuk\u00fcnftige Projekte, Vorhaben und Veranstaltungen aus.<\/p>\n<p>Der MSC Werlte blickt dankbar auf den geselligen Abend zur\u00fcck, der von Herzlichkeit und Zusammenhalt gepr\u00e4gt war, und bedankt sich ausdr\u00fccklich bei der Stadt Werlte f\u00fcr die Einladung und die gro\u00dfartige Organisation.<\/p>\n<p>An dieser Stelle w\u00fcnscht der MSC Werlte ebenso allen Vereinen ein erfolgreiches Jahr mit vielen, sch\u00f6nen und Erfolg gepr\u00e4gten Veranstaltungen.<\/p>\n<p>&nbsp;<\/p>\n<p><img loading=\"lazy\" decoding=\"async\" class=\"alignnone wp-image-1011 \" src=\"https:\/\/msc-werlte.de\/wp-content\/uploads\/2025\/01\/479020d4-738b-4328-9dee-f195b5c4e57b.jpg\" alt=\"\" width=\"231\" height=\"308\" srcset=\"https:\/\/msc-werlte.de\/wp-content\/uploads\/2025\/01\/479020d4-738b-4328-9dee-f195b5c4e57b.jpg 1536w, https:\/\/msc-werlte.de\/wp-content\/uploads\/2025\/01\/479020d4-738b-4328-9dee-f195b5c4e57b-225x300.jpg 225w, https:\/\/msc-werlte.de\/wp-content\/uploads\/2025\/01\/479020d4-738b-4328-9dee-f195b5c4e57b-768x1024.jpg 768w, https:\/\/msc-werlte.de\/wp-content\/uploads\/2025\/01\/479020d4-738b-4328-9dee-f195b5c4e57b-1152x1536.jpg 1152w\" sizes=\"auto, (max-width: 231px) 100vw, 231px\" \/> <img loading=\"lazy\" decoding=\"async\" class=\"alignnone wp-image-1012 \" src=\"https:\/\/msc-werlte.de\/wp-content\/uploads\/2025\/01\/e5a65ce2-e145-4d3c-a70d-9643a2709a64.jpg\" alt=\"\" width=\"233\" height=\"311\" srcset=\"https:\/\/msc-werlte.de\/wp-content\/uploads\/2025\/01\/e5a65ce2-e145-4d3c-a70d-9643a2709a64.jpg 1536w, https:\/\/msc-werlte.de\/wp-content\/uploads\/2025\/01\/e5a65ce2-e145-4d3c-a70d-9643a2709a64-225x300.jpg 225w, https:\/\/msc-werlte.de\/wp-content\/uploads\/2025\/01\/e5a65ce2-e145-4d3c-a70d-9643a2709a64-768x1024.jpg 768w, https:\/\/msc-werlte.de\/wp-content\/uploads\/2025\/01\/e5a65ce2-e145-4d3c-a70d-9643a2709a64-1152x1536.jpg 1152w\" sizes=\"auto, (max-width: 233px) 100vw, 233px\" \/><\/p>\n<p>Quelle Fotos: privat<\/p>\n<p>&nbsp;<\/p>\n<p>Ein weiterer Pressetext von der Stadt Werlte ist hier zu finden:<\/p>\n<p><a title=\"Pressetext Stadt Werlte- Neujahrsempfang\" href=\"https:\/\/www.sgwerlte.de\/portal\/meldungen\/neujahrsempfang-der-stadt-werlte-900000294-31740.html?rubrik=900000001\" target=\"_blank\" rel=\"noopener\">https:\/\/www.sgwerlte.de\/portal\/meldungen\/neujahrsempfang-der-stadt-werlte-900000294-31740.html?rubrik=900000001<\/a><\/p>\n<p>&nbsp;<\/p>\n<div class=\"shariff\" data-services=\"facebook\" data-url=\"https:\/\/msc-werlte.de\/index.php\/neujahrsempfang-bei-der-stadt-werlte\/\" data-timestamp=\"1737581134\" data-backendurl=\"https:\/\/msc-werlte.de\/wp-json\/shariff\/v1\/share_counts?\"><ul class=\"shariff-buttons theme-default orientation-horizontal buttonsize-medium\"><li class=\"shariff-button facebook shariff-nocustomcolor\" style=\"background-color:#4273c8\"><a href=\"https:\/\/www.facebook.com\/sharer\/sharer.php?u=https%3A%2F%2Fmsc-werlte.de%2Findex.php%2Fneujahrsempfang-bei-der-stadt-werlte%2F\" title=\"Bei Facebook teilen\" aria-label=\"Bei Facebook teilen\" role=\"button\" rel=\"nofollow\" class=\"shariff-link\" style=\"; background-color:#3b5998; color:#fff\" target=\"_blank\"><span class=\"shariff-icon\" style=\"\"><svg width=\"32px\" height=\"20px\" xmlns=\"http:\/\/www.w3.org\/2000\/svg\" viewBox=\"0 0 18 32\"><path fill=\"#3b5998\" d=\"M17.1 0.2v4.7h-2.8q-1.5 0-2.1 0.6t-0.5 1.9v3.4h5.2l-0.7 5.3h-4.5v13.6h-5.5v-13.6h-4.5v-5.3h4.5v-3.9q0-3.3 1.9-5.2t5-1.8q2.6 0 4.1 0.2z\"\/><\/svg><\/span><span class=\"shariff-text\">teilen<\/span>&nbsp;<span data-service=\"facebook\" style=\"color:#3b5998\" class=\"shariff-count shariff-hidezero\"><\/span>&nbsp;<\/a><\/li><\/ul><\/div>","protected":false},"excerpt":{"rendered":"<p>MSC Werlte dankt der Stadt Werlte f\u00fcr einen gelungenen Neujahrsabend Der MSC Werlte bedankt sich herzlich f\u00fcr die Einladung zum Neujahrsempfang der Stadt Werlte. Der festliche Abend, der von viel Spa\u00df und Freude gepr\u00e4gt war, bot eine wunderbare Gelegenheit, das vergangene Jahr Revue passieren zu lassen und gemeinsam optimistisch in die Zukunft zu blicken. Die Veranstaltung wurde von B\u00fcrgermeister Thele [&hellip;]<\/p>\n","protected":false},"author":2,"featured_media":0,"comment_status":"closed","ping_status":"open","sticky":false,"template":"","format":"standard","meta":{"footnotes":""},"categories":[1],"tags":[],"class_list":["post-1009","post","type-post","status-publish","format-standard","hentry","category-allgemein"],"yoast_head":"<!-- This site is optimized with the Yoast SEO plugin v27.5 - https:\/\/yoast.com\/product\/yoast-seo-wordpress\/ -->\n<title>Neujahrsempfang bei der Stadt Werlte - MSC H\u00fcmmling Werlte<\/title>\n<meta name=\"robots\" content=\"index, follow, max-snippet:-1, max-image-preview:large, max-video-preview:-1\" \/>\n<link rel=\"canonical\" href=\"https:\/\/msc-werlte.de\/index.php\/neujahrsempfang-bei-der-stadt-werlte\/\" \/>\n<meta property=\"og:locale\" content=\"de_DE\" \/>\n<meta property=\"og:type\" content=\"article\" \/>\n<meta property=\"og:title\" content=\"Neujahrsempfang bei der Stadt Werlte - MSC H\u00fcmmling Werlte\" \/>\n<meta property=\"og:description\" content=\"MSC Werlte dankt der Stadt Werlte f\u00fcr einen gelungenen Neujahrsabend Der MSC Werlte bedankt sich herzlich f\u00fcr die Einladung zum Neujahrsempfang der Stadt Werlte. Der festliche Abend, der von viel Spa\u00df und Freude gepr\u00e4gt war, bot eine wunderbare Gelegenheit, das vergangene Jahr Revue passieren zu lassen und gemeinsam optimistisch in die Zukunft zu blicken. Die Veranstaltung wurde von B\u00fcrgermeister Thele [&hellip;]\" \/>\n<meta property=\"og:url\" content=\"https:\/\/msc-werlte.de\/index.php\/neujahrsempfang-bei-der-stadt-werlte\/\" \/>\n<meta property=\"og:site_name\" content=\"MSC H\u00fcmmling Werlte\" \/>\n<meta property=\"article:publisher\" content=\"https:\/\/www.facebook.com\/MscHummlingWerlteEvImAdac\" \/>\n<meta property=\"article:published_time\" content=\"2025-01-22T18:51:24+00:00\" \/>\n<meta property=\"article:modified_time\" content=\"2025-01-22T20:25:34+00:00\" \/>\n<meta property=\"og:image\" content=\"https:\/\/msc-werlte.de\/wp-content\/uploads\/2025\/01\/479020d4-738b-4328-9dee-f195b5c4e57b.jpg\" \/>\n\t<meta property=\"og:image:width\" content=\"1536\" \/>\n\t<meta property=\"og:image:height\" content=\"2048\" \/>\n\t<meta property=\"og:image:type\" content=\"image\/jpeg\" \/>\n<meta name=\"author\" content=\"Redaktion\" \/>\n<meta name=\"twitter:card\" content=\"summary_large_image\" \/>\n<meta name=\"twitter:label1\" content=\"Verfasst von\" \/>\n\t<meta name=\"twitter:data1\" content=\"Redaktion\" \/>\n\t<meta name=\"twitter:label2\" content=\"Gesch\u00e4tzte Lesezeit\" \/>\n\t<meta name=\"twitter:data2\" content=\"2\u00a0Minuten\" \/>\n<script type=\"application\/ld+json\" class=\"yoast-schema-graph\">{\"@context\":\"https:\\\/\\\/schema.org\",\"@graph\":[{\"@type\":\"Article\",\"@id\":\"https:\\\/\\\/msc-werlte.de\\\/index.php\\\/neujahrsempfang-bei-der-stadt-werlte\\\/#article\",\"isPartOf\":{\"@id\":\"https:\\\/\\\/msc-werlte.de\\\/index.php\\\/neujahrsempfang-bei-der-stadt-werlte\\\/\"},\"author\":{\"name\":\"Redaktion\",\"@id\":\"https:\\\/\\\/msc-werlte.de\\\/#\\\/schema\\\/person\\\/2ca3dce1bd60dd976921168be8f7fd27\"},\"headline\":\"Neujahrsempfang bei der Stadt Werlte\",\"datePublished\":\"2025-01-22T18:51:24+00:00\",\"dateModified\":\"2025-01-22T20:25:34+00:00\",\"mainEntityOfPage\":{\"@id\":\"https:\\\/\\\/msc-werlte.de\\\/index.php\\\/neujahrsempfang-bei-der-stadt-werlte\\\/\"},\"wordCount\":202,\"publisher\":{\"@id\":\"https:\\\/\\\/msc-werlte.de\\\/#organization\"},\"image\":{\"@id\":\"https:\\\/\\\/msc-werlte.de\\\/index.php\\\/neujahrsempfang-bei-der-stadt-werlte\\\/#primaryimage\"},\"thumbnailUrl\":\"https:\\\/\\\/msc-werlte.de\\\/wp-content\\\/uploads\\\/2025\\\/01\\\/479020d4-738b-4328-9dee-f195b5c4e57b.jpg\",\"inLanguage\":\"de\"},{\"@type\":\"WebPage\",\"@id\":\"https:\\\/\\\/msc-werlte.de\\\/index.php\\\/neujahrsempfang-bei-der-stadt-werlte\\\/\",\"url\":\"https:\\\/\\\/msc-werlte.de\\\/index.php\\\/neujahrsempfang-bei-der-stadt-werlte\\\/\",\"name\":\"Neujahrsempfang bei der Stadt Werlte - MSC H\u00fcmmling Werlte\",\"isPartOf\":{\"@id\":\"https:\\\/\\\/msc-werlte.de\\\/#website\"},\"primaryImageOfPage\":{\"@id\":\"https:\\\/\\\/msc-werlte.de\\\/index.php\\\/neujahrsempfang-bei-der-stadt-werlte\\\/#primaryimage\"},\"image\":{\"@id\":\"https:\\\/\\\/msc-werlte.de\\\/index.php\\\/neujahrsempfang-bei-der-stadt-werlte\\\/#primaryimage\"},\"thumbnailUrl\":\"https:\\\/\\\/msc-werlte.de\\\/wp-content\\\/uploads\\\/2025\\\/01\\\/479020d4-738b-4328-9dee-f195b5c4e57b.jpg\",\"datePublished\":\"2025-01-22T18:51:24+00:00\",\"dateModified\":\"2025-01-22T20:25:34+00:00\",\"breadcrumb\":{\"@id\":\"https:\\\/\\\/msc-werlte.de\\\/index.php\\\/neujahrsempfang-bei-der-stadt-werlte\\\/#breadcrumb\"},\"inLanguage\":\"de\",\"potentialAction\":[{\"@type\":\"ReadAction\",\"target\":[\"https:\\\/\\\/msc-werlte.de\\\/index.php\\\/neujahrsempfang-bei-der-stadt-werlte\\\/\"]}]},{\"@type\":\"ImageObject\",\"inLanguage\":\"de\",\"@id\":\"https:\\\/\\\/msc-werlte.de\\\/index.php\\\/neujahrsempfang-bei-der-stadt-werlte\\\/#primaryimage\",\"url\":\"https:\\\/\\\/msc-werlte.de\\\/wp-content\\\/uploads\\\/2025\\\/01\\\/479020d4-738b-4328-9dee-f195b5c4e57b.jpg\",\"contentUrl\":\"https:\\\/\\\/msc-werlte.de\\\/wp-content\\\/uploads\\\/2025\\\/01\\\/479020d4-738b-4328-9dee-f195b5c4e57b.jpg\",\"width\":1536,\"height\":2048},{\"@type\":\"BreadcrumbList\",\"@id\":\"https:\\\/\\\/msc-werlte.de\\\/index.php\\\/neujahrsempfang-bei-der-stadt-werlte\\\/#breadcrumb\",\"itemListElement\":[{\"@type\":\"ListItem\",\"position\":1,\"name\":\"Startseite\",\"item\":\"https:\\\/\\\/msc-werlte.de\\\/\"},{\"@type\":\"ListItem\",\"position\":2,\"name\":\"Neujahrsempfang bei der Stadt Werlte\"}]},{\"@type\":\"WebSite\",\"@id\":\"https:\\\/\\\/msc-werlte.de\\\/#website\",\"url\":\"https:\\\/\\\/msc-werlte.de\\\/\",\"name\":\"MSC H\u00fcmmling Werlte\",\"description\":\"\",\"publisher\":{\"@id\":\"https:\\\/\\\/msc-werlte.de\\\/#organization\"},\"potentialAction\":[{\"@type\":\"SearchAction\",\"target\":{\"@type\":\"EntryPoint\",\"urlTemplate\":\"https:\\\/\\\/msc-werlte.de\\\/?s={search_term_string}\"},\"query-input\":{\"@type\":\"PropertyValueSpecification\",\"valueRequired\":true,\"valueName\":\"search_term_string\"}}],\"inLanguage\":\"de\"},{\"@type\":\"Organization\",\"@id\":\"https:\\\/\\\/msc-werlte.de\\\/#organization\",\"name\":\"MSC H\u00fcmmling Werlte\",\"url\":\"https:\\\/\\\/msc-werlte.de\\\/\",\"logo\":{\"@type\":\"ImageObject\",\"inLanguage\":\"de\",\"@id\":\"https:\\\/\\\/msc-werlte.de\\\/#\\\/schema\\\/logo\\\/image\\\/\",\"url\":\"https:\\\/\\\/msc-werlte.de\\\/wp-content\\\/uploads\\\/2022\\\/10\\\/MSC-Werlte_329px_Final.png\",\"contentUrl\":\"https:\\\/\\\/msc-werlte.de\\\/wp-content\\\/uploads\\\/2022\\\/10\\\/MSC-Werlte_329px_Final.png\",\"width\":329,\"height\":329,\"caption\":\"MSC H\u00fcmmling Werlte\"},\"image\":{\"@id\":\"https:\\\/\\\/msc-werlte.de\\\/#\\\/schema\\\/logo\\\/image\\\/\"},\"sameAs\":[\"https:\\\/\\\/www.facebook.com\\\/MscHummlingWerlteEvImAdac\"]},{\"@type\":\"Person\",\"@id\":\"https:\\\/\\\/msc-werlte.de\\\/#\\\/schema\\\/person\\\/2ca3dce1bd60dd976921168be8f7fd27\",\"name\":\"Redaktion\",\"image\":{\"@type\":\"ImageObject\",\"inLanguage\":\"de\",\"@id\":\"https:\\\/\\\/secure.gravatar.com\\\/avatar\\\/f453567527ece4e31e66e3a5fdbfef099714fb17581b77051f95588feb6f55ab?s=96&d=mm&r=g\",\"url\":\"https:\\\/\\\/secure.gravatar.com\\\/avatar\\\/f453567527ece4e31e66e3a5fdbfef099714fb17581b77051f95588feb6f55ab?s=96&d=mm&r=g\",\"contentUrl\":\"https:\\\/\\\/secure.gravatar.com\\\/avatar\\\/f453567527ece4e31e66e3a5fdbfef099714fb17581b77051f95588feb6f55ab?s=96&d=mm&r=g\",\"caption\":\"Redaktion\"},\"url\":\"https:\\\/\\\/msc-werlte.de\\\/index.php\\\/author\\\/readaktion\\\/\"}]}<\/script>\n<!-- \/ Yoast SEO plugin. -->","yoast_head_json":{"title":"Neujahrsempfang bei der Stadt Werlte - MSC H\u00fcmmling Werlte","robots":{"index":"index","follow":"follow","max-snippet":"max-snippet:-1","max-image-preview":"max-image-preview:large","max-video-preview":"max-video-preview:-1"},"canonical":"https:\/\/msc-werlte.de\/index.php\/neujahrsempfang-bei-der-stadt-werlte\/","og_locale":"de_DE","og_type":"article","og_title":"Neujahrsempfang bei der Stadt Werlte - MSC H\u00fcmmling Werlte","og_description":"MSC Werlte dankt der Stadt Werlte f\u00fcr einen gelungenen Neujahrsabend Der MSC Werlte bedankt sich herzlich f\u00fcr die Einladung zum Neujahrsempfang der Stadt Werlte. Der festliche Abend, der von viel Spa\u00df und Freude gepr\u00e4gt war, bot eine wunderbare Gelegenheit, das vergangene Jahr Revue passieren zu lassen und gemeinsam optimistisch in die Zukunft zu blicken. Die Veranstaltung wurde von B\u00fcrgermeister Thele [&hellip;]","og_url":"https:\/\/msc-werlte.de\/index.php\/neujahrsempfang-bei-der-stadt-werlte\/","og_site_name":"MSC H\u00fcmmling Werlte","article_publisher":"https:\/\/www.facebook.com\/MscHummlingWerlteEvImAdac","article_published_time":"2025-01-22T18:51:24+00:00","article_modified_time":"2025-01-22T20:25:34+00:00","og_image":[{"width":1536,"height":2048,"url":"https:\/\/msc-werlte.de\/wp-content\/uploads\/2025\/01\/479020d4-738b-4328-9dee-f195b5c4e57b.jpg","type":"image\/jpeg"}],"author":"Redaktion","twitter_card":"summary_large_image","twitter_misc":{"Verfasst von":"Redaktion","Gesch\u00e4tzte Lesezeit":"2\u00a0Minuten"},"schema":{"@context":"https:\/\/schema.org","@graph":[{"@type":"Article","@id":"https:\/\/msc-werlte.de\/index.php\/neujahrsempfang-bei-der-stadt-werlte\/#article","isPartOf":{"@id":"https:\/\/msc-werlte.de\/index.php\/neujahrsempfang-bei-der-stadt-werlte\/"},"author":{"name":"Redaktion","@id":"https:\/\/msc-werlte.de\/#\/schema\/person\/2ca3dce1bd60dd976921168be8f7fd27"},"headline":"Neujahrsempfang bei der Stadt Werlte","datePublished":"2025-01-22T18:51:24+00:00","dateModified":"2025-01-22T20:25:34+00:00","mainEntityOfPage":{"@id":"https:\/\/msc-werlte.de\/index.php\/neujahrsempfang-bei-der-stadt-werlte\/"},"wordCount":202,"publisher":{"@id":"https:\/\/msc-werlte.de\/#organization"},"image":{"@id":"https:\/\/msc-werlte.de\/index.php\/neujahrsempfang-bei-der-stadt-werlte\/#primaryimage"},"thumbnailUrl":"https:\/\/msc-werlte.de\/wp-content\/uploads\/2025\/01\/479020d4-738b-4328-9dee-f195b5c4e57b.jpg","inLanguage":"de"},{"@type":"WebPage","@id":"https:\/\/msc-werlte.de\/index.php\/neujahrsempfang-bei-der-stadt-werlte\/","url":"https:\/\/msc-werlte.de\/index.php\/neujahrsempfang-bei-der-stadt-werlte\/","name":"Neujahrsempfang bei der Stadt Werlte - MSC H\u00fcmmling Werlte","isPartOf":{"@id":"https:\/\/msc-werlte.de\/#website"},"primaryImageOfPage":{"@id":"https:\/\/msc-werlte.de\/index.php\/neujahrsempfang-bei-der-stadt-werlte\/#primaryimage"},"image":{"@id":"https:\/\/msc-werlte.de\/index.php\/neujahrsempfang-bei-der-stadt-werlte\/#primaryimage"},"thumbnailUrl":"https:\/\/msc-werlte.de\/wp-content\/uploads\/2025\/01\/479020d4-738b-4328-9dee-f195b5c4e57b.jpg","datePublished":"2025-01-22T18:51:24+00:00","dateModified":"2025-01-22T20:25:34+00:00","breadcrumb":{"@id":"https:\/\/msc-werlte.de\/index.php\/neujahrsempfang-bei-der-stadt-werlte\/#breadcrumb"},"inLanguage":"de","potentialAction":[{"@type":"ReadAction","target":["https:\/\/msc-werlte.de\/index.php\/neujahrsempfang-bei-der-stadt-werlte\/"]}]},{"@type":"ImageObject","inLanguage":"de","@id":"https:\/\/msc-werlte.de\/index.php\/neujahrsempfang-bei-der-stadt-werlte\/#primaryimage","url":"https:\/\/msc-werlte.de\/wp-content\/uploads\/2025\/01\/479020d4-738b-4328-9dee-f195b5c4e57b.jpg","contentUrl":"https:\/\/msc-werlte.de\/wp-content\/uploads\/2025\/01\/479020d4-738b-4328-9dee-f195b5c4e57b.jpg","width":1536,"height":2048},{"@type":"BreadcrumbList","@id":"https:\/\/msc-werlte.de\/index.php\/neujahrsempfang-bei-der-stadt-werlte\/#breadcrumb","itemListElement":[{"@type":"ListItem","position":1,"name":"Startseite","item":"https:\/\/msc-werlte.de\/"},{"@type":"ListItem","position":2,"name":"Neujahrsempfang bei der Stadt Werlte"}]},{"@type":"WebSite","@id":"https:\/\/msc-werlte.de\/#website","url":"https:\/\/msc-werlte.de\/","name":"MSC H\u00fcmmling Werlte","description":"","publisher":{"@id":"https:\/\/msc-werlte.de\/#organization"},"potentialAction":[{"@type":"SearchAction","target":{"@type":"EntryPoint","urlTemplate":"https:\/\/msc-werlte.de\/?s={search_term_string}"},"query-input":{"@type":"PropertyValueSpecification","valueRequired":true,"valueName":"search_term_string"}}],"inLanguage":"de"},{"@type":"Organization","@id":"https:\/\/msc-werlte.de\/#organization","name":"MSC H\u00fcmmling Werlte","url":"https:\/\/msc-werlte.de\/","logo":{"@type":"ImageObject","inLanguage":"de","@id":"https:\/\/msc-werlte.de\/#\/schema\/logo\/image\/","url":"https:\/\/msc-werlte.de\/wp-content\/uploads\/2022\/10\/MSC-Werlte_329px_Final.png","contentUrl":"https:\/\/msc-werlte.de\/wp-content\/uploads\/2022\/10\/MSC-Werlte_329px_Final.png","width":329,"height":329,"caption":"MSC H\u00fcmmling Werlte"},"image":{"@id":"https:\/\/msc-werlte.de\/#\/schema\/logo\/image\/"},"sameAs":["https:\/\/www.facebook.com\/MscHummlingWerlteEvImAdac"]},{"@type":"Person","@id":"https:\/\/msc-werlte.de\/#\/schema\/person\/2ca3dce1bd60dd976921168be8f7fd27","name":"Redaktion","image":{"@type":"ImageObject","inLanguage":"de","@id":"https:\/\/secure.gravatar.com\/avatar\/f453567527ece4e31e66e3a5fdbfef099714fb17581b77051f95588feb6f55ab?s=96&d=mm&r=g","url":"https:\/\/secure.gravatar.com\/avatar\/f453567527ece4e31e66e3a5fdbfef099714fb17581b77051f95588feb6f55ab?s=96&d=mm&r=g","contentUrl":"https:\/\/secure.gravatar.com\/avatar\/f453567527ece4e31e66e3a5fdbfef099714fb17581b77051f95588feb6f55ab?s=96&d=mm&r=g","caption":"Redaktion"},"url":"https:\/\/msc-werlte.de\/index.php\/author\/readaktion\/"}]}},"_links":{"self":[{"href":"https:\/\/msc-werlte.de\/index.php\/wp-json\/wp\/v2\/posts\/1009","targetHints":{"allow":["GET"]}}],"collection":[{"href":"https:\/\/msc-werlte.de\/index.php\/wp-json\/wp\/v2\/posts"}],"about":[{"href":"https:\/\/msc-werlte.de\/index.php\/wp-json\/wp\/v2\/types\/post"}],"author":[{"embeddable":true,"href":"https:\/\/msc-werlte.de\/index.php\/wp-json\/wp\/v2\/users\/2"}],"replies":[{"embeddable":true,"href":"https:\/\/msc-werlte.de\/index.php\/wp-json\/wp\/v2\/comments?post=1009"}],"version-history":[{"count":3,"href":"https:\/\/msc-werlte.de\/index.php\/wp-json\/wp\/v2\/posts\/1009\/revisions"}],"predecessor-version":[{"id":1023,"href":"https:\/\/msc-werlte.de\/index.php\/wp-json\/wp\/v2\/posts\/1009\/revisions\/1023"}],"wp:attachment":[{"href":"https:\/\/msc-werlte.de\/index.php\/wp-json\/wp\/v2\/media?parent=1009"}],"wp:term":[{"taxonomy":"category","embeddable":true,"href":"https:\/\/msc-werlte.de\/index.php\/wp-json\/wp\/v2\/categories?post=1009"},{"taxonomy":"post_tag","embeddable":true,"href":"https:\/\/msc-werlte.de\/index.php\/wp-json\/wp\/v2\/tags?post=1009"}],"curies":[{"name":"wp","href":"https:\/\/api.w.org\/{rel}","templated":true}]}}